{"id":7876,"date":"2022-12-02T14:32:39","date_gmt":"2022-12-02T17:32:39","guid":{"rendered":"https:\/\/revistaautobus.com.br\/?p=7876"},"modified":"2022-12-02T14:32:42","modified_gmt":"2022-12-02T17:32:42","slug":"na-transicao-todas-as-opcoes-sao-validas","status":"publish","type":"post","link":"https:\/\/revistaautobus.com.br\/?p=7876","title":{"rendered":"Na transi\u00e7\u00e3o, todas as op\u00e7\u00f5es s\u00e3o v\u00e1lidas"},"content":{"rendered":"\n<p>No momento em que a transi\u00e7\u00e3o energ\u00e9tica dos sistemas de transporte se faz necess\u00e1ria para a redu\u00e7\u00e3o das emiss\u00f5es poluentes, \u00e9 preciso avaliar e conhecer os variados modelos de combust\u00edveis apropriados para a movimenta\u00e7\u00e3o da frota de ve\u00edculos comerciais no Brasil.<\/p>\n\n\n\n<p>A revista AutoBus conversou com Mike Lu, bi\u00f3logo e administrador de empresas, e Ol\u00edmpio Alvares, engenheiro mec\u00e2nico e consultor em emiss\u00f5es atmosf\u00e9ricas de ve\u00edculos, transporte sustent\u00e1vel, tecnologias de controle de emiss\u00f5es, sobre as possibilidades que podem ser exploradas no segmento de transportes, principalmente o de passageiros, para se alcan\u00e7ar as metas mais limpas, por interm\u00e9dio de propulsores que possam ser abastecidos com biocombust\u00edveis. Desde o ano de 2012, Mike Lu est\u00e1 envolvido com biocombust\u00edveis, tendo lan\u00e7ado a Plataforma Brasileira de Bioquerosene e Renov\u00e1veis com UBRABIO, GOL, Boeing e ABEAR no dia da Avia\u00e7\u00e3o do RIO+20.<\/p>\n\n\n\n<p>J\u00e1 Ol\u00edmpio, \u00e9 coordenador da Comiss\u00e3o de Meio Ambiente da Associa\u00e7\u00e3o Nacional de Transportes P\u00fablicos \u2013 ANTP -, e membro do Comit\u00ea de Substitui\u00e7\u00e3o de Frota de \u00d4nibus Urbanos da Prefeitura de S\u00e3o Paulo \u2013 COMFROTA. Abaixo, ele d\u00e1 um grande panorama sobre todas as possibilidades relacionadas com o baixo impacto ao meio ambiente que pode ser proporcionado pelos \u00f4nibus urbanos.<\/p>\n\n\n\n<p><strong><em><mark style=\"background-color:rgba(0, 0, 0, 0)\" class=\"has-inline-color has-vivid-cyan-blue-color\">Revista AutoBus <\/mark><\/em><\/strong>&#8211; Hoje, principalmente no setor do transporte coletivo, a eletricidade \u00e9 muito defendida como solu\u00e7\u00e3o para os problemas da polui\u00e7\u00e3o, deixando de lado as alternativas dos combust\u00edveis renov\u00e1veis. Como o Sr. v\u00ea esse aspecto, acredita que s\u00f3 ela seja a solu\u00e7\u00e3o para a mitiga\u00e7\u00e3o dos efeitos negativos da polui\u00e7\u00e3o vinda do setor?<\/p>\n\n\n\n<p><strong><em><mark style=\"background-color:rgba(0, 0, 0, 0)\" class=\"has-inline-color has-vivid-cyan-blue-color\">Mike Lu<\/mark><\/em><\/strong> &#8211; A eletricidade certamente n\u00e3o \u00e9 a \u00fanica solu\u00e7\u00e3o para a mitiga\u00e7\u00e3o das emiss\u00f5es da frota de mobilidade urbana, pois nestes \u00faltimos anos chegaram ao mercado v\u00e1rias tecnologias inovadoras para produ\u00e7\u00e3o de hidrocarbonetos a partir de biomassa e res\u00edduos org\u00e2nicos. Tecnologias da HaldorTopsoe (projeto para BioQav no Amazonas), Lanzatech (ATJ), TCR (Fraunhofer) FT (INERATEC), entre outros j\u00e1, comprovadamente, s\u00e3o consolidadas que podem e deveriam ser aplicadas na transi\u00e7\u00e3o do diesel f\u00f3ssil para o HVO ou diesel verde no Brasil, enquanto se adequa a infraestrutura para a produ\u00e7\u00e3o de H2 (hidrog\u00eanio), o vetor energ\u00e9tico do futuro, previsto no Programa Combust\u00edvel do Futuro do MME.<\/p>\n\n\n\n<p>As inconst\u00e2ncias clim\u00e1ticas recentes t\u00eam provocado a bandeira vermelha na tarifa\u00e7\u00e3o da conta de energia, demonstrando a fragilidade do sistema, especialmente, em se havendo a recupera\u00e7\u00e3o da economia, o que demandaria capacidade adicional de energia, com consequ\u00eancias para a disponibilidade de frotas de mobilidade urbana. Naturalmente, se o sistema tiver produ\u00e7\u00e3o de energia pr\u00f3pria para eletrifica\u00e7\u00e3o total do sistema, este risco de desabastecimento poderia ser evitado. Resta confrontar o custo do \u00f4nibus el\u00e9trico versus o \u00f4nibus movido \u00e0 diesel verde, produzido a partir de res\u00edduos para o benef\u00edcio do meio ambiente em uma vis\u00e3o mais hol\u00edstica da real contribui\u00e7\u00e3o ao meio ambiente de toda a cadeia.<\/p>\n\n\n\n<p><strong><em><mark style=\"background-color:rgba(0, 0, 0, 0)\" class=\"has-inline-color has-vivid-cyan-blue-color\">Ol\u00edmpio Alvares<\/mark><\/em><\/strong> \u2013 Existem, atualmente, v\u00e1rias rotas tecnol\u00f3gicas consolidadas e maduras de redu\u00e7\u00e3o de emiss\u00e3o de poluentes no setor dos \u00f4nibus urbanos; inclusive, algumas delas est\u00e1 em plena opera\u00e7\u00e3o em diversos pa\u00edses h\u00e1 muito mais tempo do que os el\u00e9tricos.<\/p>\n\n\n\n<p>\u00c9 o caso dos \u00f4nibus movidos a g\u00e1s natural que podem operar com biometano renov\u00e1vel, cujas emiss\u00f5es de carbono f\u00f3ssil do ciclo de vida podem ser menores do que os \u00f4nibus el\u00e9tricos, trazendo ainda outras vantagens para a sustentabilidade relacionadas com a economia circular (\u00e9 o caso, por exemplo, do uso do biometano produzido em esta\u00e7\u00f5es de tratamento de esgoto); e os \u00f4nibus a g\u00e1s&nbsp; tem tamb\u00e9m emiss\u00f5es de poluentes t\u00f3xicos, como o Material Particulado \u2013 MP &#8211; e \u00d3xidos de Nitrog\u00eanio \u2013 Nox -, muito reduzidas, o que n\u00e3o representam amea\u00e7a incremental \u00e0 sa\u00fade p\u00fablica, mesmo em grandes cidades congestionadas.<\/p>\n\n\n\n<p>Por sua vez, os \u00f4nibus h\u00edbridos, equipados com motores de combust\u00e3o associados a uma bateria e um motor el\u00e9trico, tamb\u00e9m operam em muitas cidades do mundo h\u00e1 mais de 20 anos com pleno sucesso, trazendo redu\u00e7\u00f5es de cerca de 35% nas emiss\u00f5es de carbono f\u00f3ssil e expressivas redu\u00e7\u00f5es nas emiss\u00f5es de MP e NOx. No caso dos h\u00edbridos, o motor a combust\u00e3o pode operar alternativamente em base 100% renov\u00e1vel, com biodiesel e\/ou diesel verde renov\u00e1vel.<\/p>\n\n\n\n<p>H\u00e1 ainda diversos projetos-piloto de opera\u00e7\u00e3o de \u00f4nibus movidos a c\u00e9lulas de hidrog\u00eanio, que ainda tem um custo total operacional maior que as demais alternativas, mas que pode ser competitivo com as outras alternativas no m\u00e9dio-longo prazo.&nbsp;&nbsp;<\/p>\n\n\n\n<p>Lembre-se, que n\u00e3o se deve descartar a possibilidade de uso do diesel verde renov\u00e1vel associado ao biodiesel para o acionamento de motores a combust\u00e3o diesel de \u00faltima gera\u00e7\u00e3o Euro 6. Essa j\u00e1 se tornou uma alternativa em alguns pa\u00edses desenvolvidos e poder\u00e1 tamb\u00e9m surgir nos pr\u00f3ximos anos como uma alternativa no Brasil &#8211; a Meca dos Biocombust\u00edveis.<\/p>\n\n\n\n<p><strong><em><mark style=\"background-color:rgba(0, 0, 0, 0)\" class=\"has-inline-color has-vivid-cyan-blue-color\">AutoBus<\/mark><\/em><\/strong> &#8211; Acredita que os biocombust\u00edveis podem atuar, perfeitamente, como agentes na quest\u00e3o da redu\u00e7\u00e3o das emiss\u00f5es poluentes do transporte coletivo urbano?<\/p>\n\n\n\n<p><strong><em><mark style=\"background-color:rgba(0, 0, 0, 0)\" class=\"has-inline-color has-vivid-cyan-blue-color\">Mike<\/mark><\/em><\/strong> &#8211; Os biocombust\u00edveis foram pesquisados e v\u00eam sendo desenvolvidos especificamente para a redu\u00e7\u00e3o das emiss\u00f5es dos motores de combust\u00e3o interna. Portanto, agora em sua maturidade t\u00e9cnica, eles ser\u00e3o muito \u00fateis para reduzirem as emiss\u00f5es de todos os modais de transporte, em especial da mobilidade urbana, em substitui\u00e7\u00e3o ao diesel f\u00f3ssil, <em>drop-in<\/em>, isto \u00e9, sem a necessidade de qualquer modifica\u00e7\u00e3o no motor, pelo tamanho da frota de mobilidade urbana nas principais capitais e nas suas caracter\u00edsticas de transfer\u00eancia dos ve\u00edculos para o mercado secund\u00e1rio.\u00a0<\/p>\n\n\n\n<p><strong><em><mark style=\"background-color:rgba(0, 0, 0, 0)\" class=\"has-inline-color has-vivid-cyan-blue-color\">Ol\u00edmpio<\/mark><\/em><\/strong> &#8211; Sim, claro, assim como no caso dos autom\u00f3veis, os biocombust\u00edveis l\u00edquidos e gasosos renov\u00e1veis (neutros em termos de aumento das concentra\u00e7\u00f5es atmosf\u00e9ricas de CO2) tem potencial de redu\u00e7\u00e3o da carga carb\u00f4nica f\u00f3ssil na atmosfera do planeta, podem ser utilizados em motores avan\u00e7ados com baix\u00edssimas emiss\u00f5es de MP e NOx, e devem ser aplicados nos \u00f4nibus urbanos sempre que for conveniente \u00e0 opera\u00e7\u00e3o.<\/p>\n\n\n\n<p><strong><em><mark style=\"background-color:rgba(0, 0, 0, 0)\" class=\"has-inline-color has-vivid-cyan-blue-color\">AutoBus<\/mark><\/em><\/strong> &#8211; Que tipos de combust\u00edveis renov\u00e1veis podem ser aproveitados e explorados no Brasil?<\/p>\n\n\n\n<p><strong><em><mark style=\"background-color:rgba(0, 0, 0, 0)\" class=\"has-inline-color has-vivid-cyan-blue-color\">Mike<\/mark><\/em><\/strong> &#8211; Todas as rotas de produ\u00e7\u00e3o de hidrocarbonetos sint\u00e9ticos podem ser aproveitadas para a neutraliza\u00e7\u00e3o das emiss\u00f5es do segmento de transportes. N\u00e3o existe uma \u00fanica solu\u00e7\u00e3o para o problema, mas sim uma gama variada de solu\u00e7\u00f5es adequadas \u00e0 realidade de cada ecossistema. Com a montanha de lixo de S\u00e3o Paulo, faria muito sentido um processo de pir\u00f3lise para a rota HDO &#8211; hidrodesoxigena\u00e7\u00e3o e H2 \u2013 hidrog\u00eanio verde, e\/ou FT Fischer-Tropsch, que resolveria tamb\u00e9m o problema do RSU \u2013 Res\u00edduos S\u00f3lidos Urbanos &#8211; da regi\u00e3o metropolitana, al\u00e9m da solu\u00e7\u00e3o do lodo de esgotamento sanit\u00e1rio da SABESP em uma solu\u00e7\u00e3o altamente integrada de tecnologias inovadoras.<\/p>\n\n\n\n<p><strong><em><mark style=\"background-color:rgba(0, 0, 0, 0)\" class=\"has-inline-color has-vivid-cyan-blue-color\">Ol\u00edmpio<\/mark><\/em><\/strong> &#8211; O biometano pode ser usado em motores do ciclo Otto dedicados \u00e0 queima de g\u00e1s, o biodiesel &#8211; que tem algumas restri\u00e7\u00f5es t\u00e9cnicas &#8211; com teor m\u00e1ximo a ser especificado pelos fabricantes de motores, e o Diesel Verde (HVO \u2013 <em>Hydrotreated Vegetable Oil<\/em>) puro ou em qualquer propor\u00e7\u00e3o em motores diesel. O H2 produzido por eletr\u00f3lise, ou a partir do etanol ou biometano, tamb\u00e9m pode surgir no Brasil como alternativa no futuro.<\/p>\n\n\n\n<p><strong><em><mark style=\"background-color:rgba(0, 0, 0, 0)\" class=\"has-inline-color has-vivid-cyan-blue-color\">AutoBus<\/mark><\/em><\/strong> &#8211; Vemos que o biometano \u00e9 uma excelente oportunidade de pegada de carbono e que apresenta resultado bem interessante na redu\u00e7\u00e3o da polui\u00e7\u00e3o? Ele \u00e9 o caminho? Como pode ser melhor utilizado no transporte coletivo?<\/p>\n\n\n\n<p><strong><em><mark style=\"background-color:rgba(0, 0, 0, 0)\" class=\"has-inline-color has-vivid-cyan-blue-color\">Mike<\/mark><\/em><\/strong> &#8211; Ser\u00e1 sem d\u00favida mais uma das rotas poss\u00edveis. A Scania j\u00e1 tem a solu\u00e7\u00e3o do biometano para caminh\u00f5es pesados. A partir desta experi\u00eancia para aplica\u00e7\u00e3o no transporte coletivo ser\u00e1 meramente uma quest\u00e3o de engenharia.<\/p>\n\n\n\n<p><strong><em><mark style=\"background-color:rgba(0, 0, 0, 0)\" class=\"has-inline-color has-vivid-cyan-blue-color\">Ol\u00edmpio<\/mark><\/em><\/strong> &#8211; O biometano \u00e9 uma realidade em muitos pa\u00edses no setor do transporte coletivo urbano e deve ser aplicado tamb\u00e9m no Brasil. Entretanto, por haver justificada resist\u00eancia entre operadores por causa de danos grav\u00edssimos ao sistema decorrentes de pol\u00edticas p\u00fablicas equivocadas do transporte urbano na d\u00e9cada dos anos noventa, algumas quest\u00f5es ainda n\u00e3o muito exploradas devem ser esclarecidas pelos fabricantes de motores e especialistas em produ\u00e7\u00e3o do combust\u00edvel, tais como:<\/p>\n\n\n\n<p>&#8211; Os fabricantes de \u00f4nibus a g\u00e1s precisam assegurar aos operadores que a capacidade de transporte dos \u00f4nibus a g\u00e1s \u00e9 a mesma de um \u00f4nibus equivalente a diesel, pois caso seja inferior, isso poderia esvaziar o interesse pela alternativa do biometano. O mesmo vale para os \u00f4nibus el\u00e9tricos a bateria.&nbsp;<\/p>\n\n\n\n<p>&#8211; Os produtores do biometano devem garantir aos operadores um bom tratamento do g\u00e1s para a remo\u00e7\u00e3o de subst\u00e2ncias que dentro do motor podem danificar componentes como a turbina, v\u00e1lvulas de admiss\u00e3o e escape e pist\u00e3o.<\/p>\n\n\n\n<p>&#8211; O biometano poder\u00e1 exigir gasoduto da zona de produ\u00e7\u00e3o para as cidades e isso pode custar caro. O transporte por carreta tem seu custo, e isso pode eventualmente inviabilizar o biometano como alternativa para o transporte p\u00fablico. Essas quest\u00f5es devem ser plenamente esclarecidas.<\/p>\n\n\n\n<p>&#8211; O esquema e a regula\u00e7\u00e3o de gera\u00e7\u00e3o e certifica\u00e7\u00e3o de cr\u00e9ditos de opera\u00e7\u00e3o renov\u00e1vel com biometano injetado na rede de g\u00e1s natural via mecanismo de <em>swap<\/em> devem ser esmiu\u00e7ados e explicados \u00e0 exaust\u00e3o aos potenciais operadores. \u00c9 fundamental para quem opera sistemas de transporte com base no biometano, poder apresentar certificados de opera\u00e7\u00e3o renov\u00e1vel, inclusive, pensando na possibilidade de gerar cr\u00e9ditos de emiss\u00f5es evitadas de carbono f\u00f3ssil.<\/p>\n\n\n\n<p>&#8211; Os custos de infraestrutura dos sistemas de compress\u00e3o, armazenagem e abastecimento do g\u00e1s, e sua opera\u00e7\u00e3o e manuten\u00e7\u00e3o s\u00e3o uma caixa preta; ningu\u00e9m sabe na ponta do l\u00e1pis quanto custa, e isso ser\u00e1 um fator cr\u00edtico na tomada de decis\u00e3o dos operadores. \u00c9 preciso que haja clareza sobre esses custos, sobre a possibilidade de contrata\u00e7\u00e3o de terceiros para fazer esse servi\u00e7o, sobre a necessidade ou n\u00e3o de ter compressores em <em>stand-by<\/em> para garantia do abastecimento em situa\u00e7\u00e3o de falha do sistema principal etc.<\/p>\n\n\n\n<p>&#8211; Os fatores de emiss\u00e3o de CO2 no ciclo de vida dos diversos tipos de aplica\u00e7\u00e3o de \u00f4nibus a biometano, para cada tipo de rota de produ\u00e7\u00e3o do biometano, bem como os fatores de emiss\u00e3o de MP e de NOx devem ser extensivamente definidos. Conhecer esses fatores de emiss\u00e3o atualmente \u00e9 fundamental para a contabiliza\u00e7\u00e3o do impacto ambiental da opera\u00e7\u00e3o da frota.<\/p>\n\n\n\n<p><strong><em><mark style=\"background-color:rgba(0, 0, 0, 0)\" class=\"has-inline-color has-vivid-cyan-blue-color\">AutoBus<\/mark><\/em><\/strong> &#8211; O HVO \u00e9 o futuro dos combust\u00edveis renov\u00e1veis? Caso sim, por qu\u00ea? E se combinado com motores Euro VI, pode ser extremamente positivo para o segmento?<\/p>\n\n\n\n<p><strong><em><mark style=\"background-color:rgba(0, 0, 0, 0)\" class=\"has-inline-color has-vivid-cyan-blue-color\">Mike<\/mark><\/em><\/strong> &#8211; Para a enorme frota a diesel do Brasil, desde rodovi\u00e1rio de carga, frotas agr\u00edcolas, frotas de minera\u00e7\u00e3o, frotas de mobilidade urbana, e incluindo frotas a\u00e9reas, o HVO produzido pelas diversas rotas sustent\u00e1veis ser\u00e1 uma solu\u00e7\u00e3o inteligente e extremamente positiva para todos os segmentos, com foco especial na mobilidade urbana, com motores Euro VI.<\/p>\n\n\n\n<p><strong><em><mark style=\"background-color:rgba(0, 0, 0, 0)\" class=\"has-inline-color has-vivid-cyan-blue-color\">Ol\u00edmpio<\/mark><\/em><\/strong> &#8211; Como citado anteriormente, o Diesel Verde (HVO) j\u00e1 tem sido usado em v\u00e1rios pa\u00edses, mas precisa ganhar escala para barateamento do combust\u00edvel. J\u00e1 h\u00e1 iniciativas de produ\u00e7\u00e3o de HVO no Brasil e na Am\u00e9rica do Sul, e o HVO poder\u00e1 estar entre as alternativas do transporte p\u00fablico sustent\u00e1vel em futuro pr\u00f3ximo.<\/p>\n\n\n\n<p><strong><em><mark style=\"background-color:rgba(0, 0, 0, 0)\" class=\"has-inline-color has-vivid-cyan-blue-color\">AutoBus<\/mark><\/em><\/strong> &#8211; O que falta para o Brasil fomentar essa quest\u00e3o dos biocombust\u00edveis visando incutir nos sistemas de transporte essa op\u00e7\u00e3o e n\u00e3o apenas a eletricidade?<\/p>\n\n\n\n<p><strong><em><mark style=\"background-color:rgba(0, 0, 0, 0)\" class=\"has-inline-color has-vivid-cyan-blue-color\">Mike<\/mark><\/em><\/strong> &#8211; Mobilizar os diversos usu\u00e1rios de combust\u00edvel f\u00f3ssil em um cons\u00f3rcio de energia para acelerar a transi\u00e7\u00e3o energ\u00e9tica, aproveitando as oportunidades do Brasil como protagonista no esfor\u00e7o global de descarboniza\u00e7\u00e3o.<\/p>\n\n\n\n<p><strong><em><mark style=\"background-color:rgba(0, 0, 0, 0)\" class=\"has-inline-color has-vivid-cyan-blue-color\">Ol\u00edmpio<\/mark><\/em><\/strong> &#8211; Falta uma pol\u00edtica nacional dedicada ao transporte coletivo urbano de baixas emiss\u00f5es. A ANTP acaba de lan\u00e7ar uma proposta nesse sentido, a \u201cCarta ao Brasil\u201d que pode gerar muita sinergia e acelerar a implementa\u00e7\u00e3o de sistemas de \u00f4nibus sustent\u00e1veis em todo Pa\u00eds. Veja os princ\u00edpios dessa proposta neste link:<\/p>\n\n\n\n<p><a href=\"http:\/\/files.antp.org.br\/slideshow\/carta-ao-brasil--urgencia-de-uma-politica-nacional-sustentavel-de-baixa-emissoes.pdf\">http:\/\/files.antp.org.br\/slideshow\/carta-ao-brasil&#8211;urgencia-de-uma-politica-nacional-sustentavel-de-baixa-emissoes.pdf<\/a><\/p>\n\n\n\n<figure class=\"wp-block-image size-full\"><img loading=\"lazy\" decoding=\"async\" width=\"1000\" height=\"647\" src=\"https:\/\/revistaautobus.com.br\/wp-content\/uploads\/2022\/12\/Box-Olimpio-1.jpg\" alt=\"\" class=\"wp-image-7878\" srcset=\"https:\/\/revistaautobus.com.br\/wp-content\/uploads\/2022\/12\/Box-Olimpio-1.jpg 1000w, https:\/\/revistaautobus.com.br\/wp-content\/uploads\/2022\/12\/Box-Olimpio-1-300x194.jpg 300w, https:\/\/revistaautobus.com.br\/wp-content\/uploads\/2022\/12\/Box-Olimpio-1-768x497.jpg 768w\" sizes=\"(max-width: 1000px) 100vw, 1000px\" \/><\/figure>\n\n\n\n<p>A revista AutoBus tamb\u00e9m conversou, por e-mail, com Julio Cesar Minelli \u2013 diretor-superintendente da Associa\u00e7\u00e3o dos Produtores de Biocombust\u00edveis do Brasil (APROBIO), sobre esse relevante assunto que tanto afeta a sa\u00fade p\u00fablica e o meio ambiente, numa fase em que dever\u00edamos estar falando de mais op\u00e7\u00f5es na matriz energ\u00e9tica do transporte e n\u00e3o apenas de uma modalidade que se apresenta com \u00fanica solu\u00e7\u00e3o.<\/p>\n\n\n\n<p>Segundo o executivo, estimativas da associa\u00e7\u00e3o mostram que eletrificar 100% da frota de \u00f4nibus da cidade de S\u00e3o Paulo representaria um aumento do consumo de energia el\u00e9trica do munic\u00edpio, com uma carga similar a toda a cidade de S\u00e3o Jos\u00e9 dos Campos, cidade paulista.<\/p>\n\n\n\n<p><strong><em><mark style=\"background-color:rgba(0, 0, 0, 0)\" class=\"has-inline-color has-vivid-green-cyan-color\">Revista AutoBus<\/mark><\/em><\/strong> &#8211; Neste momento em que mais se discute a matriz energ\u00e9tica dos sistemas de transporte sobre pneus, principalmente os \u00f4nibus urbanos, h\u00e1 uma tend\u00eancia para os ve\u00edculos el\u00e9tricos. Contudo, sabemos que os biocombust\u00edveis podem ter um papel determinante quando se fala em redu\u00e7\u00e3o das emiss\u00f5es poluentes do segmento. Para a APROBIO, essa quest\u00e3o deve ser levada em considera\u00e7\u00e3o, com uma posi\u00e7\u00e3o de que n\u00e3o h\u00e1, apenas, uma solu\u00e7\u00e3o para se alcan\u00e7ar a meta do transporte mais limpo?<\/p>\n\n\n\n<p><strong><em><mark style=\"background-color:rgba(0, 0, 0, 0)\" class=\"has-inline-color has-vivid-green-cyan-color\">Julio Minell<\/mark><\/em><\/strong>i &#8211; A solu\u00e7\u00e3o para a transi\u00e7\u00e3o energ\u00e9tica, para uma matriz energ\u00e9tica mais limpa, passa necessariamente por uma combina\u00e7\u00e3o de rotas tecnol\u00f3gicas \u2013 n\u00e3o h\u00e1 uma solu\u00e7\u00e3o \u00fanica. Os ve\u00edculos el\u00e9tricos s\u00e3o rotulados como ecologicamente corretos, mas gerar a eletricidade necess\u00e1ria quase sempre envolve a queima de combust\u00edveis f\u00f3sseis. Al\u00e9m disso, a produ\u00e7\u00e3o de baterias para esses carros requer a extra\u00e7\u00e3o de recursos minerais, atividade reconhecida pelo impacto ao meio ambiente. Sua manufatura demanda muita energia e gera, invariavelmente, emiss\u00f5es significativas de CO2, e ainda \u00e9 preciso considerar o descarte ap\u00f3s sua vida \u00fatil.<\/p>\n\n\n\n<p>Estimativas da associa\u00e7\u00e3o mostram que eletrificar 100% da frota de \u00f4nibus da cidade de S\u00e3o Paulo representaria um aumento do consumo de energia el\u00e9trica do munic\u00edpio com uma carga similar a toda a cidade de S\u00e3o Jos\u00e9 dos Campos.<\/p>\n\n\n\n<p>Outro grande desafio \u00e9 o custo para transi\u00e7\u00e3o, ou seja, qual o investimento necess\u00e1rio para mudar a frota de ve\u00edculos e dispor de uma rede de abastecimento que garanta a mobilidade das pessoas. N\u00e3o desprez\u00edvel considerar que os ve\u00edculos el\u00e9tricos s\u00e3o normalmente mais pesados, tem um volume \u00fatil para passageiros menor, portanto ser\u00e3o necess\u00e1rios mais \u00f4nibus para transportar o mesmo n\u00famero de passageiros, que desgastar\u00e3o mais as pistas de rolamento, al\u00e9m de ser mais dif\u00edcil seu reaproveitamento em outros usos, uma vez que nem todas as regi\u00f5es estar\u00e3o adaptadas \u00e0 sua utiliza\u00e7\u00e3o.<\/p>\n\n\n\n<p>Considerando que o maior desafio do momento \u00e9 a gest\u00e3o das emiss\u00f5es do transporte p\u00fablico e de cargas nas grandes cidades, um dos maiores vil\u00f5es para o aquecimento global, os biocombust\u00edveis se posicionam com vantagens muito grandes, com resultado imediato para o processo de descarboniza\u00e7\u00e3o no transporte urbano e de carga.<\/p>\n\n\n\n<figure class=\"wp-block-image alignright size-large is-resized\"><img loading=\"lazy\" decoding=\"async\" src=\"https:\/\/revistaautobus.com.br\/wp-content\/uploads\/2022\/12\/ALTA_30_06_2021_Evento_APROBIO_10_ANOS_Foto_Breno_Esaki_Kardel_Live_Media-223-795x1024.jpg\" alt=\"\" class=\"wp-image-7880\" width=\"418\" height=\"538\" srcset=\"https:\/\/revistaautobus.com.br\/wp-content\/uploads\/2022\/12\/ALTA_30_06_2021_Evento_APROBIO_10_ANOS_Foto_Breno_Esaki_Kardel_Live_Media-223-795x1024.jpg 795w, https:\/\/revistaautobus.com.br\/wp-content\/uploads\/2022\/12\/ALTA_30_06_2021_Evento_APROBIO_10_ANOS_Foto_Breno_Esaki_Kardel_Live_Media-223-233x300.jpg 233w, https:\/\/revistaautobus.com.br\/wp-content\/uploads\/2022\/12\/ALTA_30_06_2021_Evento_APROBIO_10_ANOS_Foto_Breno_Esaki_Kardel_Live_Media-223-768x989.jpg 768w, https:\/\/revistaautobus.com.br\/wp-content\/uploads\/2022\/12\/ALTA_30_06_2021_Evento_APROBIO_10_ANOS_Foto_Breno_Esaki_Kardel_Live_Media-223-1080x1391.jpg 1080w, https:\/\/revistaautobus.com.br\/wp-content\/uploads\/2022\/12\/ALTA_30_06_2021_Evento_APROBIO_10_ANOS_Foto_Breno_Esaki_Kardel_Live_Media-223-400x516.jpg 400w, https:\/\/revistaautobus.com.br\/wp-content\/uploads\/2022\/12\/ALTA_30_06_2021_Evento_APROBIO_10_ANOS_Foto_Breno_Esaki_Kardel_Live_Media-223.jpg 1100w\" sizes=\"(max-width: 418px) 100vw, 418px\" \/><figcaption class=\"wp-element-caption\"><strong><em><mark style=\"background-color:rgba(0, 0, 0, 0)\" class=\"has-inline-color has-luminous-vivid-orange-color\">Julio Minelli<\/mark><\/em><\/strong><\/figcaption><\/figure>\n\n\n\n<p><strong><em><mark style=\"background-color:rgba(0, 0, 0, 0)\" class=\"has-inline-color has-vivid-green-cyan-color\">AutoBus<\/mark><\/em><\/strong> &#8211; Dentre os biocombust\u00edveis, quais s\u00e3o os que a entidade defende para serem usados em frotas urbanas de \u00f4nibus? E como est\u00e1 o desenvolvimento desses combust\u00edveis renov\u00e1veis em nosso Pa\u00eds?<\/p>\n\n\n\n<p><strong><em><mark style=\"background-color:rgba(0, 0, 0, 0)\" class=\"has-inline-color has-vivid-green-cyan-color\">Minelli<\/mark><\/em><\/strong> \u2013 Certamente, os biocombust\u00edveis para o ciclo diesel s\u00e3o os candidatos naturais. O biodiesel tem toda a infraestrutura de produ\u00e7\u00e3o preparada e hoje j\u00e1 h\u00e1 uma capacidade instalada e aprovada pela Ag\u00eancia Nacional do Petr\u00f3leo, G\u00e1s Natural e Biocombust\u00edveis (ANP) para atender uma mistura de 20% (B20). O uso do biodiesel puro (B100) tamb\u00e9m \u00e9 tecnicamente vi\u00e1vel, como j\u00e1 comprovou uma bela experi\u00eancia em Curitiba (PR) com o transporte p\u00fablico.<\/p>\n\n\n\n<p>O horizonte tamb\u00e9m est\u00e1 repleto de novas possibilidades para os biocombust\u00edveis de primeira e de segunda onda, movimentando a economia nacional, iniciando pelo agroneg\u00f3cio e evoluindo para a sua industrializa\u00e7\u00e3o. Os biocombust\u00edveis avan\u00e7ados englobam o diesel verde e o bioquerosene de avia\u00e7\u00e3o renov\u00e1vel, tamb\u00e9m conhecidos pelas siglas HVO (sigla em ingl\u00eas para <em>Hydrotreated Vegetable Oil<\/em>) e SAF (combust\u00edvel sustent\u00e1vel para avia\u00e7\u00e3o), respectivamente.<\/p>\n\n\n\n<p><strong><em><mark style=\"background-color:rgba(0, 0, 0, 0)\" class=\"has-inline-color has-vivid-green-cyan-color\">AutoBus<\/mark><\/em><\/strong> &#8211; Quais as vantagens dos biocombust\u00edveis?<\/p>\n\n\n\n<p><strong><em><mark style=\"background-color:rgba(0, 0, 0, 0)\" class=\"has-inline-color has-vivid-green-cyan-color\">Minelli<\/mark><\/em><\/strong> &#8211; O Brasil, assim como as principais economias do mundo, assumiu compromissos relevantes decorrentes do Acordo de Paris. Entre essas contribui\u00e7\u00f5es, est\u00e3o em aumentar o uso de fontes alternativas de energia, elevar a participa\u00e7\u00e3o de bioenergias sustent\u00e1veis na matriz energ\u00e9tica brasileira, promover o uso de tecnologias limpas nas ind\u00fastrias, reduzir o desmatamento e reflorestar 12 milh\u00f5es de hectares.<\/p>\n\n\n\n<p>O setor transporte \u00e9 um dos protagonistas dos graves problemas que a sociedade brasileira deve enfrentar para reduzir as emiss\u00f5es de g\u00e1s carb\u00f4nico na atmosfera. A polui\u00e7\u00e3o atmosf\u00e9rica provocada por um ve\u00edculo \u00e9 um problema que h\u00e1 d\u00e9cadas agrava as condi\u00e7\u00f5es de sa\u00fade de parcelas da popula\u00e7\u00e3o global, para o qual os biocombust\u00edveis representam uma sa\u00edda, at\u00e9 porque podem aproveitar de toda a infraestrutura j\u00e1 implantada.<\/p>\n\n\n\n<p>A matriz energ\u00e9tica brasileira nos transportes \u00e9 uma das mais limpas do mundo, com 25% do combust\u00edvel tendo origem em fontes renov\u00e1veis. E a meta do Governo Federal \u00e9 chegar a 2030 com 30%. O potencial para evoluir ainda mais com os biocombust\u00edveis \u00e9 enorme, garantindo uma transi\u00e7\u00e3o energ\u00e9tica r\u00e1pida e segura.<\/p>\n\n\n\n<p>Nosso Pa\u00eds tem condi\u00e7\u00f5es de aproveitar o seu enorme potencial de ampliar ainda mais a gera\u00e7\u00e3o de energia a partir da biomassa, incluindo aumentar a produ\u00e7\u00e3o de biocombust\u00edveis paralelamente \u00e0 produ\u00e7\u00e3o de alimentos.<\/p>\n\n\n\n<p>Os biocombust\u00edveis s\u00e3o produzidos a partir de biomassa renov\u00e1vel e podem substituir parcial ou totalmente combust\u00edveis derivados de petr\u00f3leo e g\u00e1s natural em motores a combust\u00e3o ou em outro tipo de gera\u00e7\u00e3o de energia.<\/p>\n\n\n\n<p>Em geral, usam como mat\u00e9ria-prima um ou mais tipos de produtos agr\u00edcolas como soja, cana-de-a\u00e7\u00facar e milho, entre outros, al\u00e9m de gorduras animais, \u00f3leo de fritura reciclado ou res\u00edduos da agricultura<\/p>\n\n\n\n<p>O biodiesel faz bem para a sa\u00fade e melhora a qualidade de vida de toda a popula\u00e7\u00e3o, al\u00e9m de garantir energia cada vez mais limpa, sustent\u00e1vel, competitiva e segura. Al\u00e9m de provocar menos emiss\u00f5es, a cadeia produtiva dos biocombust\u00edveis provou-se de extrema import\u00e2ncia para a gera\u00e7\u00e3o de renda e emprego no campo brasileiro, al\u00e9m de uma ind\u00fastria robusta.<\/p>\n\n\n\n<p><strong><em><mark style=\"background-color:rgba(0, 0, 0, 0)\" class=\"has-inline-color has-vivid-green-cyan-color\">AutoBus<\/mark><\/em><\/strong> &#8211; Qual a capacidade do Brasil em produzir tais modelos de combust\u00edveis?<\/p>\n\n\n\n<p><strong><em><mark style=\"background-color:rgba(0, 0, 0, 0)\" class=\"has-inline-color has-vivid-green-cyan-color\">Minelli<\/mark><\/em><\/strong> &#8211; O biodiesel j\u00e1 possui estrutura produtiva instalada capaz de atender a demanda de uma mistura de 20% (B20). Para aplica\u00e7\u00f5es espec\u00edficas, como frotas urbanas, poderia atender com at\u00e9 100%. Neste momento, avan\u00e7am novas regulamenta\u00e7\u00f5es no Brasil que v\u00e3o definir o avan\u00e7o do biodiesel.<\/p>\n\n\n\n<p>No caso dos biocombust\u00edveis avan\u00e7ados, como o diesel verde HVO &nbsp;e SAF, neste momento, \u00e9 urgente a defini\u00e7\u00e3o de marco regulat\u00f3rio no Brasil que garanta o investimento nesse tipo de biocombust\u00edvel, que assim poder\u00e1 cumprir seu papel no processo de transi\u00e7\u00e3o energ\u00e9tica.<\/p>\n\n\n\n<p><strong><em><mark style=\"background-color:rgba(0, 0, 0, 0)\" class=\"has-inline-color has-vivid-green-cyan-color\">AutoBus<\/mark><\/em><\/strong> &#8211; O HVO representa ser a melhor dentre as op\u00e7\u00f5es que o mercado pode ter?<\/p>\n\n\n\n<p><strong><em><mark style=\"background-color:rgba(0, 0, 0, 0)\" class=\"has-inline-color has-vivid-green-cyan-color\">Minelli <\/mark><\/em><\/strong>&#8211; O diesel verde HVO \u00e9 um importante representante dessa nova gera\u00e7\u00e3o de biocombust\u00edveis, capaz de substituir integralmente o diesel f\u00f3ssil, porque \u00e9 quimicamente id\u00eantico e praticamente n\u00e3o requer qualquer investimento em ajuste na programa\u00e7\u00e3o dos motores, al\u00e9m de utilizar a rede de abastecimento dispon\u00edvel.<\/p>\n\n\n\n<p>Essa transi\u00e7\u00e3o, como j\u00e1 dito, depende da defini\u00e7\u00e3o de marcos regulat\u00f3rios que introduzam o novo biocombust\u00edvel na matriz energ\u00e9tica por meio da defini\u00e7\u00e3o de mandatos. Essa garantia \u00e9 importante porque o investimento numa nova planta \u00e9 significativo e o investidor depende dessa seguran\u00e7a jur\u00eddica.<\/p>\n\n\n\n<p><strong><em><mark style=\"background-color:rgba(0, 0, 0, 0)\" class=\"has-inline-color has-vivid-green-cyan-color\">AutoBus<\/mark><\/em><\/strong> &#8211; Qual o papel e o trabalho da associa\u00e7\u00e3o no sentido de promover essa quest\u00e3o junto a \u00f3rg\u00e3os governamentais, sociedade e operadores?<\/p>\n\n\n\n<p><mark style=\"background-color:rgba(0, 0, 0, 0)\" class=\"has-inline-color has-vivid-green-cyan-color\"><strong><em>Minelli<\/em><\/strong><\/mark> &#8211; Os debates que o setor tem participado s\u00f3 refor\u00e7aram a import\u00e2ncia da atua\u00e7\u00e3o e presen\u00e7a ativa da APROBIO em v\u00e1rios f\u00f3runs de discuss\u00f5es nos \u00f3rg\u00e3os e ag\u00eancias de regulamenta\u00e7\u00e3o, assim como nas v\u00e1rias esferas do Executivo e do Legislativo federais.<\/p>\n\n\n\n<p>Foi assim que o setor esteve representado com sua voz nas v\u00e1rias audi\u00eancias p\u00fablicas e nos momentos em que as decis\u00f5es estavam sendo tomadas. Uma an\u00e1lise criteriosa das documenta\u00e7\u00f5es e propostas de regulamenta\u00e7\u00f5es colocou em evid\u00eancia as inconsist\u00eancias de processos e os riscos de determinadas decis\u00f5es.<\/p>\n\n\n\n<p>V\u00e1rias a\u00e7\u00f5es foram coordenadas com as outras associa\u00e7\u00f5es e com a mobiliza\u00e7\u00e3o da Frente Parlamentar Mista do Biodiesel (FPBio). A voz do setor repercutida nos meios de comunica\u00e7\u00e3o, em campanhas institucionais promovidas pela APROBIO e na participa\u00e7\u00e3o em v\u00e1rios eventos e congressos levaram informa\u00e7\u00e3o precisa e dados que d\u00e3o transpar\u00eancia aos compromissos das associadas e a garantia da qualidade do produto que chega ao consumidor final.<\/p>\n\n\n\n<p>O trabalho da Associa\u00e7\u00e3o tamb\u00e9m est\u00e1 voltado para pavimentar o futuro do setor ao acompanhar o dia a dia da evolu\u00e7\u00e3o dos projetos de lei que estendem o cronograma de avan\u00e7o da mistura de biodiesel at\u00e9 atingir pelo menos B20 em 2028 e que estabelecem o Programa Nacional dos Combust\u00edveis Avan\u00e7ados Renov\u00e1veis.<\/p>\n\n\n\n<p>Estamos sempre presentes em grupos de trabalho que envolvem os temas de interesse dos biocombust\u00edveis, assim como em c\u00e2maras setoriais que estabelecem os avan\u00e7os estruturais exigidos e as melhores rotas para o setor continuar a avan\u00e7ar. Pesquisas e avalia\u00e7\u00f5es do mercado s\u00e3o realizadas para subsidiar as decis\u00f5es e todas as informa\u00e7\u00f5es e decretos de interesse ficam dispon\u00edveis para conhecimento das associadas da APROBIO.<\/p>\n\n\n\n<p>Nosso papel \u00e9 garantir a articula\u00e7\u00e3o necess\u00e1ria para o fortalecimento institucional da representatividade setorial de forma a que o setor possa continuar a cumprir seu objetivo de desenvolvimento sustent\u00e1vel, crescimento da economia e gera\u00e7\u00e3o de emprego para os brasileiros nas pr\u00f3ximas d\u00e9cadas, que ter\u00e3o melhor qualidade de vida com o maior uso dos biocombust\u00edveis.<\/p>\n\n\n\n<p>Imagens &#8211; Reprodu\u00e7\u00e3o, divulga\u00e7\u00e3o e revista AutoBus<\/p>\n","protected":false},"excerpt":{"rendered":"<p>As variadas op\u00e7\u00f5es de combust\u00edveis que podem abastecer a frota brasileira de \u00f4nibus<\/p>\n","protected":false},"author":2,"featured_media":7879,"comment_status":"open","ping_status":"open","sticky":false,"template":"","format":"standard","meta":{"_et_pb_use_builder":"off","_et_pb_old_content":"","_et_gb_content_width":"","_jetpack_memberships_contains_paid_content":false,"footnotes":""},"categories":[41,73],"tags":[435],"class_list":["post-7876","post","type-post","status-publish","format-standard","has-post-thumbnail","hentry","category-ponto-de-vista","category-tecnologia","tag-biocombustiveis","et-has-post-format-content","et_post_format-et-post-format-standard"],"yoast_head":"<!-- This site is optimized with the Yoast SEO plugin v27.2 - https:\/\/yoast.com\/product\/yoast-seo-wordpress\/ -->\n<title>Na transi\u00e7\u00e3o, todas as op\u00e7\u00f5es s\u00e3o v\u00e1lidas - Revista AutoBus<\/title>\n<meta name=\"robots\" content=\"index, follow, max-snippet:-1, max-image-preview:large, max-video-preview:-1\" \/>\n<link rel=\"canonical\" href=\"https:\/\/revistaautobus.com.br\/?p=7876\" \/>\n<meta property=\"og:locale\" content=\"pt_BR\" \/>\n<meta property=\"og:type\" content=\"article\" \/>\n<meta property=\"og:title\" content=\"Na transi\u00e7\u00e3o, todas as op\u00e7\u00f5es s\u00e3o v\u00e1lidas - Revista AutoBus\" \/>\n<meta property=\"og:description\" content=\"As variadas op\u00e7\u00f5es de combust\u00edveis que podem abastecer a frota brasileira de \u00f4nibus\" \/>\n<meta property=\"og:url\" content=\"https:\/\/revistaautobus.com.br\/?p=7876\" \/>\n<meta property=\"og:site_name\" content=\"Revista AutoBus\" \/>\n<meta property=\"article:publisher\" content=\"https:\/\/www.facebook.com\/antonio.ferro.3150\" \/>\n<meta property=\"article:published_time\" content=\"2022-12-02T17:32:39+00:00\" \/>\n<meta property=\"article:modified_time\" content=\"2022-12-02T17:32:42+00:00\" \/>\n<meta property=\"og:image\" content=\"https:\/\/revistaautobus.com.br\/wp-content\/uploads\/2022\/12\/onibus-urbano2.jpg\" \/>\n\t<meta property=\"og:image:width\" content=\"1200\" \/>\n\t<meta property=\"og:image:height\" content=\"900\" \/>\n\t<meta property=\"og:image:type\" content=\"image\/jpeg\" \/>\n<meta name=\"author\" content=\"Antonio Ferro\" \/>\n<meta name=\"twitter:card\" content=\"summary_large_image\" \/>\n<meta name=\"twitter:label1\" content=\"Escrito por\" \/>\n\t<meta name=\"twitter:data1\" content=\"Antonio Ferro\" \/>\n\t<meta name=\"twitter:label2\" content=\"Est. tempo de leitura\" \/>\n\t<meta name=\"twitter:data2\" content=\"19 minutos\" \/>\n<script type=\"application\/ld+json\" class=\"yoast-schema-graph\">{\"@context\":\"https:\/\/schema.org\",\"@graph\":[{\"@type\":\"Article\",\"@id\":\"https:\/\/revistaautobus.com.br\/?p=7876#article\",\"isPartOf\":{\"@id\":\"https:\/\/revistaautobus.com.br\/?p=7876\"},\"author\":{\"name\":\"Antonio Ferro\",\"@id\":\"https:\/\/revistaautobus.com.br\/#\/schema\/person\/54af7c3eb83a310e42ef686ef6d16f50\"},\"headline\":\"Na transi\u00e7\u00e3o, todas as op\u00e7\u00f5es s\u00e3o v\u00e1lidas\",\"datePublished\":\"2022-12-02T17:32:39+00:00\",\"dateModified\":\"2022-12-02T17:32:42+00:00\",\"mainEntityOfPage\":{\"@id\":\"https:\/\/revistaautobus.com.br\/?p=7876\"},\"wordCount\":3890,\"commentCount\":0,\"publisher\":{\"@id\":\"https:\/\/revistaautobus.com.br\/#organization\"},\"image\":{\"@id\":\"https:\/\/revistaautobus.com.br\/?p=7876#primaryimage\"},\"thumbnailUrl\":\"https:\/\/revistaautobus.com.br\/wp-content\/uploads\/2022\/12\/onibus-urbano2.jpg\",\"keywords\":[\"Biocombust\u00edveis\"],\"articleSection\":[\"Ponto de Vista\",\"Tecnologia\"],\"inLanguage\":\"pt-BR\",\"potentialAction\":[{\"@type\":\"CommentAction\",\"name\":\"Comment\",\"target\":[\"https:\/\/revistaautobus.com.br\/?p=7876#respond\"]}]},{\"@type\":\"WebPage\",\"@id\":\"https:\/\/revistaautobus.com.br\/?p=7876\",\"url\":\"https:\/\/revistaautobus.com.br\/?p=7876\",\"name\":\"Na transi\u00e7\u00e3o, todas as op\u00e7\u00f5es s\u00e3o v\u00e1lidas - Revista AutoBus\",\"isPartOf\":{\"@id\":\"https:\/\/revistaautobus.com.br\/#website\"},\"primaryImageOfPage\":{\"@id\":\"https:\/\/revistaautobus.com.br\/?p=7876#primaryimage\"},\"image\":{\"@id\":\"https:\/\/revistaautobus.com.br\/?p=7876#primaryimage\"},\"thumbnailUrl\":\"https:\/\/revistaautobus.com.br\/wp-content\/uploads\/2022\/12\/onibus-urbano2.jpg\",\"datePublished\":\"2022-12-02T17:32:39+00:00\",\"dateModified\":\"2022-12-02T17:32:42+00:00\",\"breadcrumb\":{\"@id\":\"https:\/\/revistaautobus.com.br\/?p=7876#breadcrumb\"},\"inLanguage\":\"pt-BR\",\"potentialAction\":[{\"@type\":\"ReadAction\",\"target\":[\"https:\/\/revistaautobus.com.br\/?p=7876\"]}]},{\"@type\":\"ImageObject\",\"inLanguage\":\"pt-BR\",\"@id\":\"https:\/\/revistaautobus.com.br\/?p=7876#primaryimage\",\"url\":\"https:\/\/revistaautobus.com.br\/wp-content\/uploads\/2022\/12\/onibus-urbano2.jpg\",\"contentUrl\":\"https:\/\/revistaautobus.com.br\/wp-content\/uploads\/2022\/12\/onibus-urbano2.jpg\",\"width\":1200,\"height\":900},{\"@type\":\"BreadcrumbList\",\"@id\":\"https:\/\/revistaautobus.com.br\/?p=7876#breadcrumb\",\"itemListElement\":[{\"@type\":\"ListItem\",\"position\":1,\"name\":\"In\u00edcio\",\"item\":\"https:\/\/revistaautobus.com.br\/\"},{\"@type\":\"ListItem\",\"position\":2,\"name\":\"Na transi\u00e7\u00e3o, todas as op\u00e7\u00f5es s\u00e3o v\u00e1lidas\"}]},{\"@type\":\"WebSite\",\"@id\":\"https:\/\/revistaautobus.com.br\/#website\",\"url\":\"https:\/\/revistaautobus.com.br\/\",\"name\":\"Revista AutoBus\",\"description\":\"\",\"publisher\":{\"@id\":\"https:\/\/revistaautobus.com.br\/#organization\"},\"potentialAction\":[{\"@type\":\"SearchAction\",\"target\":{\"@type\":\"EntryPoint\",\"urlTemplate\":\"https:\/\/revistaautobus.com.br\/?s={search_term_string}\"},\"query-input\":{\"@type\":\"PropertyValueSpecification\",\"valueRequired\":true,\"valueName\":\"search_term_string\"}}],\"inLanguage\":\"pt-BR\"},{\"@type\":\"Organization\",\"@id\":\"https:\/\/revistaautobus.com.br\/#organization\",\"name\":\"Revista AutoBus\",\"url\":\"https:\/\/revistaautobus.com.br\/\",\"logo\":{\"@type\":\"ImageObject\",\"inLanguage\":\"pt-BR\",\"@id\":\"https:\/\/revistaautobus.com.br\/#\/schema\/logo\/image\/\",\"url\":\"https:\/\/revistaautobus.com.br\/wp-content\/uploads\/2024\/11\/logo_revista_autobus_fb.png\",\"contentUrl\":\"https:\/\/revistaautobus.com.br\/wp-content\/uploads\/2024\/11\/logo_revista_autobus_fb.png\",\"width\":836,\"height\":227,\"caption\":\"Revista AutoBus\"},\"image\":{\"@id\":\"https:\/\/revistaautobus.com.br\/#\/schema\/logo\/image\/\"},\"sameAs\":[\"https:\/\/www.facebook.com\/antonio.ferro.3150\",\"https:\/\/www.instagram.com\/revistaautobus\/\"]},{\"@type\":\"Person\",\"@id\":\"https:\/\/revistaautobus.com.br\/#\/schema\/person\/54af7c3eb83a310e42ef686ef6d16f50\",\"name\":\"Antonio Ferro\",\"image\":{\"@type\":\"ImageObject\",\"inLanguage\":\"pt-BR\",\"@id\":\"https:\/\/revistaautobus.com.br\/wp-content\/uploads\/2025\/12\/editor_antonio_ferro-150x150.jpg\",\"url\":\"https:\/\/revistaautobus.com.br\/wp-content\/uploads\/2025\/12\/editor_antonio_ferro-150x150.jpg\",\"contentUrl\":\"https:\/\/revistaautobus.com.br\/wp-content\/uploads\/2025\/12\/editor_antonio_ferro-150x150.jpg\",\"caption\":\"Antonio Ferro\"},\"description\":\"infobus@uol.com.br\",\"url\":\"https:\/\/revistaautobus.com.br\/?author=2\"}]}<\/script>\n<!-- \/ Yoast SEO plugin. -->","yoast_head_json":{"title":"Na transi\u00e7\u00e3o, todas as op\u00e7\u00f5es s\u00e3o v\u00e1lidas - Revista AutoBus","robots":{"index":"index","follow":"follow","max-snippet":"max-snippet:-1","max-image-preview":"max-image-preview:large","max-video-preview":"max-video-preview:-1"},"canonical":"https:\/\/revistaautobus.com.br\/?p=7876","og_locale":"pt_BR","og_type":"article","og_title":"Na transi\u00e7\u00e3o, todas as op\u00e7\u00f5es s\u00e3o v\u00e1lidas - Revista AutoBus","og_description":"As variadas op\u00e7\u00f5es de combust\u00edveis que podem abastecer a frota brasileira de \u00f4nibus","og_url":"https:\/\/revistaautobus.com.br\/?p=7876","og_site_name":"Revista AutoBus","article_publisher":"https:\/\/www.facebook.com\/antonio.ferro.3150","article_published_time":"2022-12-02T17:32:39+00:00","article_modified_time":"2022-12-02T17:32:42+00:00","og_image":[{"width":1200,"height":900,"url":"https:\/\/revistaautobus.com.br\/wp-content\/uploads\/2022\/12\/onibus-urbano2.jpg","type":"image\/jpeg"}],"author":"Antonio Ferro","twitter_card":"summary_large_image","twitter_misc":{"Escrito por":"Antonio Ferro","Est. tempo de leitura":"19 minutos"},"schema":{"@context":"https:\/\/schema.org","@graph":[{"@type":"Article","@id":"https:\/\/revistaautobus.com.br\/?p=7876#article","isPartOf":{"@id":"https:\/\/revistaautobus.com.br\/?p=7876"},"author":{"name":"Antonio Ferro","@id":"https:\/\/revistaautobus.com.br\/#\/schema\/person\/54af7c3eb83a310e42ef686ef6d16f50"},"headline":"Na transi\u00e7\u00e3o, todas as op\u00e7\u00f5es s\u00e3o v\u00e1lidas","datePublished":"2022-12-02T17:32:39+00:00","dateModified":"2022-12-02T17:32:42+00:00","mainEntityOfPage":{"@id":"https:\/\/revistaautobus.com.br\/?p=7876"},"wordCount":3890,"commentCount":0,"publisher":{"@id":"https:\/\/revistaautobus.com.br\/#organization"},"image":{"@id":"https:\/\/revistaautobus.com.br\/?p=7876#primaryimage"},"thumbnailUrl":"https:\/\/revistaautobus.com.br\/wp-content\/uploads\/2022\/12\/onibus-urbano2.jpg","keywords":["Biocombust\u00edveis"],"articleSection":["Ponto de Vista","Tecnologia"],"inLanguage":"pt-BR","potentialAction":[{"@type":"CommentAction","name":"Comment","target":["https:\/\/revistaautobus.com.br\/?p=7876#respond"]}]},{"@type":"WebPage","@id":"https:\/\/revistaautobus.com.br\/?p=7876","url":"https:\/\/revistaautobus.com.br\/?p=7876","name":"Na transi\u00e7\u00e3o, todas as op\u00e7\u00f5es s\u00e3o v\u00e1lidas - Revista AutoBus","isPartOf":{"@id":"https:\/\/revistaautobus.com.br\/#website"},"primaryImageOfPage":{"@id":"https:\/\/revistaautobus.com.br\/?p=7876#primaryimage"},"image":{"@id":"https:\/\/revistaautobus.com.br\/?p=7876#primaryimage"},"thumbnailUrl":"https:\/\/revistaautobus.com.br\/wp-content\/uploads\/2022\/12\/onibus-urbano2.jpg","datePublished":"2022-12-02T17:32:39+00:00","dateModified":"2022-12-02T17:32:42+00:00","breadcrumb":{"@id":"https:\/\/revistaautobus.com.br\/?p=7876#breadcrumb"},"inLanguage":"pt-BR","potentialAction":[{"@type":"ReadAction","target":["https:\/\/revistaautobus.com.br\/?p=7876"]}]},{"@type":"ImageObject","inLanguage":"pt-BR","@id":"https:\/\/revistaautobus.com.br\/?p=7876#primaryimage","url":"https:\/\/revistaautobus.com.br\/wp-content\/uploads\/2022\/12\/onibus-urbano2.jpg","contentUrl":"https:\/\/revistaautobus.com.br\/wp-content\/uploads\/2022\/12\/onibus-urbano2.jpg","width":1200,"height":900},{"@type":"BreadcrumbList","@id":"https:\/\/revistaautobus.com.br\/?p=7876#breadcrumb","itemListElement":[{"@type":"ListItem","position":1,"name":"In\u00edcio","item":"https:\/\/revistaautobus.com.br\/"},{"@type":"ListItem","position":2,"name":"Na transi\u00e7\u00e3o, todas as op\u00e7\u00f5es s\u00e3o v\u00e1lidas"}]},{"@type":"WebSite","@id":"https:\/\/revistaautobus.com.br\/#website","url":"https:\/\/revistaautobus.com.br\/","name":"Revista AutoBus","description":"","publisher":{"@id":"https:\/\/revistaautobus.com.br\/#organization"},"potentialAction":[{"@type":"SearchAction","target":{"@type":"EntryPoint","urlTemplate":"https:\/\/revistaautobus.com.br\/?s={search_term_string}"},"query-input":{"@type":"PropertyValueSpecification","valueRequired":true,"valueName":"search_term_string"}}],"inLanguage":"pt-BR"},{"@type":"Organization","@id":"https:\/\/revistaautobus.com.br\/#organization","name":"Revista AutoBus","url":"https:\/\/revistaautobus.com.br\/","logo":{"@type":"ImageObject","inLanguage":"pt-BR","@id":"https:\/\/revistaautobus.com.br\/#\/schema\/logo\/image\/","url":"https:\/\/revistaautobus.com.br\/wp-content\/uploads\/2024\/11\/logo_revista_autobus_fb.png","contentUrl":"https:\/\/revistaautobus.com.br\/wp-content\/uploads\/2024\/11\/logo_revista_autobus_fb.png","width":836,"height":227,"caption":"Revista AutoBus"},"image":{"@id":"https:\/\/revistaautobus.com.br\/#\/schema\/logo\/image\/"},"sameAs":["https:\/\/www.facebook.com\/antonio.ferro.3150","https:\/\/www.instagram.com\/revistaautobus\/"]},{"@type":"Person","@id":"https:\/\/revistaautobus.com.br\/#\/schema\/person\/54af7c3eb83a310e42ef686ef6d16f50","name":"Antonio Ferro","image":{"@type":"ImageObject","inLanguage":"pt-BR","@id":"https:\/\/revistaautobus.com.br\/wp-content\/uploads\/2025\/12\/editor_antonio_ferro-150x150.jpg","url":"https:\/\/revistaautobus.com.br\/wp-content\/uploads\/2025\/12\/editor_antonio_ferro-150x150.jpg","contentUrl":"https:\/\/revistaautobus.com.br\/wp-content\/uploads\/2025\/12\/editor_antonio_ferro-150x150.jpg","caption":"Antonio Ferro"},"description":"infobus@uol.com.br","url":"https:\/\/revistaautobus.com.br\/?author=2"}]}},"jetpack_featured_media_url":"https:\/\/revistaautobus.com.br\/wp-content\/uploads\/2022\/12\/onibus-urbano2.jpg","jetpack_sharing_enabled":true,"_links":{"self":[{"href":"https:\/\/revistaautobus.com.br\/index.php?rest_route=\/wp\/v2\/posts\/7876","targetHints":{"allow":["GET"]}}],"collection":[{"href":"https:\/\/revistaautobus.com.br\/index.php?rest_route=\/wp\/v2\/posts"}],"about":[{"href":"https:\/\/revistaautobus.com.br\/index.php?rest_route=\/wp\/v2\/types\/post"}],"author":[{"embeddable":true,"href":"https:\/\/revistaautobus.com.br\/index.php?rest_route=\/wp\/v2\/users\/2"}],"replies":[{"embeddable":true,"href":"https:\/\/revistaautobus.com.br\/index.php?rest_route=%2Fwp%2Fv2%2Fcomments&post=7876"}],"version-history":[{"count":2,"href":"https:\/\/revistaautobus.com.br\/index.php?rest_route=\/wp\/v2\/posts\/7876\/revisions"}],"predecessor-version":[{"id":7882,"href":"https:\/\/revistaautobus.com.br\/index.php?rest_route=\/wp\/v2\/posts\/7876\/revisions\/7882"}],"wp:featuredmedia":[{"embeddable":true,"href":"https:\/\/revistaautobus.com.br\/index.php?rest_route=\/wp\/v2\/media\/7879"}],"wp:attachment":[{"href":"https:\/\/revistaautobus.com.br\/index.php?rest_route=%2Fwp%2Fv2%2Fmedia&parent=7876"}],"wp:term":[{"taxonomy":"category","embeddable":true,"href":"https:\/\/revistaautobus.com.br\/index.php?rest_route=%2Fwp%2Fv2%2Fcategories&post=7876"},{"taxonomy":"post_tag","embeddable":true,"href":"https:\/\/revistaautobus.com.br\/index.php?rest_route=%2Fwp%2Fv2%2Ftags&post=7876"}],"curies":[{"name":"wp","href":"https:\/\/api.w.org\/{rel}","templated":true}]}}