{"id":7953,"date":"2022-12-16T10:15:16","date_gmt":"2022-12-16T13:15:16","guid":{"rendered":"https:\/\/revistaautobus.com.br\/?p=7953"},"modified":"2022-12-16T10:16:25","modified_gmt":"2022-12-16T13:16:25","slug":"7953","status":"publish","type":"post","link":"https:\/\/revistaautobus.com.br\/?p=7953","title":{"rendered":"30 anos de opera\u00e7\u00e3o"},"content":{"rendered":"\n<p><strong><em><mark style=\"background-color:rgba(0, 0, 0, 0)\" class=\"has-inline-color has-vivid-green-cyan-color\">Por Raul Urban<\/mark><\/em><\/strong><\/p>\n\n\n\n<p>No dia 19 de dezembro, os \u00f4nibus biarticulados, que rodam em diversas linhas de Curitiba, completam 30 anos de opera\u00e7\u00e3o. Curitiba foi a primeira cidade brasileira a receber esse tipo de \u00f4nibus, entregue \u00e0 popula\u00e7\u00e3o pelo saudoso prefeito Jaime Lerner, num s\u00e1bado, de 1992, data em que o Paran\u00e1 comemorava seu 139\u00b0. anivers\u00e1rio de emancipa\u00e7\u00e3o pol\u00edtica. Ao todo, \u00e0 \u00e9poca, eram 33 unidades com chassi Volvo, encarro\u00e7adas pela extinta fabricante Ciferal, do Rio de Janeiro, e Marcopolo, de Caxias do Sul, com 25 metros de comprimento.<\/p>\n\n\n\n<p>A linha pioneira do Sistema de \u00d4nibus Expresso servida pelos biarticulados ligou a esta\u00e7\u00e3o-central, que fica na Pra\u00e7a Carlos Gomes, ao bairro Boqueir\u00e3o, num percurso de 11 quil\u00f4metros, ent\u00e3o transportando 130 mil passageiros\/dia.<\/p>\n\n\n\n<p>A nova frota, com chassis Volvo e dotada de motores de 286 cv de pot\u00eancia, caixa de mudan\u00e7a autom\u00e1tica e freios antiblocantes ABS &#8211; algo at\u00e9 ali in\u00e9dito -, substituiu os 66 \u00f4nibus expressos que atendiam o eixo. Cada biarticulado, com 36,5 toneladas de peso, transportava 270 passageiros por viagem. O modal, in\u00e9dito no Pa\u00eds e que chamou a aten\u00e7\u00e3o de planejadores urbanos do mundo, ganhou espa\u00e7o. Hoje, Curitiba conta, segundo a Prefeitura, com 131 biarticulados, que atendem dez linhas expressas.<\/p>\n\n\n\n<figure class=\"wp-block-image size-full\"><img loading=\"lazy\" decoding=\"async\" width=\"1024\" height=\"690\" src=\"https:\/\/revistaautobus.com.br\/wp-content\/uploads\/2022\/12\/Biarticulado-30-2.png\" alt=\"\" class=\"wp-image-7955\" srcset=\"https:\/\/revistaautobus.com.br\/wp-content\/uploads\/2022\/12\/Biarticulado-30-2.png 1024w, https:\/\/revistaautobus.com.br\/wp-content\/uploads\/2022\/12\/Biarticulado-30-2-300x202.png 300w, https:\/\/revistaautobus.com.br\/wp-content\/uploads\/2022\/12\/Biarticulado-30-2-768x518.png 768w\" sizes=\"(max-width: 1024px) 100vw, 1024px\" \/><figcaption class=\"wp-element-caption\"><strong><em><mark style=\"background-color:rgba(0, 0, 0, 0)\" class=\"has-inline-color has-black-color\">A atual gera\u00e7\u00e3o de biarticulados curitibanos<\/mark><\/em><\/strong><\/figcaption><\/figure>\n\n\n\n<p>O biarticulado come\u00e7ou a ser desenvolvido no fim da d\u00e9cada de 1980, por meio de uma parceria entre a prefeitura e a montadora sueca Volvo, com sua f\u00e1brica localizada no bairro Cidade Industrial, tamb\u00e9m em Curitiba.<\/p>\n\n\n\n<p>O objetivo, no raiar dos anos 1990, era criar um modelo com grande capacidade de passageiros, de menor custo que o metr\u00f4, r\u00e1pido e confort\u00e1vel para o passageiro. Junto com o biarticulado, Curitiba, que em 1972, em car\u00e1ter pioneiro no continente americano desenvolveu o chamado Sistema de \u00f4nibus Expresso, idealizado por Jaime Lerner, virou refer\u00eancia em BRT &#8211; Bus Rapid Transit -, e exportou a solu\u00e7\u00e3o para o mundo.<\/p>\n\n\n\n<p>O sistema BRT foi adotado, segundo dados do BRTData, por mais de 182 cidades em todos os continentes. A partir de 2010, os biarticulados curitibanos, encarro\u00e7ados pela ga\u00facha Neobus (hoje ligada ao Grupo Marcopolo), ganharam desenho aerodin\u00e2mico, tr\u00eas metros a mais, totalizando 28 metros, al\u00e9m de dispositivos eletr\u00f4nicos e espa\u00e7o para cadeirantes.<\/p>\n\n\n\n<p>Um grupo de interessados pelo assunto \u00f4nibus e transporte se empenhou em revitalizar um modelo original da Ciferal, j\u00e1 que todos dessa fabricante desapareceram nesses 30 anos.<\/p>\n\n\n\n<p>Imagens &#8211; Raul Urban<\/p>\n","protected":false},"excerpt":{"rendered":"<p>Um s\u00edmbolo do transporte curitibano chega a tr\u00eas d\u00e9cadas de hist\u00f3ria<\/p>\n","protected":false},"author":2,"featured_media":7954,"comment_status":"open","ping_status":"open","sticky":false,"template":"","format":"standard","meta":{"_et_pb_use_builder":"off","_et_pb_old_content":"","_et_gb_content_width":"","_jetpack_memberships_contains_paid_content":false,"footnotes":""},"categories":[5,7],"tags":[439,369],"class_list":["post-7953","post","type-post","status-publish","format-standard","has-post-thumbnail","hentry","category-conexao-mobilidade","category-mobilidade-urbana","tag-biarticulado-30-anos","tag-curitiba","et-has-post-format-content","et_post_format-et-post-format-standard"],"yoast_head":"<!-- This site is optimized with the Yoast SEO plugin v27.2 - https:\/\/yoast.com\/product\/yoast-seo-wordpress\/ -->\n<title>30 anos de opera\u00e7\u00e3o - Revista AutoBus<\/title>\n<meta name=\"robots\" content=\"index, follow, max-snippet:-1, max-image-preview:large, max-video-preview:-1\" \/>\n<link rel=\"canonical\" href=\"https:\/\/revistaautobus.com.br\/?p=7953\" \/>\n<meta property=\"og:locale\" content=\"pt_BR\" \/>\n<meta property=\"og:type\" content=\"article\" \/>\n<meta property=\"og:title\" content=\"30 anos de opera\u00e7\u00e3o - Revista AutoBus\" \/>\n<meta property=\"og:description\" content=\"Um s\u00edmbolo do transporte curitibano chega a tr\u00eas d\u00e9cadas de hist\u00f3ria\" \/>\n<meta property=\"og:url\" content=\"https:\/\/revistaautobus.com.br\/?p=7953\" \/>\n<meta property=\"og:site_name\" content=\"Revista AutoBus\" \/>\n<meta property=\"article:publisher\" content=\"https:\/\/www.facebook.com\/antonio.ferro.3150\" \/>\n<meta property=\"article:published_time\" content=\"2022-12-16T13:15:16+00:00\" \/>\n<meta property=\"article:modified_time\" content=\"2022-12-16T13:16:25+00:00\" \/>\n<meta property=\"og:image\" content=\"https:\/\/revistaautobus.com.br\/wp-content\/uploads\/2022\/12\/Biarticulado-30.jpg\" \/>\n\t<meta property=\"og:image:width\" content=\"564\" \/>\n\t<meta property=\"og:image:height\" content=\"744\" \/>\n\t<meta property=\"og:image:type\" content=\"image\/jpeg\" \/>\n<meta name=\"author\" content=\"Antonio Ferro\" \/>\n<meta name=\"twitter:card\" content=\"summary_large_image\" \/>\n<meta name=\"twitter:label1\" content=\"Escrito por\" \/>\n\t<meta name=\"twitter:data1\" content=\"Antonio Ferro\" \/>\n\t<meta name=\"twitter:label2\" content=\"Est. tempo de leitura\" \/>\n\t<meta name=\"twitter:data2\" content=\"2 minutos\" \/>\n<script type=\"application\/ld+json\" class=\"yoast-schema-graph\">{\"@context\":\"https:\/\/schema.org\",\"@graph\":[{\"@type\":\"Article\",\"@id\":\"https:\/\/revistaautobus.com.br\/?p=7953#article\",\"isPartOf\":{\"@id\":\"https:\/\/revistaautobus.com.br\/?p=7953\"},\"author\":{\"name\":\"Antonio Ferro\",\"@id\":\"https:\/\/revistaautobus.com.br\/#\/schema\/person\/54af7c3eb83a310e42ef686ef6d16f50\"},\"headline\":\"30 anos de opera\u00e7\u00e3o\",\"datePublished\":\"2022-12-16T13:15:16+00:00\",\"dateModified\":\"2022-12-16T13:16:25+00:00\",\"mainEntityOfPage\":{\"@id\":\"https:\/\/revistaautobus.com.br\/?p=7953\"},\"wordCount\":417,\"commentCount\":0,\"publisher\":{\"@id\":\"https:\/\/revistaautobus.com.br\/#organization\"},\"image\":{\"@id\":\"https:\/\/revistaautobus.com.br\/?p=7953#primaryimage\"},\"thumbnailUrl\":\"https:\/\/revistaautobus.com.br\/wp-content\/uploads\/2022\/12\/Biarticulado-30.jpg\",\"keywords\":[\"Biarticulado 30 anos\",\"Curitiba\"],\"articleSection\":[\"Conex\u00e3o Mobilidade\",\"Mobilidade Urbana\"],\"inLanguage\":\"pt-BR\",\"potentialAction\":[{\"@type\":\"CommentAction\",\"name\":\"Comment\",\"target\":[\"https:\/\/revistaautobus.com.br\/?p=7953#respond\"]}]},{\"@type\":\"WebPage\",\"@id\":\"https:\/\/revistaautobus.com.br\/?p=7953\",\"url\":\"https:\/\/revistaautobus.com.br\/?p=7953\",\"name\":\"30 anos de opera\u00e7\u00e3o - Revista AutoBus\",\"isPartOf\":{\"@id\":\"https:\/\/revistaautobus.com.br\/#website\"},\"primaryImageOfPage\":{\"@id\":\"https:\/\/revistaautobus.com.br\/?p=7953#primaryimage\"},\"image\":{\"@id\":\"https:\/\/revistaautobus.com.br\/?p=7953#primaryimage\"},\"thumbnailUrl\":\"https:\/\/revistaautobus.com.br\/wp-content\/uploads\/2022\/12\/Biarticulado-30.jpg\",\"datePublished\":\"2022-12-16T13:15:16+00:00\",\"dateModified\":\"2022-12-16T13:16:25+00:00\",\"breadcrumb\":{\"@id\":\"https:\/\/revistaautobus.com.br\/?p=7953#breadcrumb\"},\"inLanguage\":\"pt-BR\",\"potentialAction\":[{\"@type\":\"ReadAction\",\"target\":[\"https:\/\/revistaautobus.com.br\/?p=7953\"]}]},{\"@type\":\"ImageObject\",\"inLanguage\":\"pt-BR\",\"@id\":\"https:\/\/revistaautobus.com.br\/?p=7953#primaryimage\",\"url\":\"https:\/\/revistaautobus.com.br\/wp-content\/uploads\/2022\/12\/Biarticulado-30.jpg\",\"contentUrl\":\"https:\/\/revistaautobus.com.br\/wp-content\/uploads\/2022\/12\/Biarticulado-30.jpg\",\"width\":564,\"height\":744},{\"@type\":\"BreadcrumbList\",\"@id\":\"https:\/\/revistaautobus.com.br\/?p=7953#breadcrumb\",\"itemListElement\":[{\"@type\":\"ListItem\",\"position\":1,\"name\":\"In\u00edcio\",\"item\":\"https:\/\/revistaautobus.com.br\/\"},{\"@type\":\"ListItem\",\"position\":2,\"name\":\"30 anos de opera\u00e7\u00e3o\"}]},{\"@type\":\"WebSite\",\"@id\":\"https:\/\/revistaautobus.com.br\/#website\",\"url\":\"https:\/\/revistaautobus.com.br\/\",\"name\":\"Revista AutoBus\",\"description\":\"\",\"publisher\":{\"@id\":\"https:\/\/revistaautobus.com.br\/#organization\"},\"potentialAction\":[{\"@type\":\"SearchAction\",\"target\":{\"@type\":\"EntryPoint\",\"urlTemplate\":\"https:\/\/revistaautobus.com.br\/?s={search_term_string}\"},\"query-input\":{\"@type\":\"PropertyValueSpecification\",\"valueRequired\":true,\"valueName\":\"search_term_string\"}}],\"inLanguage\":\"pt-BR\"},{\"@type\":\"Organization\",\"@id\":\"https:\/\/revistaautobus.com.br\/#organization\",\"name\":\"Revista AutoBus\",\"url\":\"https:\/\/revistaautobus.com.br\/\",\"logo\":{\"@type\":\"ImageObject\",\"inLanguage\":\"pt-BR\",\"@id\":\"https:\/\/revistaautobus.com.br\/#\/schema\/logo\/image\/\",\"url\":\"https:\/\/revistaautobus.com.br\/wp-content\/uploads\/2024\/11\/logo_revista_autobus_fb.png\",\"contentUrl\":\"https:\/\/revistaautobus.com.br\/wp-content\/uploads\/2024\/11\/logo_revista_autobus_fb.png\",\"width\":836,\"height\":227,\"caption\":\"Revista AutoBus\"},\"image\":{\"@id\":\"https:\/\/revistaautobus.com.br\/#\/schema\/logo\/image\/\"},\"sameAs\":[\"https:\/\/www.facebook.com\/antonio.ferro.3150\",\"https:\/\/www.instagram.com\/revistaautobus\/\"]},{\"@type\":\"Person\",\"@id\":\"https:\/\/revistaautobus.com.br\/#\/schema\/person\/54af7c3eb83a310e42ef686ef6d16f50\",\"name\":\"Antonio Ferro\",\"image\":{\"@type\":\"ImageObject\",\"inLanguage\":\"pt-BR\",\"@id\":\"https:\/\/revistaautobus.com.br\/wp-content\/uploads\/2025\/12\/editor_antonio_ferro-150x150.jpg\",\"url\":\"https:\/\/revistaautobus.com.br\/wp-content\/uploads\/2025\/12\/editor_antonio_ferro-150x150.jpg\",\"contentUrl\":\"https:\/\/revistaautobus.com.br\/wp-content\/uploads\/2025\/12\/editor_antonio_ferro-150x150.jpg\",\"caption\":\"Antonio Ferro\"},\"description\":\"infobus@uol.com.br\",\"url\":\"https:\/\/revistaautobus.com.br\/?author=2\"}]}<\/script>\n<!-- \/ Yoast SEO plugin. -->","yoast_head_json":{"title":"30 anos de opera\u00e7\u00e3o - Revista AutoBus","robots":{"index":"index","follow":"follow","max-snippet":"max-snippet:-1","max-image-preview":"max-image-preview:large","max-video-preview":"max-video-preview:-1"},"canonical":"https:\/\/revistaautobus.com.br\/?p=7953","og_locale":"pt_BR","og_type":"article","og_title":"30 anos de opera\u00e7\u00e3o - Revista AutoBus","og_description":"Um s\u00edmbolo do transporte curitibano chega a tr\u00eas d\u00e9cadas de hist\u00f3ria","og_url":"https:\/\/revistaautobus.com.br\/?p=7953","og_site_name":"Revista AutoBus","article_publisher":"https:\/\/www.facebook.com\/antonio.ferro.3150","article_published_time":"2022-12-16T13:15:16+00:00","article_modified_time":"2022-12-16T13:16:25+00:00","og_image":[{"width":564,"height":744,"url":"https:\/\/revistaautobus.com.br\/wp-content\/uploads\/2022\/12\/Biarticulado-30.jpg","type":"image\/jpeg"}],"author":"Antonio Ferro","twitter_card":"summary_large_image","twitter_misc":{"Escrito por":"Antonio Ferro","Est. tempo de leitura":"2 minutos"},"schema":{"@context":"https:\/\/schema.org","@graph":[{"@type":"Article","@id":"https:\/\/revistaautobus.com.br\/?p=7953#article","isPartOf":{"@id":"https:\/\/revistaautobus.com.br\/?p=7953"},"author":{"name":"Antonio Ferro","@id":"https:\/\/revistaautobus.com.br\/#\/schema\/person\/54af7c3eb83a310e42ef686ef6d16f50"},"headline":"30 anos de opera\u00e7\u00e3o","datePublished":"2022-12-16T13:15:16+00:00","dateModified":"2022-12-16T13:16:25+00:00","mainEntityOfPage":{"@id":"https:\/\/revistaautobus.com.br\/?p=7953"},"wordCount":417,"commentCount":0,"publisher":{"@id":"https:\/\/revistaautobus.com.br\/#organization"},"image":{"@id":"https:\/\/revistaautobus.com.br\/?p=7953#primaryimage"},"thumbnailUrl":"https:\/\/revistaautobus.com.br\/wp-content\/uploads\/2022\/12\/Biarticulado-30.jpg","keywords":["Biarticulado 30 anos","Curitiba"],"articleSection":["Conex\u00e3o Mobilidade","Mobilidade Urbana"],"inLanguage":"pt-BR","potentialAction":[{"@type":"CommentAction","name":"Comment","target":["https:\/\/revistaautobus.com.br\/?p=7953#respond"]}]},{"@type":"WebPage","@id":"https:\/\/revistaautobus.com.br\/?p=7953","url":"https:\/\/revistaautobus.com.br\/?p=7953","name":"30 anos de opera\u00e7\u00e3o - Revista AutoBus","isPartOf":{"@id":"https:\/\/revistaautobus.com.br\/#website"},"primaryImageOfPage":{"@id":"https:\/\/revistaautobus.com.br\/?p=7953#primaryimage"},"image":{"@id":"https:\/\/revistaautobus.com.br\/?p=7953#primaryimage"},"thumbnailUrl":"https:\/\/revistaautobus.com.br\/wp-content\/uploads\/2022\/12\/Biarticulado-30.jpg","datePublished":"2022-12-16T13:15:16+00:00","dateModified":"2022-12-16T13:16:25+00:00","breadcrumb":{"@id":"https:\/\/revistaautobus.com.br\/?p=7953#breadcrumb"},"inLanguage":"pt-BR","potentialAction":[{"@type":"ReadAction","target":["https:\/\/revistaautobus.com.br\/?p=7953"]}]},{"@type":"ImageObject","inLanguage":"pt-BR","@id":"https:\/\/revistaautobus.com.br\/?p=7953#primaryimage","url":"https:\/\/revistaautobus.com.br\/wp-content\/uploads\/2022\/12\/Biarticulado-30.jpg","contentUrl":"https:\/\/revistaautobus.com.br\/wp-content\/uploads\/2022\/12\/Biarticulado-30.jpg","width":564,"height":744},{"@type":"BreadcrumbList","@id":"https:\/\/revistaautobus.com.br\/?p=7953#breadcrumb","itemListElement":[{"@type":"ListItem","position":1,"name":"In\u00edcio","item":"https:\/\/revistaautobus.com.br\/"},{"@type":"ListItem","position":2,"name":"30 anos de opera\u00e7\u00e3o"}]},{"@type":"WebSite","@id":"https:\/\/revistaautobus.com.br\/#website","url":"https:\/\/revistaautobus.com.br\/","name":"Revista AutoBus","description":"","publisher":{"@id":"https:\/\/revistaautobus.com.br\/#organization"},"potentialAction":[{"@type":"SearchAction","target":{"@type":"EntryPoint","urlTemplate":"https:\/\/revistaautobus.com.br\/?s={search_term_string}"},"query-input":{"@type":"PropertyValueSpecification","valueRequired":true,"valueName":"search_term_string"}}],"inLanguage":"pt-BR"},{"@type":"Organization","@id":"https:\/\/revistaautobus.com.br\/#organization","name":"Revista AutoBus","url":"https:\/\/revistaautobus.com.br\/","logo":{"@type":"ImageObject","inLanguage":"pt-BR","@id":"https:\/\/revistaautobus.com.br\/#\/schema\/logo\/image\/","url":"https:\/\/revistaautobus.com.br\/wp-content\/uploads\/2024\/11\/logo_revista_autobus_fb.png","contentUrl":"https:\/\/revistaautobus.com.br\/wp-content\/uploads\/2024\/11\/logo_revista_autobus_fb.png","width":836,"height":227,"caption":"Revista AutoBus"},"image":{"@id":"https:\/\/revistaautobus.com.br\/#\/schema\/logo\/image\/"},"sameAs":["https:\/\/www.facebook.com\/antonio.ferro.3150","https:\/\/www.instagram.com\/revistaautobus\/"]},{"@type":"Person","@id":"https:\/\/revistaautobus.com.br\/#\/schema\/person\/54af7c3eb83a310e42ef686ef6d16f50","name":"Antonio Ferro","image":{"@type":"ImageObject","inLanguage":"pt-BR","@id":"https:\/\/revistaautobus.com.br\/wp-content\/uploads\/2025\/12\/editor_antonio_ferro-150x150.jpg","url":"https:\/\/revistaautobus.com.br\/wp-content\/uploads\/2025\/12\/editor_antonio_ferro-150x150.jpg","contentUrl":"https:\/\/revistaautobus.com.br\/wp-content\/uploads\/2025\/12\/editor_antonio_ferro-150x150.jpg","caption":"Antonio Ferro"},"description":"infobus@uol.com.br","url":"https:\/\/revistaautobus.com.br\/?author=2"}]}},"jetpack_featured_media_url":"https:\/\/revistaautobus.com.br\/wp-content\/uploads\/2022\/12\/Biarticulado-30.jpg","jetpack_sharing_enabled":true,"_links":{"self":[{"href":"https:\/\/revistaautobus.com.br\/index.php?rest_route=\/wp\/v2\/posts\/7953","targetHints":{"allow":["GET"]}}],"collection":[{"href":"https:\/\/revistaautobus.com.br\/index.php?rest_route=\/wp\/v2\/posts"}],"about":[{"href":"https:\/\/revistaautobus.com.br\/index.php?rest_route=\/wp\/v2\/types\/post"}],"author":[{"embeddable":true,"href":"https:\/\/revistaautobus.com.br\/index.php?rest_route=\/wp\/v2\/users\/2"}],"replies":[{"embeddable":true,"href":"https:\/\/revistaautobus.com.br\/index.php?rest_route=%2Fwp%2Fv2%2Fcomments&post=7953"}],"version-history":[{"count":3,"href":"https:\/\/revistaautobus.com.br\/index.php?rest_route=\/wp\/v2\/posts\/7953\/revisions"}],"predecessor-version":[{"id":7959,"href":"https:\/\/revistaautobus.com.br\/index.php?rest_route=\/wp\/v2\/posts\/7953\/revisions\/7959"}],"wp:featuredmedia":[{"embeddable":true,"href":"https:\/\/revistaautobus.com.br\/index.php?rest_route=\/wp\/v2\/media\/7954"}],"wp:attachment":[{"href":"https:\/\/revistaautobus.com.br\/index.php?rest_route=%2Fwp%2Fv2%2Fmedia&parent=7953"}],"wp:term":[{"taxonomy":"category","embeddable":true,"href":"https:\/\/revistaautobus.com.br\/index.php?rest_route=%2Fwp%2Fv2%2Fcategories&post=7953"},{"taxonomy":"post_tag","embeddable":true,"href":"https:\/\/revistaautobus.com.br\/index.php?rest_route=%2Fwp%2Fv2%2Ftags&post=7953"}],"curies":[{"name":"wp","href":"https:\/\/api.w.org\/{rel}","templated":true}]}}