{"id":823,"date":"2018-07-17T13:25:00","date_gmt":"2018-07-17T16:25:00","guid":{"rendered":"https:\/\/vila8.com.br\/clientes\/autobus\/?p=823"},"modified":"2021-06-22T13:18:38","modified_gmt":"2021-06-22T16:18:38","slug":"grupo-marcopolo-em-feira-de-transporte","status":"publish","type":"post","link":"https:\/\/revistaautobus.com.br\/?p=823","title":{"rendered":"Grupo Marcopolo em feira de transporte"},"content":{"rendered":"\n<p>As fabricantes de \u00f4nibus pertencentes ao Grupo Marcopolo participar\u00e3o da Feira Latino-americana de Transporte, que ser\u00e1 realizada em S\u00e3o Paulo entre os dias 31 de julho e 2 de agosto. Marcopolo, NEOBUS, Volare e Banco Moneo ter\u00e3o um espa\u00e7o exclusivo, com 2.400 metros quadrados, contando com aromatizador de ambiente, m\u00fasica ao vivo, monitores em cada marca com v\u00eddeos 360\u00ba, realidade aumentada e experi\u00eancias com produtos, possuindo ainda uma audit\u00f3rio para apresenta\u00e7\u00f5es e workshops e duas \u00e1reas exclusivas e diferenciadas &#8211; Espa\u00e7o Design e Espa\u00e7o Engenharia -, para apresenta\u00e7\u00e3o de inova\u00e7\u00f5es nos produtos. E, novos modelos de \u00f4nibus ser\u00e3o apresentados durante o evento.<\/p>\n\n\n\n<p>A estrat\u00e9gia, segundo o Grupo, \u00e9 refor\u00e7ar o novo posicionamento de mercado de cada uma das marcas, estreitando o relacionamento com os clientes. \u201c\u00c9 preciso estar cada vez mais pr\u00f3ximo dos nossos parceiros de neg\u00f3cios. A excel\u00eancia e o conhecimento profundo da opera\u00e7\u00e3o do nosso cliente e o produto mais indicado para a aplica\u00e7\u00e3o \u00e9 cada vez mais um fator determinante e somente assim poderemos oferecer produtos e servi\u00e7os diferenciados e al\u00e9m das expectativas\u201d, disse Francisco Gomes Neto, diretor-geral da Marcopolo S.A.<\/p>\n\n\n\n<p>Este \u00e9 o primeiro evento de \u00e2mbito continental no qual a companhia reunir\u00e1 suas tr\u00eas marcas e est\u00e1 alinhada com a sua nova estrat\u00e9gia de atua\u00e7\u00e3o. \u201cSer\u00e1, sem d\u00favida, a participa\u00e7\u00e3o mais marcante da companhia em um evento. Por interm\u00e9dio de diferentes experi\u00eancias sensoriais, vai tornar a visita uma experi\u00eancia completa, gerando mem\u00f3rias positivas da feira e dos ve\u00edculos Marcopolo, NEOBUS e Volare\u201d, observou o executivo.<\/p>\n","protected":false},"excerpt":{"rendered":"<p>A estrat\u00e9gia, segundo o Grupo, \u00e9 refor\u00e7ar o novo posicionamento de mercado de cada uma das marcas, estreitando o relacionamento com os clientes. O espa\u00e7o exclusivo ter\u00e1 2.400 m\u00b2<\/p>\n","protected":false},"author":2,"featured_media":824,"comment_status":"open","ping_status":"open","sticky":false,"template":"","format":"standard","meta":{"_et_pb_use_builder":"off","_et_pb_old_content":"","_et_gb_content_width":"","_jetpack_memberships_contains_paid_content":false,"footnotes":""},"categories":[90],"tags":[],"class_list":["post-823","post","type-post","status-publish","format-standard","has-post-thumbnail","hentry","category-noticias","et-has-post-format-content","et_post_format-et-post-format-standard"],"yoast_head":"<!-- This site is optimized with the Yoast SEO plugin v27.2 - https:\/\/yoast.com\/product\/yoast-seo-wordpress\/ -->\n<title>Grupo Marcopolo em feira de transporte - Revista AutoBus<\/title>\n<meta name=\"robots\" content=\"index, follow, max-snippet:-1, max-image-preview:large, max-video-preview:-1\" \/>\n<link rel=\"canonical\" href=\"https:\/\/revistaautobus.com.br\/?p=823\" \/>\n<meta property=\"og:locale\" content=\"pt_BR\" \/>\n<meta property=\"og:type\" content=\"article\" \/>\n<meta property=\"og:title\" content=\"Grupo Marcopolo em feira de transporte - Revista AutoBus\" \/>\n<meta property=\"og:description\" content=\"A estrat\u00e9gia, segundo o Grupo, \u00e9 refor\u00e7ar o novo posicionamento de mercado de cada uma das marcas, estreitando o relacionamento com os clientes. O espa\u00e7o exclusivo ter\u00e1 2.400 m\u00b2\" \/>\n<meta property=\"og:url\" content=\"https:\/\/revistaautobus.com.br\/?p=823\" \/>\n<meta property=\"og:site_name\" content=\"Revista AutoBus\" \/>\n<meta property=\"article:publisher\" content=\"https:\/\/www.facebook.com\/antonio.ferro.3150\" \/>\n<meta property=\"article:published_time\" content=\"2018-07-17T16:25:00+00:00\" \/>\n<meta property=\"article:modified_time\" content=\"2021-06-22T16:18:38+00:00\" \/>\n<meta property=\"og:image\" content=\"https:\/\/revistaautobus.com.br\/wp-content\/uploads\/2021\/06\/grupo-marcopolo-em-feira-de-transporte-1531852007.jpg\" \/>\n\t<meta property=\"og:image:width\" content=\"1200\" \/>\n\t<meta property=\"og:image:height\" content=\"223\" \/>\n\t<meta property=\"og:image:type\" content=\"image\/jpeg\" \/>\n<meta name=\"author\" content=\"Antonio Ferro\" \/>\n<meta name=\"twitter:card\" content=\"summary_large_image\" \/>\n<meta name=\"twitter:label1\" content=\"Escrito por\" \/>\n\t<meta name=\"twitter:data1\" content=\"Antonio Ferro\" \/>\n\t<meta name=\"twitter:label2\" content=\"Est. tempo de leitura\" \/>\n\t<meta name=\"twitter:data2\" content=\"1 minuto\" \/>\n<script type=\"application\/ld+json\" class=\"yoast-schema-graph\">{\"@context\":\"https:\/\/schema.org\",\"@graph\":[{\"@type\":\"Article\",\"@id\":\"https:\/\/revistaautobus.com.br\/?p=823#article\",\"isPartOf\":{\"@id\":\"https:\/\/revistaautobus.com.br\/?p=823\"},\"author\":{\"name\":\"Antonio Ferro\",\"@id\":\"https:\/\/revistaautobus.com.br\/#\/schema\/person\/54af7c3eb83a310e42ef686ef6d16f50\"},\"headline\":\"Grupo Marcopolo em feira de transporte\",\"datePublished\":\"2018-07-17T16:25:00+00:00\",\"dateModified\":\"2021-06-22T16:18:38+00:00\",\"mainEntityOfPage\":{\"@id\":\"https:\/\/revistaautobus.com.br\/?p=823\"},\"wordCount\":282,\"commentCount\":0,\"publisher\":{\"@id\":\"https:\/\/revistaautobus.com.br\/#organization\"},\"image\":{\"@id\":\"https:\/\/revistaautobus.com.br\/?p=823#primaryimage\"},\"thumbnailUrl\":\"https:\/\/revistaautobus.com.br\/wp-content\/uploads\/2021\/06\/grupo-marcopolo-em-feira-de-transporte-1531852007.jpg\",\"articleSection\":[\"Not\u00edcias\"],\"inLanguage\":\"pt-BR\",\"potentialAction\":[{\"@type\":\"CommentAction\",\"name\":\"Comment\",\"target\":[\"https:\/\/revistaautobus.com.br\/?p=823#respond\"]}]},{\"@type\":\"WebPage\",\"@id\":\"https:\/\/revistaautobus.com.br\/?p=823\",\"url\":\"https:\/\/revistaautobus.com.br\/?p=823\",\"name\":\"Grupo Marcopolo em feira de transporte - Revista AutoBus\",\"isPartOf\":{\"@id\":\"https:\/\/revistaautobus.com.br\/#website\"},\"primaryImageOfPage\":{\"@id\":\"https:\/\/revistaautobus.com.br\/?p=823#primaryimage\"},\"image\":{\"@id\":\"https:\/\/revistaautobus.com.br\/?p=823#primaryimage\"},\"thumbnailUrl\":\"https:\/\/revistaautobus.com.br\/wp-content\/uploads\/2021\/06\/grupo-marcopolo-em-feira-de-transporte-1531852007.jpg\",\"datePublished\":\"2018-07-17T16:25:00+00:00\",\"dateModified\":\"2021-06-22T16:18:38+00:00\",\"breadcrumb\":{\"@id\":\"https:\/\/revistaautobus.com.br\/?p=823#breadcrumb\"},\"inLanguage\":\"pt-BR\",\"potentialAction\":[{\"@type\":\"ReadAction\",\"target\":[\"https:\/\/revistaautobus.com.br\/?p=823\"]}]},{\"@type\":\"ImageObject\",\"inLanguage\":\"pt-BR\",\"@id\":\"https:\/\/revistaautobus.com.br\/?p=823#primaryimage\",\"url\":\"https:\/\/revistaautobus.com.br\/wp-content\/uploads\/2021\/06\/grupo-marcopolo-em-feira-de-transporte-1531852007.jpg\",\"contentUrl\":\"https:\/\/revistaautobus.com.br\/wp-content\/uploads\/2021\/06\/grupo-marcopolo-em-feira-de-transporte-1531852007.jpg\",\"width\":1200,\"height\":223},{\"@type\":\"BreadcrumbList\",\"@id\":\"https:\/\/revistaautobus.com.br\/?p=823#breadcrumb\",\"itemListElement\":[{\"@type\":\"ListItem\",\"position\":1,\"name\":\"In\u00edcio\",\"item\":\"https:\/\/revistaautobus.com.br\/\"},{\"@type\":\"ListItem\",\"position\":2,\"name\":\"Grupo Marcopolo em feira de transporte\"}]},{\"@type\":\"WebSite\",\"@id\":\"https:\/\/revistaautobus.com.br\/#website\",\"url\":\"https:\/\/revistaautobus.com.br\/\",\"name\":\"Revista AutoBus\",\"description\":\"\",\"publisher\":{\"@id\":\"https:\/\/revistaautobus.com.br\/#organization\"},\"potentialAction\":[{\"@type\":\"SearchAction\",\"target\":{\"@type\":\"EntryPoint\",\"urlTemplate\":\"https:\/\/revistaautobus.com.br\/?s={search_term_string}\"},\"query-input\":{\"@type\":\"PropertyValueSpecification\",\"valueRequired\":true,\"valueName\":\"search_term_string\"}}],\"inLanguage\":\"pt-BR\"},{\"@type\":\"Organization\",\"@id\":\"https:\/\/revistaautobus.com.br\/#organization\",\"name\":\"Revista AutoBus\",\"url\":\"https:\/\/revistaautobus.com.br\/\",\"logo\":{\"@type\":\"ImageObject\",\"inLanguage\":\"pt-BR\",\"@id\":\"https:\/\/revistaautobus.com.br\/#\/schema\/logo\/image\/\",\"url\":\"https:\/\/revistaautobus.com.br\/wp-content\/uploads\/2024\/11\/logo_revista_autobus_fb.png\",\"contentUrl\":\"https:\/\/revistaautobus.com.br\/wp-content\/uploads\/2024\/11\/logo_revista_autobus_fb.png\",\"width\":836,\"height\":227,\"caption\":\"Revista AutoBus\"},\"image\":{\"@id\":\"https:\/\/revistaautobus.com.br\/#\/schema\/logo\/image\/\"},\"sameAs\":[\"https:\/\/www.facebook.com\/antonio.ferro.3150\",\"https:\/\/www.instagram.com\/revistaautobus\/\"]},{\"@type\":\"Person\",\"@id\":\"https:\/\/revistaautobus.com.br\/#\/schema\/person\/54af7c3eb83a310e42ef686ef6d16f50\",\"name\":\"Antonio Ferro\",\"image\":{\"@type\":\"ImageObject\",\"inLanguage\":\"pt-BR\",\"@id\":\"https:\/\/revistaautobus.com.br\/wp-content\/uploads\/2025\/12\/editor_antonio_ferro-150x150.jpg\",\"url\":\"https:\/\/revistaautobus.com.br\/wp-content\/uploads\/2025\/12\/editor_antonio_ferro-150x150.jpg\",\"contentUrl\":\"https:\/\/revistaautobus.com.br\/wp-content\/uploads\/2025\/12\/editor_antonio_ferro-150x150.jpg\",\"caption\":\"Antonio Ferro\"},\"description\":\"infobus@uol.com.br\",\"url\":\"https:\/\/revistaautobus.com.br\/?author=2\"}]}<\/script>\n<!-- \/ Yoast SEO plugin. -->","yoast_head_json":{"title":"Grupo Marcopolo em feira de transporte - Revista AutoBus","robots":{"index":"index","follow":"follow","max-snippet":"max-snippet:-1","max-image-preview":"max-image-preview:large","max-video-preview":"max-video-preview:-1"},"canonical":"https:\/\/revistaautobus.com.br\/?p=823","og_locale":"pt_BR","og_type":"article","og_title":"Grupo Marcopolo em feira de transporte - Revista AutoBus","og_description":"A estrat\u00e9gia, segundo o Grupo, \u00e9 refor\u00e7ar o novo posicionamento de mercado de cada uma das marcas, estreitando o relacionamento com os clientes. O espa\u00e7o exclusivo ter\u00e1 2.400 m\u00b2","og_url":"https:\/\/revistaautobus.com.br\/?p=823","og_site_name":"Revista AutoBus","article_publisher":"https:\/\/www.facebook.com\/antonio.ferro.3150","article_published_time":"2018-07-17T16:25:00+00:00","article_modified_time":"2021-06-22T16:18:38+00:00","og_image":[{"width":1200,"height":223,"url":"https:\/\/revistaautobus.com.br\/wp-content\/uploads\/2021\/06\/grupo-marcopolo-em-feira-de-transporte-1531852007.jpg","type":"image\/jpeg"}],"author":"Antonio Ferro","twitter_card":"summary_large_image","twitter_misc":{"Escrito por":"Antonio Ferro","Est. tempo de leitura":"1 minuto"},"schema":{"@context":"https:\/\/schema.org","@graph":[{"@type":"Article","@id":"https:\/\/revistaautobus.com.br\/?p=823#article","isPartOf":{"@id":"https:\/\/revistaautobus.com.br\/?p=823"},"author":{"name":"Antonio Ferro","@id":"https:\/\/revistaautobus.com.br\/#\/schema\/person\/54af7c3eb83a310e42ef686ef6d16f50"},"headline":"Grupo Marcopolo em feira de transporte","datePublished":"2018-07-17T16:25:00+00:00","dateModified":"2021-06-22T16:18:38+00:00","mainEntityOfPage":{"@id":"https:\/\/revistaautobus.com.br\/?p=823"},"wordCount":282,"commentCount":0,"publisher":{"@id":"https:\/\/revistaautobus.com.br\/#organization"},"image":{"@id":"https:\/\/revistaautobus.com.br\/?p=823#primaryimage"},"thumbnailUrl":"https:\/\/revistaautobus.com.br\/wp-content\/uploads\/2021\/06\/grupo-marcopolo-em-feira-de-transporte-1531852007.jpg","articleSection":["Not\u00edcias"],"inLanguage":"pt-BR","potentialAction":[{"@type":"CommentAction","name":"Comment","target":["https:\/\/revistaautobus.com.br\/?p=823#respond"]}]},{"@type":"WebPage","@id":"https:\/\/revistaautobus.com.br\/?p=823","url":"https:\/\/revistaautobus.com.br\/?p=823","name":"Grupo Marcopolo em feira de transporte - Revista AutoBus","isPartOf":{"@id":"https:\/\/revistaautobus.com.br\/#website"},"primaryImageOfPage":{"@id":"https:\/\/revistaautobus.com.br\/?p=823#primaryimage"},"image":{"@id":"https:\/\/revistaautobus.com.br\/?p=823#primaryimage"},"thumbnailUrl":"https:\/\/revistaautobus.com.br\/wp-content\/uploads\/2021\/06\/grupo-marcopolo-em-feira-de-transporte-1531852007.jpg","datePublished":"2018-07-17T16:25:00+00:00","dateModified":"2021-06-22T16:18:38+00:00","breadcrumb":{"@id":"https:\/\/revistaautobus.com.br\/?p=823#breadcrumb"},"inLanguage":"pt-BR","potentialAction":[{"@type":"ReadAction","target":["https:\/\/revistaautobus.com.br\/?p=823"]}]},{"@type":"ImageObject","inLanguage":"pt-BR","@id":"https:\/\/revistaautobus.com.br\/?p=823#primaryimage","url":"https:\/\/revistaautobus.com.br\/wp-content\/uploads\/2021\/06\/grupo-marcopolo-em-feira-de-transporte-1531852007.jpg","contentUrl":"https:\/\/revistaautobus.com.br\/wp-content\/uploads\/2021\/06\/grupo-marcopolo-em-feira-de-transporte-1531852007.jpg","width":1200,"height":223},{"@type":"BreadcrumbList","@id":"https:\/\/revistaautobus.com.br\/?p=823#breadcrumb","itemListElement":[{"@type":"ListItem","position":1,"name":"In\u00edcio","item":"https:\/\/revistaautobus.com.br\/"},{"@type":"ListItem","position":2,"name":"Grupo Marcopolo em feira de transporte"}]},{"@type":"WebSite","@id":"https:\/\/revistaautobus.com.br\/#website","url":"https:\/\/revistaautobus.com.br\/","name":"Revista AutoBus","description":"","publisher":{"@id":"https:\/\/revistaautobus.com.br\/#organization"},"potentialAction":[{"@type":"SearchAction","target":{"@type":"EntryPoint","urlTemplate":"https:\/\/revistaautobus.com.br\/?s={search_term_string}"},"query-input":{"@type":"PropertyValueSpecification","valueRequired":true,"valueName":"search_term_string"}}],"inLanguage":"pt-BR"},{"@type":"Organization","@id":"https:\/\/revistaautobus.com.br\/#organization","name":"Revista AutoBus","url":"https:\/\/revistaautobus.com.br\/","logo":{"@type":"ImageObject","inLanguage":"pt-BR","@id":"https:\/\/revistaautobus.com.br\/#\/schema\/logo\/image\/","url":"https:\/\/revistaautobus.com.br\/wp-content\/uploads\/2024\/11\/logo_revista_autobus_fb.png","contentUrl":"https:\/\/revistaautobus.com.br\/wp-content\/uploads\/2024\/11\/logo_revista_autobus_fb.png","width":836,"height":227,"caption":"Revista AutoBus"},"image":{"@id":"https:\/\/revistaautobus.com.br\/#\/schema\/logo\/image\/"},"sameAs":["https:\/\/www.facebook.com\/antonio.ferro.3150","https:\/\/www.instagram.com\/revistaautobus\/"]},{"@type":"Person","@id":"https:\/\/revistaautobus.com.br\/#\/schema\/person\/54af7c3eb83a310e42ef686ef6d16f50","name":"Antonio Ferro","image":{"@type":"ImageObject","inLanguage":"pt-BR","@id":"https:\/\/revistaautobus.com.br\/wp-content\/uploads\/2025\/12\/editor_antonio_ferro-150x150.jpg","url":"https:\/\/revistaautobus.com.br\/wp-content\/uploads\/2025\/12\/editor_antonio_ferro-150x150.jpg","contentUrl":"https:\/\/revistaautobus.com.br\/wp-content\/uploads\/2025\/12\/editor_antonio_ferro-150x150.jpg","caption":"Antonio Ferro"},"description":"infobus@uol.com.br","url":"https:\/\/revistaautobus.com.br\/?author=2"}]}},"jetpack_featured_media_url":"https:\/\/revistaautobus.com.br\/wp-content\/uploads\/2021\/06\/grupo-marcopolo-em-feira-de-transporte-1531852007.jpg","jetpack_sharing_enabled":true,"_links":{"self":[{"href":"https:\/\/revistaautobus.com.br\/index.php?rest_route=\/wp\/v2\/posts\/823","targetHints":{"allow":["GET"]}}],"collection":[{"href":"https:\/\/revistaautobus.com.br\/index.php?rest_route=\/wp\/v2\/posts"}],"about":[{"href":"https:\/\/revistaautobus.com.br\/index.php?rest_route=\/wp\/v2\/types\/post"}],"author":[{"embeddable":true,"href":"https:\/\/revistaautobus.com.br\/index.php?rest_route=\/wp\/v2\/users\/2"}],"replies":[{"embeddable":true,"href":"https:\/\/revistaautobus.com.br\/index.php?rest_route=%2Fwp%2Fv2%2Fcomments&post=823"}],"version-history":[{"count":1,"href":"https:\/\/revistaautobus.com.br\/index.php?rest_route=\/wp\/v2\/posts\/823\/revisions"}],"predecessor-version":[{"id":825,"href":"https:\/\/revistaautobus.com.br\/index.php?rest_route=\/wp\/v2\/posts\/823\/revisions\/825"}],"wp:featuredmedia":[{"embeddable":true,"href":"https:\/\/revistaautobus.com.br\/index.php?rest_route=\/wp\/v2\/media\/824"}],"wp:attachment":[{"href":"https:\/\/revistaautobus.com.br\/index.php?rest_route=%2Fwp%2Fv2%2Fmedia&parent=823"}],"wp:term":[{"taxonomy":"category","embeddable":true,"href":"https:\/\/revistaautobus.com.br\/index.php?rest_route=%2Fwp%2Fv2%2Fcategories&post=823"},{"taxonomy":"post_tag","embeddable":true,"href":"https:\/\/revistaautobus.com.br\/index.php?rest_route=%2Fwp%2Fv2%2Ftags&post=823"}],"curies":[{"name":"wp","href":"https:\/\/api.w.org\/{rel}","templated":true}]}}