{"id":8236,"date":"2023-02-14T09:31:29","date_gmt":"2023-02-14T12:31:29","guid":{"rendered":"https:\/\/revistaautobus.com.br\/?p=8236"},"modified":"2023-02-14T09:31:32","modified_gmt":"2023-02-14T12:31:32","slug":"soteropolitanos-com-novos-onibus-caio","status":"publish","type":"post","link":"https:\/\/revistaautobus.com.br\/?p=8236","title":{"rendered":"Soteropolitanos com novos \u00f4nibus Caio"},"content":{"rendered":"\n<p>Duas operadoras do transporte coletivo de Salvador (BA), \u00d3tima Transportes (OT Trans) e Plataforma Transportes, adquiriam 213 novos \u00f4nibus com carro\u00e7arias da marca paulista Caio para a renova\u00e7\u00e3o de suas respectivas frotas. S\u00e3o 119 unidades do Apache Vip V (69 para a \u00d3tima e 50 para a Plataforma), 36 unidades do Millennium, carro\u00e7aria para chassis com motor traseiro, (20 para a \u00d3tima e 16 para a Plataforma) e oito unidades do eMillennium \u2013 el\u00e9trico &#8211; (5 para a \u00d3tima e 3 para a Plataforma). O micro-\u00f4nibus Foz, com sua vers\u00e3o F2400, tamb\u00e9m foi comercializado, sendo 29 unidades para a \u00d3tima e outras 21 unidades para a Plataforma Transportes.<\/p>\n\n\n\n<p>Os novos \u00f4nibus contam com chassis Mercedes-Benz e Volkswagen. No caso do modelo el\u00e9trico, a carro\u00e7aria eMillinnium recebeu o chassi Mercedes-Benz recebem o sistema de eletrifica\u00e7\u00e3o realizado pela Eletra, com inversor e bateria da WEG, tendo 12,35 metros de comprimento e capacidade para 72 passageiros.<\/p>\n\n\n\n<p>Todas as carro\u00e7arias possuem sistema de ar-condicionado, poltronas ergon\u00f4micas, revestidas com material que agrega resist\u00eancia, durabilidade e facilidade de limpeza, e ilumina\u00e7\u00e3o interna em LED.<\/p>\n\n\n\n<p>De acordo com a Caio, os atributos positivos de seus ve\u00edculos, assim como os demais produtos, refletem o DNA da empresa, que refor\u00e7a ser uma marca com zelo pela qualidade, seguran\u00e7a, durabilidade, inova\u00e7\u00e3o e efici\u00eancia operacional. A encarro\u00e7adora ainda ressaltou que, ambos os clientes possuem como caracter\u00edstica oferecer aos passageiros servi\u00e7os de mobilidade modernos, confort\u00e1veis, seguros e com qualidade superior.<\/p>\n\n\n\n<p>Imagem &#8211; Divulga\u00e7\u00e3o<\/p>\n","protected":false},"excerpt":{"rendered":"<p>A cidade de Salvador tem se destacado, nos \u00faltimos meses, pela grande renova\u00e7\u00e3o de \u00f4nibus para o seu sistema de transporte coletivo<\/p>\n","protected":false},"author":2,"featured_media":8237,"comment_status":"open","ping_status":"open","sticky":false,"template":"","format":"standard","meta":{"_et_pb_use_builder":"off","_et_pb_old_content":"","_et_gb_content_width":"","_jetpack_memberships_contains_paid_content":false,"footnotes":""},"categories":[55],"tags":[83,17],"class_list":["post-8236","post","type-post","status-publish","format-standard","has-post-thumbnail","hentry","category-encarrocadora","tag-caio","tag-mercedes-benz","et-has-post-format-content","et_post_format-et-post-format-standard"],"yoast_head":"<!-- This site is optimized with the Yoast SEO plugin v27.2 - https:\/\/yoast.com\/product\/yoast-seo-wordpress\/ -->\n<title>Soteropolitanos com novos \u00f4nibus Caio - Revista AutoBus<\/title>\n<meta name=\"robots\" content=\"index, follow, max-snippet:-1, max-image-preview:large, max-video-preview:-1\" \/>\n<link rel=\"canonical\" href=\"https:\/\/revistaautobus.com.br\/?p=8236\" \/>\n<meta property=\"og:locale\" content=\"pt_BR\" \/>\n<meta property=\"og:type\" content=\"article\" \/>\n<meta property=\"og:title\" content=\"Soteropolitanos com novos \u00f4nibus Caio - Revista AutoBus\" \/>\n<meta property=\"og:description\" content=\"A cidade de Salvador tem se destacado, nos \u00faltimos meses, pela grande renova\u00e7\u00e3o de \u00f4nibus para o seu sistema de transporte coletivo\" \/>\n<meta property=\"og:url\" content=\"https:\/\/revistaautobus.com.br\/?p=8236\" \/>\n<meta property=\"og:site_name\" content=\"Revista AutoBus\" \/>\n<meta property=\"article:publisher\" content=\"https:\/\/www.facebook.com\/antonio.ferro.3150\" \/>\n<meta property=\"article:published_time\" content=\"2023-02-14T12:31:29+00:00\" \/>\n<meta property=\"article:modified_time\" content=\"2023-02-14T12:31:32+00:00\" \/>\n<meta property=\"og:image\" content=\"https:\/\/revistaautobus.com.br\/wp-content\/uploads\/2023\/02\/Apache-VIP-Salvador_4.png\" \/>\n\t<meta property=\"og:image:width\" content=\"1000\" \/>\n\t<meta property=\"og:image:height\" content=\"750\" \/>\n\t<meta property=\"og:image:type\" content=\"image\/png\" \/>\n<meta name=\"author\" content=\"Antonio Ferro\" \/>\n<meta name=\"twitter:card\" content=\"summary_large_image\" \/>\n<meta name=\"twitter:label1\" content=\"Escrito por\" \/>\n\t<meta name=\"twitter:data1\" content=\"Antonio Ferro\" \/>\n\t<meta name=\"twitter:label2\" content=\"Est. tempo de leitura\" \/>\n\t<meta name=\"twitter:data2\" content=\"1 minuto\" \/>\n<script type=\"application\/ld+json\" class=\"yoast-schema-graph\">{\"@context\":\"https:\/\/schema.org\",\"@graph\":[{\"@type\":\"Article\",\"@id\":\"https:\/\/revistaautobus.com.br\/?p=8236#article\",\"isPartOf\":{\"@id\":\"https:\/\/revistaautobus.com.br\/?p=8236\"},\"author\":{\"name\":\"Antonio Ferro\",\"@id\":\"https:\/\/revistaautobus.com.br\/#\/schema\/person\/54af7c3eb83a310e42ef686ef6d16f50\"},\"headline\":\"Soteropolitanos com novos \u00f4nibus Caio\",\"datePublished\":\"2023-02-14T12:31:29+00:00\",\"dateModified\":\"2023-02-14T12:31:32+00:00\",\"mainEntityOfPage\":{\"@id\":\"https:\/\/revistaautobus.com.br\/?p=8236\"},\"wordCount\":257,\"commentCount\":0,\"publisher\":{\"@id\":\"https:\/\/revistaautobus.com.br\/#organization\"},\"image\":{\"@id\":\"https:\/\/revistaautobus.com.br\/?p=8236#primaryimage\"},\"thumbnailUrl\":\"https:\/\/revistaautobus.com.br\/wp-content\/uploads\/2023\/02\/Apache-VIP-Salvador_4.png\",\"keywords\":[\"Caio\",\"mercedes-benz\"],\"articleSection\":[\"Encarro\u00e7adora\"],\"inLanguage\":\"pt-BR\",\"potentialAction\":[{\"@type\":\"CommentAction\",\"name\":\"Comment\",\"target\":[\"https:\/\/revistaautobus.com.br\/?p=8236#respond\"]}]},{\"@type\":\"WebPage\",\"@id\":\"https:\/\/revistaautobus.com.br\/?p=8236\",\"url\":\"https:\/\/revistaautobus.com.br\/?p=8236\",\"name\":\"Soteropolitanos com novos \u00f4nibus Caio - Revista AutoBus\",\"isPartOf\":{\"@id\":\"https:\/\/revistaautobus.com.br\/#website\"},\"primaryImageOfPage\":{\"@id\":\"https:\/\/revistaautobus.com.br\/?p=8236#primaryimage\"},\"image\":{\"@id\":\"https:\/\/revistaautobus.com.br\/?p=8236#primaryimage\"},\"thumbnailUrl\":\"https:\/\/revistaautobus.com.br\/wp-content\/uploads\/2023\/02\/Apache-VIP-Salvador_4.png\",\"datePublished\":\"2023-02-14T12:31:29+00:00\",\"dateModified\":\"2023-02-14T12:31:32+00:00\",\"breadcrumb\":{\"@id\":\"https:\/\/revistaautobus.com.br\/?p=8236#breadcrumb\"},\"inLanguage\":\"pt-BR\",\"potentialAction\":[{\"@type\":\"ReadAction\",\"target\":[\"https:\/\/revistaautobus.com.br\/?p=8236\"]}]},{\"@type\":\"ImageObject\",\"inLanguage\":\"pt-BR\",\"@id\":\"https:\/\/revistaautobus.com.br\/?p=8236#primaryimage\",\"url\":\"https:\/\/revistaautobus.com.br\/wp-content\/uploads\/2023\/02\/Apache-VIP-Salvador_4.png\",\"contentUrl\":\"https:\/\/revistaautobus.com.br\/wp-content\/uploads\/2023\/02\/Apache-VIP-Salvador_4.png\",\"width\":1000,\"height\":750},{\"@type\":\"BreadcrumbList\",\"@id\":\"https:\/\/revistaautobus.com.br\/?p=8236#breadcrumb\",\"itemListElement\":[{\"@type\":\"ListItem\",\"position\":1,\"name\":\"In\u00edcio\",\"item\":\"https:\/\/revistaautobus.com.br\/\"},{\"@type\":\"ListItem\",\"position\":2,\"name\":\"Soteropolitanos com novos \u00f4nibus Caio\"}]},{\"@type\":\"WebSite\",\"@id\":\"https:\/\/revistaautobus.com.br\/#website\",\"url\":\"https:\/\/revistaautobus.com.br\/\",\"name\":\"Revista AutoBus\",\"description\":\"\",\"publisher\":{\"@id\":\"https:\/\/revistaautobus.com.br\/#organization\"},\"potentialAction\":[{\"@type\":\"SearchAction\",\"target\":{\"@type\":\"EntryPoint\",\"urlTemplate\":\"https:\/\/revistaautobus.com.br\/?s={search_term_string}\"},\"query-input\":{\"@type\":\"PropertyValueSpecification\",\"valueRequired\":true,\"valueName\":\"search_term_string\"}}],\"inLanguage\":\"pt-BR\"},{\"@type\":\"Organization\",\"@id\":\"https:\/\/revistaautobus.com.br\/#organization\",\"name\":\"Revista AutoBus\",\"url\":\"https:\/\/revistaautobus.com.br\/\",\"logo\":{\"@type\":\"ImageObject\",\"inLanguage\":\"pt-BR\",\"@id\":\"https:\/\/revistaautobus.com.br\/#\/schema\/logo\/image\/\",\"url\":\"https:\/\/revistaautobus.com.br\/wp-content\/uploads\/2024\/11\/logo_revista_autobus_fb.png\",\"contentUrl\":\"https:\/\/revistaautobus.com.br\/wp-content\/uploads\/2024\/11\/logo_revista_autobus_fb.png\",\"width\":836,\"height\":227,\"caption\":\"Revista AutoBus\"},\"image\":{\"@id\":\"https:\/\/revistaautobus.com.br\/#\/schema\/logo\/image\/\"},\"sameAs\":[\"https:\/\/www.facebook.com\/antonio.ferro.3150\",\"https:\/\/www.instagram.com\/revistaautobus\/\"]},{\"@type\":\"Person\",\"@id\":\"https:\/\/revistaautobus.com.br\/#\/schema\/person\/54af7c3eb83a310e42ef686ef6d16f50\",\"name\":\"Antonio Ferro\",\"image\":{\"@type\":\"ImageObject\",\"inLanguage\":\"pt-BR\",\"@id\":\"https:\/\/revistaautobus.com.br\/wp-content\/uploads\/2025\/12\/editor_antonio_ferro-150x150.jpg\",\"url\":\"https:\/\/revistaautobus.com.br\/wp-content\/uploads\/2025\/12\/editor_antonio_ferro-150x150.jpg\",\"contentUrl\":\"https:\/\/revistaautobus.com.br\/wp-content\/uploads\/2025\/12\/editor_antonio_ferro-150x150.jpg\",\"caption\":\"Antonio Ferro\"},\"description\":\"infobus@uol.com.br\",\"url\":\"https:\/\/revistaautobus.com.br\/?author=2\"}]}<\/script>\n<!-- \/ Yoast SEO plugin. -->","yoast_head_json":{"title":"Soteropolitanos com novos \u00f4nibus Caio - Revista AutoBus","robots":{"index":"index","follow":"follow","max-snippet":"max-snippet:-1","max-image-preview":"max-image-preview:large","max-video-preview":"max-video-preview:-1"},"canonical":"https:\/\/revistaautobus.com.br\/?p=8236","og_locale":"pt_BR","og_type":"article","og_title":"Soteropolitanos com novos \u00f4nibus Caio - Revista AutoBus","og_description":"A cidade de Salvador tem se destacado, nos \u00faltimos meses, pela grande renova\u00e7\u00e3o de \u00f4nibus para o seu sistema de transporte coletivo","og_url":"https:\/\/revistaautobus.com.br\/?p=8236","og_site_name":"Revista AutoBus","article_publisher":"https:\/\/www.facebook.com\/antonio.ferro.3150","article_published_time":"2023-02-14T12:31:29+00:00","article_modified_time":"2023-02-14T12:31:32+00:00","og_image":[{"width":1000,"height":750,"url":"https:\/\/revistaautobus.com.br\/wp-content\/uploads\/2023\/02\/Apache-VIP-Salvador_4.png","type":"image\/png"}],"author":"Antonio Ferro","twitter_card":"summary_large_image","twitter_misc":{"Escrito por":"Antonio Ferro","Est. tempo de leitura":"1 minuto"},"schema":{"@context":"https:\/\/schema.org","@graph":[{"@type":"Article","@id":"https:\/\/revistaautobus.com.br\/?p=8236#article","isPartOf":{"@id":"https:\/\/revistaautobus.com.br\/?p=8236"},"author":{"name":"Antonio Ferro","@id":"https:\/\/revistaautobus.com.br\/#\/schema\/person\/54af7c3eb83a310e42ef686ef6d16f50"},"headline":"Soteropolitanos com novos \u00f4nibus Caio","datePublished":"2023-02-14T12:31:29+00:00","dateModified":"2023-02-14T12:31:32+00:00","mainEntityOfPage":{"@id":"https:\/\/revistaautobus.com.br\/?p=8236"},"wordCount":257,"commentCount":0,"publisher":{"@id":"https:\/\/revistaautobus.com.br\/#organization"},"image":{"@id":"https:\/\/revistaautobus.com.br\/?p=8236#primaryimage"},"thumbnailUrl":"https:\/\/revistaautobus.com.br\/wp-content\/uploads\/2023\/02\/Apache-VIP-Salvador_4.png","keywords":["Caio","mercedes-benz"],"articleSection":["Encarro\u00e7adora"],"inLanguage":"pt-BR","potentialAction":[{"@type":"CommentAction","name":"Comment","target":["https:\/\/revistaautobus.com.br\/?p=8236#respond"]}]},{"@type":"WebPage","@id":"https:\/\/revistaautobus.com.br\/?p=8236","url":"https:\/\/revistaautobus.com.br\/?p=8236","name":"Soteropolitanos com novos \u00f4nibus Caio - Revista AutoBus","isPartOf":{"@id":"https:\/\/revistaautobus.com.br\/#website"},"primaryImageOfPage":{"@id":"https:\/\/revistaautobus.com.br\/?p=8236#primaryimage"},"image":{"@id":"https:\/\/revistaautobus.com.br\/?p=8236#primaryimage"},"thumbnailUrl":"https:\/\/revistaautobus.com.br\/wp-content\/uploads\/2023\/02\/Apache-VIP-Salvador_4.png","datePublished":"2023-02-14T12:31:29+00:00","dateModified":"2023-02-14T12:31:32+00:00","breadcrumb":{"@id":"https:\/\/revistaautobus.com.br\/?p=8236#breadcrumb"},"inLanguage":"pt-BR","potentialAction":[{"@type":"ReadAction","target":["https:\/\/revistaautobus.com.br\/?p=8236"]}]},{"@type":"ImageObject","inLanguage":"pt-BR","@id":"https:\/\/revistaautobus.com.br\/?p=8236#primaryimage","url":"https:\/\/revistaautobus.com.br\/wp-content\/uploads\/2023\/02\/Apache-VIP-Salvador_4.png","contentUrl":"https:\/\/revistaautobus.com.br\/wp-content\/uploads\/2023\/02\/Apache-VIP-Salvador_4.png","width":1000,"height":750},{"@type":"BreadcrumbList","@id":"https:\/\/revistaautobus.com.br\/?p=8236#breadcrumb","itemListElement":[{"@type":"ListItem","position":1,"name":"In\u00edcio","item":"https:\/\/revistaautobus.com.br\/"},{"@type":"ListItem","position":2,"name":"Soteropolitanos com novos \u00f4nibus Caio"}]},{"@type":"WebSite","@id":"https:\/\/revistaautobus.com.br\/#website","url":"https:\/\/revistaautobus.com.br\/","name":"Revista AutoBus","description":"","publisher":{"@id":"https:\/\/revistaautobus.com.br\/#organization"},"potentialAction":[{"@type":"SearchAction","target":{"@type":"EntryPoint","urlTemplate":"https:\/\/revistaautobus.com.br\/?s={search_term_string}"},"query-input":{"@type":"PropertyValueSpecification","valueRequired":true,"valueName":"search_term_string"}}],"inLanguage":"pt-BR"},{"@type":"Organization","@id":"https:\/\/revistaautobus.com.br\/#organization","name":"Revista AutoBus","url":"https:\/\/revistaautobus.com.br\/","logo":{"@type":"ImageObject","inLanguage":"pt-BR","@id":"https:\/\/revistaautobus.com.br\/#\/schema\/logo\/image\/","url":"https:\/\/revistaautobus.com.br\/wp-content\/uploads\/2024\/11\/logo_revista_autobus_fb.png","contentUrl":"https:\/\/revistaautobus.com.br\/wp-content\/uploads\/2024\/11\/logo_revista_autobus_fb.png","width":836,"height":227,"caption":"Revista AutoBus"},"image":{"@id":"https:\/\/revistaautobus.com.br\/#\/schema\/logo\/image\/"},"sameAs":["https:\/\/www.facebook.com\/antonio.ferro.3150","https:\/\/www.instagram.com\/revistaautobus\/"]},{"@type":"Person","@id":"https:\/\/revistaautobus.com.br\/#\/schema\/person\/54af7c3eb83a310e42ef686ef6d16f50","name":"Antonio Ferro","image":{"@type":"ImageObject","inLanguage":"pt-BR","@id":"https:\/\/revistaautobus.com.br\/wp-content\/uploads\/2025\/12\/editor_antonio_ferro-150x150.jpg","url":"https:\/\/revistaautobus.com.br\/wp-content\/uploads\/2025\/12\/editor_antonio_ferro-150x150.jpg","contentUrl":"https:\/\/revistaautobus.com.br\/wp-content\/uploads\/2025\/12\/editor_antonio_ferro-150x150.jpg","caption":"Antonio Ferro"},"description":"infobus@uol.com.br","url":"https:\/\/revistaautobus.com.br\/?author=2"}]}},"jetpack_featured_media_url":"https:\/\/revistaautobus.com.br\/wp-content\/uploads\/2023\/02\/Apache-VIP-Salvador_4.png","jetpack_sharing_enabled":true,"_links":{"self":[{"href":"https:\/\/revistaautobus.com.br\/index.php?rest_route=\/wp\/v2\/posts\/8236","targetHints":{"allow":["GET"]}}],"collection":[{"href":"https:\/\/revistaautobus.com.br\/index.php?rest_route=\/wp\/v2\/posts"}],"about":[{"href":"https:\/\/revistaautobus.com.br\/index.php?rest_route=\/wp\/v2\/types\/post"}],"author":[{"embeddable":true,"href":"https:\/\/revistaautobus.com.br\/index.php?rest_route=\/wp\/v2\/users\/2"}],"replies":[{"embeddable":true,"href":"https:\/\/revistaautobus.com.br\/index.php?rest_route=%2Fwp%2Fv2%2Fcomments&post=8236"}],"version-history":[{"count":2,"href":"https:\/\/revistaautobus.com.br\/index.php?rest_route=\/wp\/v2\/posts\/8236\/revisions"}],"predecessor-version":[{"id":8239,"href":"https:\/\/revistaautobus.com.br\/index.php?rest_route=\/wp\/v2\/posts\/8236\/revisions\/8239"}],"wp:featuredmedia":[{"embeddable":true,"href":"https:\/\/revistaautobus.com.br\/index.php?rest_route=\/wp\/v2\/media\/8237"}],"wp:attachment":[{"href":"https:\/\/revistaautobus.com.br\/index.php?rest_route=%2Fwp%2Fv2%2Fmedia&parent=8236"}],"wp:term":[{"taxonomy":"category","embeddable":true,"href":"https:\/\/revistaautobus.com.br\/index.php?rest_route=%2Fwp%2Fv2%2Fcategories&post=8236"},{"taxonomy":"post_tag","embeddable":true,"href":"https:\/\/revistaautobus.com.br\/index.php?rest_route=%2Fwp%2Fv2%2Ftags&post=8236"}],"curies":[{"name":"wp","href":"https:\/\/api.w.org\/{rel}","templated":true}]}}