{"id":8600,"date":"2023-04-10T08:57:58","date_gmt":"2023-04-10T11:57:58","guid":{"rendered":"https:\/\/revistaautobus.com.br\/?p=8600"},"modified":"2023-04-10T08:57:58","modified_gmt":"2023-04-10T11:57:58","slug":"uma-parceria-que-vem-do-fundo-do-bau","status":"publish","type":"post","link":"https:\/\/revistaautobus.com.br\/?p=8600","title":{"rendered":"Uma parceria que vem do fundo do ba\u00fa"},"content":{"rendered":"<p>Pode n\u00e3o parecer, mas a tradicional operadora rodovi\u00e1ria Via\u00e7\u00e3o Cometa tem uma longa parceria com a montadora Mercedes-Benz. Antes mesmo de se tornar fiel \u00e0 uma marca, que por muitos anos foi a \u00fanica em sua frota, a transportadora paulista j\u00e1 tinha la\u00e7os estreitos com a fabricante de origem alem\u00e3.<\/p>\n<p>Por exemplo, em 1959, portanto, h\u00e1 quase 65 anos, a Cometa j\u00e1 era cliente da Mercedes-Benz, por interm\u00e9dio da opera\u00e7\u00e3o dos primeiros \u00f4nibus monoblocos O-321 HL, novidade rec\u00e9m-chegada em nosso Pa\u00eds, que apresentava diferenciais em sua concep\u00e7\u00e3o.<\/p>\n<p>Na mencionada pe\u00e7a publicit\u00e1ria, a montadora ressaltava a signific\u00e2ncia da operadora frente ao segmento, sempre buscando oferecer os melhores servi\u00e7os. E, para isso, apostou na tecnologia de seu ve\u00edculo, ent\u00e3o com v\u00e1rios aspectos que proporcionavam um novo modelo de transporte, sempre pautado pela inova\u00e7\u00e3o e otimiza\u00e7\u00e3o operacional. Naquela \u00e9poca, a empresa rodovi\u00e1ria investiu na aquisi\u00e7\u00e3o de 160 unidades do ve\u00edculo, algo bem expressivo, movimentando o mercado e mexendo com a concorr\u00eancia, em rotas entre a capital S\u00e3o Paulo com o interior e o litoral do estado.<\/p>\n<p>Ao longo dos anos, o conceito de \u00f4nibus integral (carro\u00e7arias e plataforma unidas em uma pe\u00e7a s\u00f3) foi ganhando for\u00e7a, sendo que a Mercedes-Benz se transformou na \u00fanica fabricante a manter em sua gama de produtos vers\u00f5es com essa caracter\u00edstica, at\u00e9 meados da d\u00e9cada de 1990.<\/p>\n<p>Imagem &#8211; Acervo revista AutoBus<\/p>\n","protected":false},"excerpt":{"rendered":"<p>A rela\u00e7\u00e3o comercial entre duas grandes empresas brasileiras envolvidas com o transporte rodovi\u00e1rio<\/p>\n","protected":false},"author":2,"featured_media":8601,"comment_status":"open","ping_status":"open","sticky":false,"template":"","format":"standard","meta":{"_et_pb_use_builder":"","_et_pb_old_content":"","_et_gb_content_width":"","_jetpack_memberships_contains_paid_content":false,"footnotes":""},"categories":[6,80],"tags":[17,488,122],"class_list":["post-8600","post","type-post","status-publish","format-standard","has-post-thumbnail","hentry","category-das-antigas","category-transporte-rodoviario","tag-mercedes-benz","tag-monobloco-oh321","tag-viacao-cometa","et-has-post-format-content","et_post_format-et-post-format-standard"],"yoast_head":"<!-- This site is optimized with the Yoast SEO plugin v27.2 - https:\/\/yoast.com\/product\/yoast-seo-wordpress\/ -->\n<title>Uma parceria que vem do fundo do ba\u00fa - Revista AutoBus<\/title>\n<meta name=\"robots\" content=\"index, follow, max-snippet:-1, max-image-preview:large, max-video-preview:-1\" \/>\n<link rel=\"canonical\" href=\"https:\/\/revistaautobus.com.br\/?p=8600\" \/>\n<meta property=\"og:locale\" content=\"pt_BR\" \/>\n<meta property=\"og:type\" content=\"article\" \/>\n<meta property=\"og:title\" content=\"Uma parceria que vem do fundo do ba\u00fa - Revista AutoBus\" \/>\n<meta property=\"og:description\" content=\"A rela\u00e7\u00e3o comercial entre duas grandes empresas brasileiras envolvidas com o transporte rodovi\u00e1rio\" \/>\n<meta property=\"og:url\" content=\"https:\/\/revistaautobus.com.br\/?p=8600\" \/>\n<meta property=\"og:site_name\" content=\"Revista AutoBus\" \/>\n<meta property=\"article:publisher\" content=\"https:\/\/www.facebook.com\/antonio.ferro.3150\" \/>\n<meta property=\"article:published_time\" content=\"2023-04-10T11:57:58+00:00\" \/>\n<meta property=\"og:image\" content=\"https:\/\/revistaautobus.com.br\/wp-content\/uploads\/2023\/04\/Propaganda-Mercedes-Benz-1959.jpg\" \/>\n\t<meta property=\"og:image:width\" content=\"1000\" \/>\n\t<meta property=\"og:image:height\" content=\"1280\" \/>\n\t<meta property=\"og:image:type\" content=\"image\/jpeg\" \/>\n<meta name=\"author\" content=\"Antonio Ferro\" \/>\n<meta name=\"twitter:card\" content=\"summary_large_image\" \/>\n<meta name=\"twitter:label1\" content=\"Escrito por\" \/>\n\t<meta name=\"twitter:data1\" content=\"Antonio Ferro\" \/>\n\t<meta name=\"twitter:label2\" content=\"Est. tempo de leitura\" \/>\n\t<meta name=\"twitter:data2\" content=\"1 minuto\" \/>\n<script type=\"application\/ld+json\" class=\"yoast-schema-graph\">{\"@context\":\"https:\/\/schema.org\",\"@graph\":[{\"@type\":\"Article\",\"@id\":\"https:\/\/revistaautobus.com.br\/?p=8600#article\",\"isPartOf\":{\"@id\":\"https:\/\/revistaautobus.com.br\/?p=8600\"},\"author\":{\"name\":\"Antonio Ferro\",\"@id\":\"https:\/\/revistaautobus.com.br\/#\/schema\/person\/54af7c3eb83a310e42ef686ef6d16f50\"},\"headline\":\"Uma parceria que vem do fundo do ba\u00fa\",\"datePublished\":\"2023-04-10T11:57:58+00:00\",\"mainEntityOfPage\":{\"@id\":\"https:\/\/revistaautobus.com.br\/?p=8600\"},\"wordCount\":256,\"commentCount\":0,\"publisher\":{\"@id\":\"https:\/\/revistaautobus.com.br\/#organization\"},\"image\":{\"@id\":\"https:\/\/revistaautobus.com.br\/?p=8600#primaryimage\"},\"thumbnailUrl\":\"https:\/\/revistaautobus.com.br\/wp-content\/uploads\/2023\/04\/Propaganda-Mercedes-Benz-1959.jpg\",\"keywords\":[\"mercedes-benz\",\"Monobloco OH321\",\"Via\u00e7\u00e3o Cometa\"],\"articleSection\":[\"Das Antigas\",\"Transporte rodovi\u00e1rio\"],\"inLanguage\":\"pt-BR\",\"potentialAction\":[{\"@type\":\"CommentAction\",\"name\":\"Comment\",\"target\":[\"https:\/\/revistaautobus.com.br\/?p=8600#respond\"]}]},{\"@type\":\"WebPage\",\"@id\":\"https:\/\/revistaautobus.com.br\/?p=8600\",\"url\":\"https:\/\/revistaautobus.com.br\/?p=8600\",\"name\":\"Uma parceria que vem do fundo do ba\u00fa - Revista AutoBus\",\"isPartOf\":{\"@id\":\"https:\/\/revistaautobus.com.br\/#website\"},\"primaryImageOfPage\":{\"@id\":\"https:\/\/revistaautobus.com.br\/?p=8600#primaryimage\"},\"image\":{\"@id\":\"https:\/\/revistaautobus.com.br\/?p=8600#primaryimage\"},\"thumbnailUrl\":\"https:\/\/revistaautobus.com.br\/wp-content\/uploads\/2023\/04\/Propaganda-Mercedes-Benz-1959.jpg\",\"datePublished\":\"2023-04-10T11:57:58+00:00\",\"breadcrumb\":{\"@id\":\"https:\/\/revistaautobus.com.br\/?p=8600#breadcrumb\"},\"inLanguage\":\"pt-BR\",\"potentialAction\":[{\"@type\":\"ReadAction\",\"target\":[\"https:\/\/revistaautobus.com.br\/?p=8600\"]}]},{\"@type\":\"ImageObject\",\"inLanguage\":\"pt-BR\",\"@id\":\"https:\/\/revistaautobus.com.br\/?p=8600#primaryimage\",\"url\":\"https:\/\/revistaautobus.com.br\/wp-content\/uploads\/2023\/04\/Propaganda-Mercedes-Benz-1959.jpg\",\"contentUrl\":\"https:\/\/revistaautobus.com.br\/wp-content\/uploads\/2023\/04\/Propaganda-Mercedes-Benz-1959.jpg\",\"width\":1000,\"height\":1280},{\"@type\":\"BreadcrumbList\",\"@id\":\"https:\/\/revistaautobus.com.br\/?p=8600#breadcrumb\",\"itemListElement\":[{\"@type\":\"ListItem\",\"position\":1,\"name\":\"In\u00edcio\",\"item\":\"https:\/\/revistaautobus.com.br\/\"},{\"@type\":\"ListItem\",\"position\":2,\"name\":\"Uma parceria que vem do fundo do ba\u00fa\"}]},{\"@type\":\"WebSite\",\"@id\":\"https:\/\/revistaautobus.com.br\/#website\",\"url\":\"https:\/\/revistaautobus.com.br\/\",\"name\":\"Revista AutoBus\",\"description\":\"\",\"publisher\":{\"@id\":\"https:\/\/revistaautobus.com.br\/#organization\"},\"potentialAction\":[{\"@type\":\"SearchAction\",\"target\":{\"@type\":\"EntryPoint\",\"urlTemplate\":\"https:\/\/revistaautobus.com.br\/?s={search_term_string}\"},\"query-input\":{\"@type\":\"PropertyValueSpecification\",\"valueRequired\":true,\"valueName\":\"search_term_string\"}}],\"inLanguage\":\"pt-BR\"},{\"@type\":\"Organization\",\"@id\":\"https:\/\/revistaautobus.com.br\/#organization\",\"name\":\"Revista AutoBus\",\"url\":\"https:\/\/revistaautobus.com.br\/\",\"logo\":{\"@type\":\"ImageObject\",\"inLanguage\":\"pt-BR\",\"@id\":\"https:\/\/revistaautobus.com.br\/#\/schema\/logo\/image\/\",\"url\":\"https:\/\/revistaautobus.com.br\/wp-content\/uploads\/2024\/11\/logo_revista_autobus_fb.png\",\"contentUrl\":\"https:\/\/revistaautobus.com.br\/wp-content\/uploads\/2024\/11\/logo_revista_autobus_fb.png\",\"width\":836,\"height\":227,\"caption\":\"Revista AutoBus\"},\"image\":{\"@id\":\"https:\/\/revistaautobus.com.br\/#\/schema\/logo\/image\/\"},\"sameAs\":[\"https:\/\/www.facebook.com\/antonio.ferro.3150\",\"https:\/\/www.instagram.com\/revistaautobus\/\"]},{\"@type\":\"Person\",\"@id\":\"https:\/\/revistaautobus.com.br\/#\/schema\/person\/54af7c3eb83a310e42ef686ef6d16f50\",\"name\":\"Antonio Ferro\",\"image\":{\"@type\":\"ImageObject\",\"inLanguage\":\"pt-BR\",\"@id\":\"https:\/\/revistaautobus.com.br\/wp-content\/uploads\/2025\/12\/editor_antonio_ferro-150x150.jpg\",\"url\":\"https:\/\/revistaautobus.com.br\/wp-content\/uploads\/2025\/12\/editor_antonio_ferro-150x150.jpg\",\"contentUrl\":\"https:\/\/revistaautobus.com.br\/wp-content\/uploads\/2025\/12\/editor_antonio_ferro-150x150.jpg\",\"caption\":\"Antonio Ferro\"},\"description\":\"infobus@uol.com.br\",\"url\":\"https:\/\/revistaautobus.com.br\/?author=2\"}]}<\/script>\n<!-- \/ Yoast SEO plugin. -->","yoast_head_json":{"title":"Uma parceria que vem do fundo do ba\u00fa - Revista AutoBus","robots":{"index":"index","follow":"follow","max-snippet":"max-snippet:-1","max-image-preview":"max-image-preview:large","max-video-preview":"max-video-preview:-1"},"canonical":"https:\/\/revistaautobus.com.br\/?p=8600","og_locale":"pt_BR","og_type":"article","og_title":"Uma parceria que vem do fundo do ba\u00fa - Revista AutoBus","og_description":"A rela\u00e7\u00e3o comercial entre duas grandes empresas brasileiras envolvidas com o transporte rodovi\u00e1rio","og_url":"https:\/\/revistaautobus.com.br\/?p=8600","og_site_name":"Revista AutoBus","article_publisher":"https:\/\/www.facebook.com\/antonio.ferro.3150","article_published_time":"2023-04-10T11:57:58+00:00","og_image":[{"width":1000,"height":1280,"url":"https:\/\/revistaautobus.com.br\/wp-content\/uploads\/2023\/04\/Propaganda-Mercedes-Benz-1959.jpg","type":"image\/jpeg"}],"author":"Antonio Ferro","twitter_card":"summary_large_image","twitter_misc":{"Escrito por":"Antonio Ferro","Est. tempo de leitura":"1 minuto"},"schema":{"@context":"https:\/\/schema.org","@graph":[{"@type":"Article","@id":"https:\/\/revistaautobus.com.br\/?p=8600#article","isPartOf":{"@id":"https:\/\/revistaautobus.com.br\/?p=8600"},"author":{"name":"Antonio Ferro","@id":"https:\/\/revistaautobus.com.br\/#\/schema\/person\/54af7c3eb83a310e42ef686ef6d16f50"},"headline":"Uma parceria que vem do fundo do ba\u00fa","datePublished":"2023-04-10T11:57:58+00:00","mainEntityOfPage":{"@id":"https:\/\/revistaautobus.com.br\/?p=8600"},"wordCount":256,"commentCount":0,"publisher":{"@id":"https:\/\/revistaautobus.com.br\/#organization"},"image":{"@id":"https:\/\/revistaautobus.com.br\/?p=8600#primaryimage"},"thumbnailUrl":"https:\/\/revistaautobus.com.br\/wp-content\/uploads\/2023\/04\/Propaganda-Mercedes-Benz-1959.jpg","keywords":["mercedes-benz","Monobloco OH321","Via\u00e7\u00e3o Cometa"],"articleSection":["Das Antigas","Transporte rodovi\u00e1rio"],"inLanguage":"pt-BR","potentialAction":[{"@type":"CommentAction","name":"Comment","target":["https:\/\/revistaautobus.com.br\/?p=8600#respond"]}]},{"@type":"WebPage","@id":"https:\/\/revistaautobus.com.br\/?p=8600","url":"https:\/\/revistaautobus.com.br\/?p=8600","name":"Uma parceria que vem do fundo do ba\u00fa - Revista AutoBus","isPartOf":{"@id":"https:\/\/revistaautobus.com.br\/#website"},"primaryImageOfPage":{"@id":"https:\/\/revistaautobus.com.br\/?p=8600#primaryimage"},"image":{"@id":"https:\/\/revistaautobus.com.br\/?p=8600#primaryimage"},"thumbnailUrl":"https:\/\/revistaautobus.com.br\/wp-content\/uploads\/2023\/04\/Propaganda-Mercedes-Benz-1959.jpg","datePublished":"2023-04-10T11:57:58+00:00","breadcrumb":{"@id":"https:\/\/revistaautobus.com.br\/?p=8600#breadcrumb"},"inLanguage":"pt-BR","potentialAction":[{"@type":"ReadAction","target":["https:\/\/revistaautobus.com.br\/?p=8600"]}]},{"@type":"ImageObject","inLanguage":"pt-BR","@id":"https:\/\/revistaautobus.com.br\/?p=8600#primaryimage","url":"https:\/\/revistaautobus.com.br\/wp-content\/uploads\/2023\/04\/Propaganda-Mercedes-Benz-1959.jpg","contentUrl":"https:\/\/revistaautobus.com.br\/wp-content\/uploads\/2023\/04\/Propaganda-Mercedes-Benz-1959.jpg","width":1000,"height":1280},{"@type":"BreadcrumbList","@id":"https:\/\/revistaautobus.com.br\/?p=8600#breadcrumb","itemListElement":[{"@type":"ListItem","position":1,"name":"In\u00edcio","item":"https:\/\/revistaautobus.com.br\/"},{"@type":"ListItem","position":2,"name":"Uma parceria que vem do fundo do ba\u00fa"}]},{"@type":"WebSite","@id":"https:\/\/revistaautobus.com.br\/#website","url":"https:\/\/revistaautobus.com.br\/","name":"Revista AutoBus","description":"","publisher":{"@id":"https:\/\/revistaautobus.com.br\/#organization"},"potentialAction":[{"@type":"SearchAction","target":{"@type":"EntryPoint","urlTemplate":"https:\/\/revistaautobus.com.br\/?s={search_term_string}"},"query-input":{"@type":"PropertyValueSpecification","valueRequired":true,"valueName":"search_term_string"}}],"inLanguage":"pt-BR"},{"@type":"Organization","@id":"https:\/\/revistaautobus.com.br\/#organization","name":"Revista AutoBus","url":"https:\/\/revistaautobus.com.br\/","logo":{"@type":"ImageObject","inLanguage":"pt-BR","@id":"https:\/\/revistaautobus.com.br\/#\/schema\/logo\/image\/","url":"https:\/\/revistaautobus.com.br\/wp-content\/uploads\/2024\/11\/logo_revista_autobus_fb.png","contentUrl":"https:\/\/revistaautobus.com.br\/wp-content\/uploads\/2024\/11\/logo_revista_autobus_fb.png","width":836,"height":227,"caption":"Revista AutoBus"},"image":{"@id":"https:\/\/revistaautobus.com.br\/#\/schema\/logo\/image\/"},"sameAs":["https:\/\/www.facebook.com\/antonio.ferro.3150","https:\/\/www.instagram.com\/revistaautobus\/"]},{"@type":"Person","@id":"https:\/\/revistaautobus.com.br\/#\/schema\/person\/54af7c3eb83a310e42ef686ef6d16f50","name":"Antonio Ferro","image":{"@type":"ImageObject","inLanguage":"pt-BR","@id":"https:\/\/revistaautobus.com.br\/wp-content\/uploads\/2025\/12\/editor_antonio_ferro-150x150.jpg","url":"https:\/\/revistaautobus.com.br\/wp-content\/uploads\/2025\/12\/editor_antonio_ferro-150x150.jpg","contentUrl":"https:\/\/revistaautobus.com.br\/wp-content\/uploads\/2025\/12\/editor_antonio_ferro-150x150.jpg","caption":"Antonio Ferro"},"description":"infobus@uol.com.br","url":"https:\/\/revistaautobus.com.br\/?author=2"}]}},"jetpack_featured_media_url":"https:\/\/revistaautobus.com.br\/wp-content\/uploads\/2023\/04\/Propaganda-Mercedes-Benz-1959.jpg","jetpack_sharing_enabled":true,"_links":{"self":[{"href":"https:\/\/revistaautobus.com.br\/index.php?rest_route=\/wp\/v2\/posts\/8600","targetHints":{"allow":["GET"]}}],"collection":[{"href":"https:\/\/revistaautobus.com.br\/index.php?rest_route=\/wp\/v2\/posts"}],"about":[{"href":"https:\/\/revistaautobus.com.br\/index.php?rest_route=\/wp\/v2\/types\/post"}],"author":[{"embeddable":true,"href":"https:\/\/revistaautobus.com.br\/index.php?rest_route=\/wp\/v2\/users\/2"}],"replies":[{"embeddable":true,"href":"https:\/\/revistaautobus.com.br\/index.php?rest_route=%2Fwp%2Fv2%2Fcomments&post=8600"}],"version-history":[{"count":2,"href":"https:\/\/revistaautobus.com.br\/index.php?rest_route=\/wp\/v2\/posts\/8600\/revisions"}],"predecessor-version":[{"id":8603,"href":"https:\/\/revistaautobus.com.br\/index.php?rest_route=\/wp\/v2\/posts\/8600\/revisions\/8603"}],"wp:featuredmedia":[{"embeddable":true,"href":"https:\/\/revistaautobus.com.br\/index.php?rest_route=\/wp\/v2\/media\/8601"}],"wp:attachment":[{"href":"https:\/\/revistaautobus.com.br\/index.php?rest_route=%2Fwp%2Fv2%2Fmedia&parent=8600"}],"wp:term":[{"taxonomy":"category","embeddable":true,"href":"https:\/\/revistaautobus.com.br\/index.php?rest_route=%2Fwp%2Fv2%2Fcategories&post=8600"},{"taxonomy":"post_tag","embeddable":true,"href":"https:\/\/revistaautobus.com.br\/index.php?rest_route=%2Fwp%2Fv2%2Ftags&post=8600"}],"curies":[{"name":"wp","href":"https:\/\/api.w.org\/{rel}","templated":true}]}}