{"id":9100,"date":"2023-06-19T09:53:06","date_gmt":"2023-06-19T12:53:06","guid":{"rendered":"https:\/\/revistaautobus.com.br\/?p=9100"},"modified":"2023-06-19T09:53:06","modified_gmt":"2023-06-19T12:53:06","slug":"scania-lanca-nova-geracao-na-argentina","status":"publish","type":"post","link":"https:\/\/revistaautobus.com.br\/?p=9100","title":{"rendered":"Scania lan\u00e7a nova gera\u00e7\u00e3o na Argentina"},"content":{"rendered":"<p>O mercado do transporte coletivo argentino foi brindado, recentemente, com a nova linha de chassis para \u00f4nibus da marca Scania. Os modelos, tanto para aplica\u00e7\u00e3o rodovi\u00e1ria, como urbana, da S\u00e9rie K, foram desenvolvidos priorizando a efici\u00eancia energ\u00e9tica, os combust\u00edveis alternativos e o transporte inteligente e seguro, fatores que beneficiam tanto as transportadoras quanto os passageiros e o meio ambiente.<\/p>\n<p>Os novos ve\u00edculos est\u00e3o dispon\u00edveis em diversas configura\u00e7\u00f5es, trazendo a gama de motores XPI, que, segundo a montadora, promove economia de combust\u00edvel na casa dos 10%, al\u00e9m da redu\u00e7\u00e3o da emiss\u00e3o de gases poluentes e a garantia da diminui\u00e7\u00e3o dos custos operacionais. Ap\u00f3s muita pesquisa e desenvolvimento, esta nova gera\u00e7\u00e3o atinge 92% de inova\u00e7\u00e3o tecnol\u00f3gica de seus componentes, em compara\u00e7\u00e3o com a s\u00e9rie anterior, sendo uma linha completamente renovada.<\/p>\n<div id=\"attachment_9102\" style=\"width: 1010px\" class=\"wp-caption alignnone\"><img loading=\"lazy\" decoding=\"async\" aria-describedby=\"caption-attachment-9102\" class=\"wp-image-9102 size-full\" src=\"https:\/\/revistaautobus.com.br\/wp-content\/uploads\/2023\/06\/Scania-Argentina-1.jpeg\" alt=\"\" width=\"1000\" height=\"666\" srcset=\"https:\/\/revistaautobus.com.br\/wp-content\/uploads\/2023\/06\/Scania-Argentina-1.jpeg 1000w, https:\/\/revistaautobus.com.br\/wp-content\/uploads\/2023\/06\/Scania-Argentina-1-300x200.jpeg 300w, https:\/\/revistaautobus.com.br\/wp-content\/uploads\/2023\/06\/Scania-Argentina-1-768x511.jpeg 768w\" sizes=\"(max-width: 1000px) 100vw, 1000px\" \/><p id=\"caption-attachment-9102\" class=\"wp-caption-text\"><span style=\"color: #ff0000;\"><strong><em>Os chassis da Scania trazem a mais alta tecnologia embarcada<\/em><\/strong><\/span><\/p><\/div>\n<p>Al\u00e9m do diesel, os motores podem ser movidos com combust\u00edveis alternativos, como g\u00e1s e biog\u00e1s, ampliando a efici\u00eancia energ\u00e9tica e a lucratividade. A Manuten\u00e7\u00e3o Flex\u00edvel, que consiste na possibilidade de desenvolver planos de manuten\u00e7\u00e3o sob medida para a opera\u00e7\u00e3o de cada cliente, \u00e9 outro aspecto que conta pontos para os operadores locais. Por meio da base nos dados fornecidos pela conectividade das unidades, a tecnologia proporciona a disponibilidade da frota e reduz o tempo de inatividade n\u00e3o planejado.<\/p>\n<p>Uma grande novidade para os transportadores \u00e9 a introdu\u00e7\u00e3o do sistema de seguran\u00e7a ativa ADAS 2.0, que consiste em uma s\u00e9rie de dispositivos capazes de detectar riscos de colis\u00e3o ou fatores de perigo, tanto para o \u00f4nibus quanto para os demais usu\u00e1rios da malha vi\u00e1ria. Oscar Jaern, CEO da Scania Argentina, disse que a montadora oferece aos seus clientes as solu\u00e7\u00f5es de transporte integral mais sustent\u00e1veis e que esse lan\u00e7amento \u00e9 um novo passo dado com esse prop\u00f3sito. \u201cOferecemos solu\u00e7\u00f5es integrais aos nossos clientes, compostas por produtos inovadores e eficientes, servi\u00e7os financeiros para garantir acessibilidade, servi\u00e7os de reparo e manuten\u00e7\u00e3o de alta qualidade, al\u00e9m de treinamento para motoristas e transportadores e sistemas de gest\u00e3o de frotas por meio de ve\u00edculos conectados&#8221;, ressaltou.<\/p>\n<p>Imagens &#8211; Divulga\u00e7\u00e3o Scania Argentina<\/p>\n","protected":false},"excerpt":{"rendered":"<p>Montadora atualiza seu portf\u00f3lio de produtos visando a moderniza\u00e7\u00e3o e a economia para os seus clientes<\/p>\n","protected":false},"author":2,"featured_media":9101,"comment_status":"open","ping_status":"open","sticky":false,"template":"","format":"standard","meta":{"_et_pb_use_builder":"","_et_pb_old_content":"","_et_gb_content_width":"","_jetpack_memberships_contains_paid_content":false,"footnotes":""},"categories":[53,10],"tags":[100],"class_list":["post-9100","post","type-post","status-publish","format-standard","has-post-thumbnail","hentry","category-internacional","category-montadoras","tag-scania","et-has-post-format-content","et_post_format-et-post-format-standard"],"yoast_head":"<!-- This site is optimized with the Yoast SEO plugin v27.2 - https:\/\/yoast.com\/product\/yoast-seo-wordpress\/ -->\n<title>Scania lan\u00e7a nova gera\u00e7\u00e3o na Argentina - Revista AutoBus<\/title>\n<meta name=\"robots\" content=\"index, follow, max-snippet:-1, max-image-preview:large, max-video-preview:-1\" \/>\n<link rel=\"canonical\" href=\"https:\/\/revistaautobus.com.br\/?p=9100\" \/>\n<meta property=\"og:locale\" content=\"pt_BR\" \/>\n<meta property=\"og:type\" content=\"article\" \/>\n<meta property=\"og:title\" content=\"Scania lan\u00e7a nova gera\u00e7\u00e3o na Argentina - Revista AutoBus\" \/>\n<meta property=\"og:description\" content=\"Montadora atualiza seu portf\u00f3lio de produtos visando a moderniza\u00e7\u00e3o e a economia para os seus clientes\" \/>\n<meta property=\"og:url\" content=\"https:\/\/revistaautobus.com.br\/?p=9100\" \/>\n<meta property=\"og:site_name\" content=\"Revista AutoBus\" \/>\n<meta property=\"article:publisher\" content=\"https:\/\/www.facebook.com\/antonio.ferro.3150\" \/>\n<meta property=\"article:published_time\" content=\"2023-06-19T12:53:06+00:00\" \/>\n<meta property=\"og:image\" content=\"https:\/\/revistaautobus.com.br\/wp-content\/uploads\/2023\/06\/Scania-Argentina-2.jpeg\" \/>\n\t<meta property=\"og:image:width\" content=\"1000\" \/>\n\t<meta property=\"og:image:height\" content=\"666\" \/>\n\t<meta property=\"og:image:type\" content=\"image\/jpeg\" \/>\n<meta name=\"author\" content=\"Antonio Ferro\" \/>\n<meta name=\"twitter:card\" content=\"summary_large_image\" \/>\n<meta name=\"twitter:label1\" content=\"Escrito por\" \/>\n\t<meta name=\"twitter:data1\" content=\"Antonio Ferro\" \/>\n\t<meta name=\"twitter:label2\" content=\"Est. tempo de leitura\" \/>\n\t<meta name=\"twitter:data2\" content=\"2 minutos\" \/>\n<script type=\"application\/ld+json\" class=\"yoast-schema-graph\">{\"@context\":\"https:\/\/schema.org\",\"@graph\":[{\"@type\":\"Article\",\"@id\":\"https:\/\/revistaautobus.com.br\/?p=9100#article\",\"isPartOf\":{\"@id\":\"https:\/\/revistaautobus.com.br\/?p=9100\"},\"author\":{\"name\":\"Antonio Ferro\",\"@id\":\"https:\/\/revistaautobus.com.br\/#\/schema\/person\/54af7c3eb83a310e42ef686ef6d16f50\"},\"headline\":\"Scania lan\u00e7a nova gera\u00e7\u00e3o na Argentina\",\"datePublished\":\"2023-06-19T12:53:06+00:00\",\"mainEntityOfPage\":{\"@id\":\"https:\/\/revistaautobus.com.br\/?p=9100\"},\"wordCount\":402,\"commentCount\":0,\"publisher\":{\"@id\":\"https:\/\/revistaautobus.com.br\/#organization\"},\"image\":{\"@id\":\"https:\/\/revistaautobus.com.br\/?p=9100#primaryimage\"},\"thumbnailUrl\":\"https:\/\/revistaautobus.com.br\/wp-content\/uploads\/2023\/06\/Scania-Argentina-2.jpeg\",\"keywords\":[\"Scania\"],\"articleSection\":[\"Internacional\",\"Montadoras\"],\"inLanguage\":\"pt-BR\",\"potentialAction\":[{\"@type\":\"CommentAction\",\"name\":\"Comment\",\"target\":[\"https:\/\/revistaautobus.com.br\/?p=9100#respond\"]}]},{\"@type\":\"WebPage\",\"@id\":\"https:\/\/revistaautobus.com.br\/?p=9100\",\"url\":\"https:\/\/revistaautobus.com.br\/?p=9100\",\"name\":\"Scania lan\u00e7a nova gera\u00e7\u00e3o na Argentina - Revista AutoBus\",\"isPartOf\":{\"@id\":\"https:\/\/revistaautobus.com.br\/#website\"},\"primaryImageOfPage\":{\"@id\":\"https:\/\/revistaautobus.com.br\/?p=9100#primaryimage\"},\"image\":{\"@id\":\"https:\/\/revistaautobus.com.br\/?p=9100#primaryimage\"},\"thumbnailUrl\":\"https:\/\/revistaautobus.com.br\/wp-content\/uploads\/2023\/06\/Scania-Argentina-2.jpeg\",\"datePublished\":\"2023-06-19T12:53:06+00:00\",\"breadcrumb\":{\"@id\":\"https:\/\/revistaautobus.com.br\/?p=9100#breadcrumb\"},\"inLanguage\":\"pt-BR\",\"potentialAction\":[{\"@type\":\"ReadAction\",\"target\":[\"https:\/\/revistaautobus.com.br\/?p=9100\"]}]},{\"@type\":\"ImageObject\",\"inLanguage\":\"pt-BR\",\"@id\":\"https:\/\/revistaautobus.com.br\/?p=9100#primaryimage\",\"url\":\"https:\/\/revistaautobus.com.br\/wp-content\/uploads\/2023\/06\/Scania-Argentina-2.jpeg\",\"contentUrl\":\"https:\/\/revistaautobus.com.br\/wp-content\/uploads\/2023\/06\/Scania-Argentina-2.jpeg\",\"width\":1000,\"height\":666},{\"@type\":\"BreadcrumbList\",\"@id\":\"https:\/\/revistaautobus.com.br\/?p=9100#breadcrumb\",\"itemListElement\":[{\"@type\":\"ListItem\",\"position\":1,\"name\":\"In\u00edcio\",\"item\":\"https:\/\/revistaautobus.com.br\/\"},{\"@type\":\"ListItem\",\"position\":2,\"name\":\"Scania lan\u00e7a nova gera\u00e7\u00e3o na Argentina\"}]},{\"@type\":\"WebSite\",\"@id\":\"https:\/\/revistaautobus.com.br\/#website\",\"url\":\"https:\/\/revistaautobus.com.br\/\",\"name\":\"Revista AutoBus\",\"description\":\"\",\"publisher\":{\"@id\":\"https:\/\/revistaautobus.com.br\/#organization\"},\"potentialAction\":[{\"@type\":\"SearchAction\",\"target\":{\"@type\":\"EntryPoint\",\"urlTemplate\":\"https:\/\/revistaautobus.com.br\/?s={search_term_string}\"},\"query-input\":{\"@type\":\"PropertyValueSpecification\",\"valueRequired\":true,\"valueName\":\"search_term_string\"}}],\"inLanguage\":\"pt-BR\"},{\"@type\":\"Organization\",\"@id\":\"https:\/\/revistaautobus.com.br\/#organization\",\"name\":\"Revista AutoBus\",\"url\":\"https:\/\/revistaautobus.com.br\/\",\"logo\":{\"@type\":\"ImageObject\",\"inLanguage\":\"pt-BR\",\"@id\":\"https:\/\/revistaautobus.com.br\/#\/schema\/logo\/image\/\",\"url\":\"https:\/\/revistaautobus.com.br\/wp-content\/uploads\/2024\/11\/logo_revista_autobus_fb.png\",\"contentUrl\":\"https:\/\/revistaautobus.com.br\/wp-content\/uploads\/2024\/11\/logo_revista_autobus_fb.png\",\"width\":836,\"height\":227,\"caption\":\"Revista AutoBus\"},\"image\":{\"@id\":\"https:\/\/revistaautobus.com.br\/#\/schema\/logo\/image\/\"},\"sameAs\":[\"https:\/\/www.facebook.com\/antonio.ferro.3150\",\"https:\/\/www.instagram.com\/revistaautobus\/\"]},{\"@type\":\"Person\",\"@id\":\"https:\/\/revistaautobus.com.br\/#\/schema\/person\/54af7c3eb83a310e42ef686ef6d16f50\",\"name\":\"Antonio Ferro\",\"image\":{\"@type\":\"ImageObject\",\"inLanguage\":\"pt-BR\",\"@id\":\"https:\/\/revistaautobus.com.br\/wp-content\/uploads\/2025\/12\/editor_antonio_ferro-150x150.jpg\",\"url\":\"https:\/\/revistaautobus.com.br\/wp-content\/uploads\/2025\/12\/editor_antonio_ferro-150x150.jpg\",\"contentUrl\":\"https:\/\/revistaautobus.com.br\/wp-content\/uploads\/2025\/12\/editor_antonio_ferro-150x150.jpg\",\"caption\":\"Antonio Ferro\"},\"description\":\"infobus@uol.com.br\",\"url\":\"https:\/\/revistaautobus.com.br\/?author=2\"}]}<\/script>\n<!-- \/ Yoast SEO plugin. -->","yoast_head_json":{"title":"Scania lan\u00e7a nova gera\u00e7\u00e3o na Argentina - Revista AutoBus","robots":{"index":"index","follow":"follow","max-snippet":"max-snippet:-1","max-image-preview":"max-image-preview:large","max-video-preview":"max-video-preview:-1"},"canonical":"https:\/\/revistaautobus.com.br\/?p=9100","og_locale":"pt_BR","og_type":"article","og_title":"Scania lan\u00e7a nova gera\u00e7\u00e3o na Argentina - Revista AutoBus","og_description":"Montadora atualiza seu portf\u00f3lio de produtos visando a moderniza\u00e7\u00e3o e a economia para os seus clientes","og_url":"https:\/\/revistaautobus.com.br\/?p=9100","og_site_name":"Revista AutoBus","article_publisher":"https:\/\/www.facebook.com\/antonio.ferro.3150","article_published_time":"2023-06-19T12:53:06+00:00","og_image":[{"width":1000,"height":666,"url":"https:\/\/revistaautobus.com.br\/wp-content\/uploads\/2023\/06\/Scania-Argentina-2.jpeg","type":"image\/jpeg"}],"author":"Antonio Ferro","twitter_card":"summary_large_image","twitter_misc":{"Escrito por":"Antonio Ferro","Est. tempo de leitura":"2 minutos"},"schema":{"@context":"https:\/\/schema.org","@graph":[{"@type":"Article","@id":"https:\/\/revistaautobus.com.br\/?p=9100#article","isPartOf":{"@id":"https:\/\/revistaautobus.com.br\/?p=9100"},"author":{"name":"Antonio Ferro","@id":"https:\/\/revistaautobus.com.br\/#\/schema\/person\/54af7c3eb83a310e42ef686ef6d16f50"},"headline":"Scania lan\u00e7a nova gera\u00e7\u00e3o na Argentina","datePublished":"2023-06-19T12:53:06+00:00","mainEntityOfPage":{"@id":"https:\/\/revistaautobus.com.br\/?p=9100"},"wordCount":402,"commentCount":0,"publisher":{"@id":"https:\/\/revistaautobus.com.br\/#organization"},"image":{"@id":"https:\/\/revistaautobus.com.br\/?p=9100#primaryimage"},"thumbnailUrl":"https:\/\/revistaautobus.com.br\/wp-content\/uploads\/2023\/06\/Scania-Argentina-2.jpeg","keywords":["Scania"],"articleSection":["Internacional","Montadoras"],"inLanguage":"pt-BR","potentialAction":[{"@type":"CommentAction","name":"Comment","target":["https:\/\/revistaautobus.com.br\/?p=9100#respond"]}]},{"@type":"WebPage","@id":"https:\/\/revistaautobus.com.br\/?p=9100","url":"https:\/\/revistaautobus.com.br\/?p=9100","name":"Scania lan\u00e7a nova gera\u00e7\u00e3o na Argentina - Revista AutoBus","isPartOf":{"@id":"https:\/\/revistaautobus.com.br\/#website"},"primaryImageOfPage":{"@id":"https:\/\/revistaautobus.com.br\/?p=9100#primaryimage"},"image":{"@id":"https:\/\/revistaautobus.com.br\/?p=9100#primaryimage"},"thumbnailUrl":"https:\/\/revistaautobus.com.br\/wp-content\/uploads\/2023\/06\/Scania-Argentina-2.jpeg","datePublished":"2023-06-19T12:53:06+00:00","breadcrumb":{"@id":"https:\/\/revistaautobus.com.br\/?p=9100#breadcrumb"},"inLanguage":"pt-BR","potentialAction":[{"@type":"ReadAction","target":["https:\/\/revistaautobus.com.br\/?p=9100"]}]},{"@type":"ImageObject","inLanguage":"pt-BR","@id":"https:\/\/revistaautobus.com.br\/?p=9100#primaryimage","url":"https:\/\/revistaautobus.com.br\/wp-content\/uploads\/2023\/06\/Scania-Argentina-2.jpeg","contentUrl":"https:\/\/revistaautobus.com.br\/wp-content\/uploads\/2023\/06\/Scania-Argentina-2.jpeg","width":1000,"height":666},{"@type":"BreadcrumbList","@id":"https:\/\/revistaautobus.com.br\/?p=9100#breadcrumb","itemListElement":[{"@type":"ListItem","position":1,"name":"In\u00edcio","item":"https:\/\/revistaautobus.com.br\/"},{"@type":"ListItem","position":2,"name":"Scania lan\u00e7a nova gera\u00e7\u00e3o na Argentina"}]},{"@type":"WebSite","@id":"https:\/\/revistaautobus.com.br\/#website","url":"https:\/\/revistaautobus.com.br\/","name":"Revista AutoBus","description":"","publisher":{"@id":"https:\/\/revistaautobus.com.br\/#organization"},"potentialAction":[{"@type":"SearchAction","target":{"@type":"EntryPoint","urlTemplate":"https:\/\/revistaautobus.com.br\/?s={search_term_string}"},"query-input":{"@type":"PropertyValueSpecification","valueRequired":true,"valueName":"search_term_string"}}],"inLanguage":"pt-BR"},{"@type":"Organization","@id":"https:\/\/revistaautobus.com.br\/#organization","name":"Revista AutoBus","url":"https:\/\/revistaautobus.com.br\/","logo":{"@type":"ImageObject","inLanguage":"pt-BR","@id":"https:\/\/revistaautobus.com.br\/#\/schema\/logo\/image\/","url":"https:\/\/revistaautobus.com.br\/wp-content\/uploads\/2024\/11\/logo_revista_autobus_fb.png","contentUrl":"https:\/\/revistaautobus.com.br\/wp-content\/uploads\/2024\/11\/logo_revista_autobus_fb.png","width":836,"height":227,"caption":"Revista AutoBus"},"image":{"@id":"https:\/\/revistaautobus.com.br\/#\/schema\/logo\/image\/"},"sameAs":["https:\/\/www.facebook.com\/antonio.ferro.3150","https:\/\/www.instagram.com\/revistaautobus\/"]},{"@type":"Person","@id":"https:\/\/revistaautobus.com.br\/#\/schema\/person\/54af7c3eb83a310e42ef686ef6d16f50","name":"Antonio Ferro","image":{"@type":"ImageObject","inLanguage":"pt-BR","@id":"https:\/\/revistaautobus.com.br\/wp-content\/uploads\/2025\/12\/editor_antonio_ferro-150x150.jpg","url":"https:\/\/revistaautobus.com.br\/wp-content\/uploads\/2025\/12\/editor_antonio_ferro-150x150.jpg","contentUrl":"https:\/\/revistaautobus.com.br\/wp-content\/uploads\/2025\/12\/editor_antonio_ferro-150x150.jpg","caption":"Antonio Ferro"},"description":"infobus@uol.com.br","url":"https:\/\/revistaautobus.com.br\/?author=2"}]}},"jetpack_featured_media_url":"https:\/\/revistaautobus.com.br\/wp-content\/uploads\/2023\/06\/Scania-Argentina-2.jpeg","jetpack_sharing_enabled":true,"_links":{"self":[{"href":"https:\/\/revistaautobus.com.br\/index.php?rest_route=\/wp\/v2\/posts\/9100","targetHints":{"allow":["GET"]}}],"collection":[{"href":"https:\/\/revistaautobus.com.br\/index.php?rest_route=\/wp\/v2\/posts"}],"about":[{"href":"https:\/\/revistaautobus.com.br\/index.php?rest_route=\/wp\/v2\/types\/post"}],"author":[{"embeddable":true,"href":"https:\/\/revistaautobus.com.br\/index.php?rest_route=\/wp\/v2\/users\/2"}],"replies":[{"embeddable":true,"href":"https:\/\/revistaautobus.com.br\/index.php?rest_route=%2Fwp%2Fv2%2Fcomments&post=9100"}],"version-history":[{"count":2,"href":"https:\/\/revistaautobus.com.br\/index.php?rest_route=\/wp\/v2\/posts\/9100\/revisions"}],"predecessor-version":[{"id":9104,"href":"https:\/\/revistaautobus.com.br\/index.php?rest_route=\/wp\/v2\/posts\/9100\/revisions\/9104"}],"wp:featuredmedia":[{"embeddable":true,"href":"https:\/\/revistaautobus.com.br\/index.php?rest_route=\/wp\/v2\/media\/9101"}],"wp:attachment":[{"href":"https:\/\/revistaautobus.com.br\/index.php?rest_route=%2Fwp%2Fv2%2Fmedia&parent=9100"}],"wp:term":[{"taxonomy":"category","embeddable":true,"href":"https:\/\/revistaautobus.com.br\/index.php?rest_route=%2Fwp%2Fv2%2Fcategories&post=9100"},{"taxonomy":"post_tag","embeddable":true,"href":"https:\/\/revistaautobus.com.br\/index.php?rest_route=%2Fwp%2Fv2%2Ftags&post=9100"}],"curies":[{"name":"wp","href":"https:\/\/api.w.org\/{rel}","templated":true}]}}