{"id":9120,"date":"2023-06-19T10:07:43","date_gmt":"2023-06-19T13:07:43","guid":{"rendered":"https:\/\/revistaautobus.com.br\/?p=9120"},"modified":"2023-06-19T10:07:43","modified_gmt":"2023-06-19T13:07:43","slug":"credenciado-pelo-bndes","status":"publish","type":"post","link":"https:\/\/revistaautobus.com.br\/?p=9120","title":{"rendered":"Credenciado pelo BNDES"},"content":{"rendered":"<p>O chassi com tra\u00e7\u00e3o el\u00e9trica desenvolvido pela Mercedes-Benz j\u00e1 est\u00e1 credenciado junto ao BNDES (Banco Nacional de Desenvolvimento Econ\u00f4mico e Social) para financiamento via Finame \u2013 Baixo Carbono, linha especial criada para incentivar as empresas de m\u00e1quinas e equipamentos a adotar a solu\u00e7\u00e3o de eletromobilidade em suas frotas. O modelo eO500U atende o \u00edndice de conte\u00fado de produ\u00e7\u00e3o local exigido pelo banco estatal.<\/p>\n<p>De acordo com a montadora, seu modelo recebe diversos elementos produzidos por ela aqui, como a estrutura do chassi, itens el\u00e9tricos e as baterias, fornecidas pela BorgWarner e produzidas em sua f\u00e1brica localizada na cidade paulista de Piracicaba. O credenciamento da Mercedes-Benz tamb\u00e9m leva em conta outros fatores, como os \u00edndices qualificadores, investimento no Pa\u00eds, treinamentos de capacita\u00e7\u00e3o e especializa\u00e7\u00e3o, exporta\u00e7\u00f5es, m\u00e3o-de-obra e outros.<\/p>\n<p>Walter Barbosa, diretor de Vendas e Marketing \u00d4nibus da Mercedes-Benz do Brasil, comentou que a Mercedes-Benz dar\u00e1 suporte a todos que fazem parte do ecossistema da eletromobilidade, especialmente nesse momento inicial de transi\u00e7\u00e3o do motor diesel para a tra\u00e7\u00e3o el\u00e9trica. \u201cApoiaremos os clientes, os motoristas, profissionais de oficina, gestores do transporte p\u00fablico, concession\u00e1rios da marca, encarro\u00e7adores e demais parceiros. Nossas equipes tamb\u00e9m ir\u00e3o oferecer consultoria e treinamento t\u00e9cnico e operacional para as empresas de transporte de passageiros\u201d, disse o executivo.<\/p>\n<p>Ainda, de acordo com a marca, as primeiras unidades do eO500U come\u00e7am a ser produzidas em s\u00e9rie neste m\u00eas de junho, passando a fazer parte da programa\u00e7\u00e3o da moderna Linha de Produ\u00e7\u00e3o de Chassis de \u00d4nibus da f\u00e1brica da Mercedes-Benz do Brasil em S\u00e3o Bernardo do Campo (SP), que se destaca por conceitos e processos da Ind\u00fastria 4.0.<\/p>\n<p>O credenciamento do eO500U junto ao BNDES \u00e9 de extrema import\u00e2ncia, segundo informou a montadora, pois o banco \u00e9 um aliado forte das empresas de transporte para financiamento de \u00f4nibus e renova\u00e7\u00e3o de frota, o que \u00e9 ainda mais relevante no caso dos el\u00e9tricos.<\/p>\n<p>Visando dar maior suporte ao cliente que escolher a sua tecnologia, a montadora ressaltou que seus concession\u00e1rios est\u00e3o sendo treinados e t\u00eam estrutura preparada para o atendimento especializado. Ela tamb\u00e9m salientou que est\u00e1 alinhada com os encarro\u00e7adores, fornecedores de pe\u00e7as, componentes e, tamb\u00e9m, empresas de energia el\u00e9trica e de infraestrutura de recarga das baterias.<\/p>\n<div id=\"attachment_9122\" style=\"width: 843px\" class=\"wp-caption aligncenter\"><img loading=\"lazy\" decoding=\"async\" aria-describedby=\"caption-attachment-9122\" class=\"wp-image-9122 size-full\" src=\"https:\/\/revistaautobus.com.br\/wp-content\/uploads\/2023\/06\/eO500U.png\" alt=\"\" width=\"833\" height=\"649\" srcset=\"https:\/\/revistaautobus.com.br\/wp-content\/uploads\/2023\/06\/eO500U.png 833w, https:\/\/revistaautobus.com.br\/wp-content\/uploads\/2023\/06\/eO500U-300x234.png 300w, https:\/\/revistaautobus.com.br\/wp-content\/uploads\/2023\/06\/eO500U-768x598.png 768w\" sizes=\"(max-width: 833px) 100vw, 833px\" \/><p id=\"caption-attachment-9122\" class=\"wp-caption-text\"><span style=\"color: #339966;\"><strong><em>Com o chassi, a Mercedes-Benz quer ser a sensa\u00e7\u00e3o do mercado brasileiro<\/em><\/strong><\/span><\/p><\/div>\n<p>Achim Puchert, presidente da Mercedes-Benz do Brasil &amp; CEO Am\u00e9rica Latina, destacou que esse \u00e9 um lan\u00e7amento muito especial para a empresa, mais um grande marco hist\u00f3rico na not\u00e1vel trajet\u00f3ria de pioneirismo e inova\u00e7\u00e3o de quase 67 anos da Mercedes-Benz no Pa\u00eds. \u201cJuntamente com nossos parceiros, estamos construindo um grande legado para a eletromobilidade. \u00c9 muito bom saber que nosso time brasileiro faz parte do plano da Daimler Buses de oferecer ve\u00edculos neutros em CO2 movidos a baterias e hidrog\u00eanio em todos os segmentos at\u00e9 2030. Ou seja, vamos contribuir para a redu\u00e7\u00e3o das emiss\u00f5es e para a descarboniza\u00e7\u00e3o no transporte. Isso demonstra que estamos alinhados \u00e0s tend\u00eancias globais e locais da sustentabilidade, seguindo os pilares ESG\u201d, afirmou o executivo.<\/p>\n<p>A montadora tamb\u00e9m participou, recentemente, do Semin\u00e1rio de eletrifica\u00e7\u00e3o da Anfavea (Associa\u00e7\u00e3o Nacional dos Fabricantes de Ve\u00edculos Automotores), realizado em Bras\u00edlia, onde foram expostas as solu\u00e7\u00f5es que a marca oferece aos clientes e ao mercado para introdu\u00e7\u00e3o do \u00f4nibus el\u00e9trico no Pa\u00eds.<\/p>\n<p>Infraestrutura de carregamento, gera\u00e7\u00e3o, transmiss\u00e3o e distribui\u00e7\u00e3o de energia limpa, desenvolvimento das longas cadeias industriais de fornecimento, transforma\u00e7\u00e3o local de mat\u00e9rias-primas ligadas \u00e0 eletrifica\u00e7\u00e3o e parceria entre os setores p\u00fablico e privado foram assuntos debatidos.<\/p>\n<p>A marca exp\u00f4s seu chassi eO500U, salientando seus benef\u00edcios inquestion\u00e1veis \u00e0 sociedade, como a zero emiss\u00e3o de carbono, zero polui\u00e7\u00e3o do ar e sonora e menores custos durante todo o ciclo de vida do ve\u00edculo.<\/p>\n<p>Imagens &#8211; Divulga\u00e7\u00e3o<\/p>\n<p><strong>\u00a0<\/strong><\/p>\n","protected":false},"excerpt":{"rendered":"<p>Montadora ressalta a sua participa\u00e7\u00e3o na eletrifica\u00e7\u00e3o dos transportes, dispondo de um produto adequado com a realidade brasileira<\/p>\n","protected":false},"author":2,"featured_media":9121,"comment_status":"open","ping_status":"open","sticky":false,"template":"","format":"standard","meta":{"_et_pb_use_builder":"","_et_pb_old_content":"","_et_gb_content_width":"","_jetpack_memberships_contains_paid_content":false,"footnotes":""},"categories":[10,526],"tags":[125],"class_list":["post-9120","post","type-post","status-publish","format-standard","has-post-thumbnail","hentry","category-montadoras","category-onibus-eletrico","tag-mercedes-benz-onibus","et-has-post-format-content","et_post_format-et-post-format-standard"],"yoast_head":"<!-- This site is optimized with the Yoast SEO plugin v27.2 - https:\/\/yoast.com\/product\/yoast-seo-wordpress\/ -->\n<title>Credenciado pelo BNDES - Revista AutoBus<\/title>\n<meta name=\"robots\" content=\"index, follow, max-snippet:-1, max-image-preview:large, max-video-preview:-1\" \/>\n<link rel=\"canonical\" href=\"https:\/\/revistaautobus.com.br\/?p=9120\" \/>\n<meta property=\"og:locale\" content=\"pt_BR\" \/>\n<meta property=\"og:type\" content=\"article\" \/>\n<meta property=\"og:title\" content=\"Credenciado pelo BNDES - Revista AutoBus\" \/>\n<meta property=\"og:description\" content=\"Montadora ressalta a sua participa\u00e7\u00e3o na eletrifica\u00e7\u00e3o dos transportes, dispondo de um produto adequado com a realidade brasileira\" \/>\n<meta property=\"og:url\" content=\"https:\/\/revistaautobus.com.br\/?p=9120\" \/>\n<meta property=\"og:site_name\" content=\"Revista AutoBus\" \/>\n<meta property=\"article:publisher\" content=\"https:\/\/www.facebook.com\/antonio.ferro.3150\" \/>\n<meta property=\"article:published_time\" content=\"2023-06-19T13:07:43+00:00\" \/>\n<meta property=\"og:image\" content=\"https:\/\/revistaautobus.com.br\/wp-content\/uploads\/2023\/06\/Eletrico-MB.png\" \/>\n\t<meta property=\"og:image:width\" content=\"1045\" \/>\n\t<meta property=\"og:image:height\" content=\"650\" \/>\n\t<meta property=\"og:image:type\" content=\"image\/png\" \/>\n<meta name=\"author\" content=\"Antonio Ferro\" \/>\n<meta name=\"twitter:card\" content=\"summary_large_image\" \/>\n<meta name=\"twitter:label1\" content=\"Escrito por\" \/>\n\t<meta name=\"twitter:data1\" content=\"Antonio Ferro\" \/>\n\t<meta name=\"twitter:label2\" content=\"Est. tempo de leitura\" \/>\n\t<meta name=\"twitter:data2\" content=\"3 minutos\" \/>\n<script type=\"application\/ld+json\" class=\"yoast-schema-graph\">{\"@context\":\"https:\/\/schema.org\",\"@graph\":[{\"@type\":\"Article\",\"@id\":\"https:\/\/revistaautobus.com.br\/?p=9120#article\",\"isPartOf\":{\"@id\":\"https:\/\/revistaautobus.com.br\/?p=9120\"},\"author\":{\"name\":\"Antonio Ferro\",\"@id\":\"https:\/\/revistaautobus.com.br\/#\/schema\/person\/54af7c3eb83a310e42ef686ef6d16f50\"},\"headline\":\"Credenciado pelo BNDES\",\"datePublished\":\"2023-06-19T13:07:43+00:00\",\"mainEntityOfPage\":{\"@id\":\"https:\/\/revistaautobus.com.br\/?p=9120\"},\"wordCount\":694,\"commentCount\":0,\"publisher\":{\"@id\":\"https:\/\/revistaautobus.com.br\/#organization\"},\"image\":{\"@id\":\"https:\/\/revistaautobus.com.br\/?p=9120#primaryimage\"},\"thumbnailUrl\":\"https:\/\/revistaautobus.com.br\/wp-content\/uploads\/2023\/06\/Eletrico-MB.png\",\"keywords\":[\"mercedes-benz \u00f4nibus\"],\"articleSection\":[\"Montadoras\",\"\u00d4nibus el\u00e9trico\"],\"inLanguage\":\"pt-BR\",\"potentialAction\":[{\"@type\":\"CommentAction\",\"name\":\"Comment\",\"target\":[\"https:\/\/revistaautobus.com.br\/?p=9120#respond\"]}]},{\"@type\":\"WebPage\",\"@id\":\"https:\/\/revistaautobus.com.br\/?p=9120\",\"url\":\"https:\/\/revistaautobus.com.br\/?p=9120\",\"name\":\"Credenciado pelo BNDES - Revista AutoBus\",\"isPartOf\":{\"@id\":\"https:\/\/revistaautobus.com.br\/#website\"},\"primaryImageOfPage\":{\"@id\":\"https:\/\/revistaautobus.com.br\/?p=9120#primaryimage\"},\"image\":{\"@id\":\"https:\/\/revistaautobus.com.br\/?p=9120#primaryimage\"},\"thumbnailUrl\":\"https:\/\/revistaautobus.com.br\/wp-content\/uploads\/2023\/06\/Eletrico-MB.png\",\"datePublished\":\"2023-06-19T13:07:43+00:00\",\"breadcrumb\":{\"@id\":\"https:\/\/revistaautobus.com.br\/?p=9120#breadcrumb\"},\"inLanguage\":\"pt-BR\",\"potentialAction\":[{\"@type\":\"ReadAction\",\"target\":[\"https:\/\/revistaautobus.com.br\/?p=9120\"]}]},{\"@type\":\"ImageObject\",\"inLanguage\":\"pt-BR\",\"@id\":\"https:\/\/revistaautobus.com.br\/?p=9120#primaryimage\",\"url\":\"https:\/\/revistaautobus.com.br\/wp-content\/uploads\/2023\/06\/Eletrico-MB.png\",\"contentUrl\":\"https:\/\/revistaautobus.com.br\/wp-content\/uploads\/2023\/06\/Eletrico-MB.png\",\"width\":1045,\"height\":650},{\"@type\":\"BreadcrumbList\",\"@id\":\"https:\/\/revistaautobus.com.br\/?p=9120#breadcrumb\",\"itemListElement\":[{\"@type\":\"ListItem\",\"position\":1,\"name\":\"In\u00edcio\",\"item\":\"https:\/\/revistaautobus.com.br\/\"},{\"@type\":\"ListItem\",\"position\":2,\"name\":\"Credenciado pelo BNDES\"}]},{\"@type\":\"WebSite\",\"@id\":\"https:\/\/revistaautobus.com.br\/#website\",\"url\":\"https:\/\/revistaautobus.com.br\/\",\"name\":\"Revista AutoBus\",\"description\":\"\",\"publisher\":{\"@id\":\"https:\/\/revistaautobus.com.br\/#organization\"},\"potentialAction\":[{\"@type\":\"SearchAction\",\"target\":{\"@type\":\"EntryPoint\",\"urlTemplate\":\"https:\/\/revistaautobus.com.br\/?s={search_term_string}\"},\"query-input\":{\"@type\":\"PropertyValueSpecification\",\"valueRequired\":true,\"valueName\":\"search_term_string\"}}],\"inLanguage\":\"pt-BR\"},{\"@type\":\"Organization\",\"@id\":\"https:\/\/revistaautobus.com.br\/#organization\",\"name\":\"Revista AutoBus\",\"url\":\"https:\/\/revistaautobus.com.br\/\",\"logo\":{\"@type\":\"ImageObject\",\"inLanguage\":\"pt-BR\",\"@id\":\"https:\/\/revistaautobus.com.br\/#\/schema\/logo\/image\/\",\"url\":\"https:\/\/revistaautobus.com.br\/wp-content\/uploads\/2024\/11\/logo_revista_autobus_fb.png\",\"contentUrl\":\"https:\/\/revistaautobus.com.br\/wp-content\/uploads\/2024\/11\/logo_revista_autobus_fb.png\",\"width\":836,\"height\":227,\"caption\":\"Revista AutoBus\"},\"image\":{\"@id\":\"https:\/\/revistaautobus.com.br\/#\/schema\/logo\/image\/\"},\"sameAs\":[\"https:\/\/www.facebook.com\/antonio.ferro.3150\",\"https:\/\/www.instagram.com\/revistaautobus\/\"]},{\"@type\":\"Person\",\"@id\":\"https:\/\/revistaautobus.com.br\/#\/schema\/person\/54af7c3eb83a310e42ef686ef6d16f50\",\"name\":\"Antonio Ferro\",\"image\":{\"@type\":\"ImageObject\",\"inLanguage\":\"pt-BR\",\"@id\":\"https:\/\/revistaautobus.com.br\/wp-content\/uploads\/2025\/12\/editor_antonio_ferro-150x150.jpg\",\"url\":\"https:\/\/revistaautobus.com.br\/wp-content\/uploads\/2025\/12\/editor_antonio_ferro-150x150.jpg\",\"contentUrl\":\"https:\/\/revistaautobus.com.br\/wp-content\/uploads\/2025\/12\/editor_antonio_ferro-150x150.jpg\",\"caption\":\"Antonio Ferro\"},\"description\":\"infobus@uol.com.br\",\"url\":\"https:\/\/revistaautobus.com.br\/?author=2\"}]}<\/script>\n<!-- \/ Yoast SEO plugin. -->","yoast_head_json":{"title":"Credenciado pelo BNDES - Revista AutoBus","robots":{"index":"index","follow":"follow","max-snippet":"max-snippet:-1","max-image-preview":"max-image-preview:large","max-video-preview":"max-video-preview:-1"},"canonical":"https:\/\/revistaautobus.com.br\/?p=9120","og_locale":"pt_BR","og_type":"article","og_title":"Credenciado pelo BNDES - Revista AutoBus","og_description":"Montadora ressalta a sua participa\u00e7\u00e3o na eletrifica\u00e7\u00e3o dos transportes, dispondo de um produto adequado com a realidade brasileira","og_url":"https:\/\/revistaautobus.com.br\/?p=9120","og_site_name":"Revista AutoBus","article_publisher":"https:\/\/www.facebook.com\/antonio.ferro.3150","article_published_time":"2023-06-19T13:07:43+00:00","og_image":[{"width":1045,"height":650,"url":"https:\/\/revistaautobus.com.br\/wp-content\/uploads\/2023\/06\/Eletrico-MB.png","type":"image\/png"}],"author":"Antonio Ferro","twitter_card":"summary_large_image","twitter_misc":{"Escrito por":"Antonio Ferro","Est. tempo de leitura":"3 minutos"},"schema":{"@context":"https:\/\/schema.org","@graph":[{"@type":"Article","@id":"https:\/\/revistaautobus.com.br\/?p=9120#article","isPartOf":{"@id":"https:\/\/revistaautobus.com.br\/?p=9120"},"author":{"name":"Antonio Ferro","@id":"https:\/\/revistaautobus.com.br\/#\/schema\/person\/54af7c3eb83a310e42ef686ef6d16f50"},"headline":"Credenciado pelo BNDES","datePublished":"2023-06-19T13:07:43+00:00","mainEntityOfPage":{"@id":"https:\/\/revistaautobus.com.br\/?p=9120"},"wordCount":694,"commentCount":0,"publisher":{"@id":"https:\/\/revistaautobus.com.br\/#organization"},"image":{"@id":"https:\/\/revistaautobus.com.br\/?p=9120#primaryimage"},"thumbnailUrl":"https:\/\/revistaautobus.com.br\/wp-content\/uploads\/2023\/06\/Eletrico-MB.png","keywords":["mercedes-benz \u00f4nibus"],"articleSection":["Montadoras","\u00d4nibus el\u00e9trico"],"inLanguage":"pt-BR","potentialAction":[{"@type":"CommentAction","name":"Comment","target":["https:\/\/revistaautobus.com.br\/?p=9120#respond"]}]},{"@type":"WebPage","@id":"https:\/\/revistaautobus.com.br\/?p=9120","url":"https:\/\/revistaautobus.com.br\/?p=9120","name":"Credenciado pelo BNDES - Revista AutoBus","isPartOf":{"@id":"https:\/\/revistaautobus.com.br\/#website"},"primaryImageOfPage":{"@id":"https:\/\/revistaautobus.com.br\/?p=9120#primaryimage"},"image":{"@id":"https:\/\/revistaautobus.com.br\/?p=9120#primaryimage"},"thumbnailUrl":"https:\/\/revistaautobus.com.br\/wp-content\/uploads\/2023\/06\/Eletrico-MB.png","datePublished":"2023-06-19T13:07:43+00:00","breadcrumb":{"@id":"https:\/\/revistaautobus.com.br\/?p=9120#breadcrumb"},"inLanguage":"pt-BR","potentialAction":[{"@type":"ReadAction","target":["https:\/\/revistaautobus.com.br\/?p=9120"]}]},{"@type":"ImageObject","inLanguage":"pt-BR","@id":"https:\/\/revistaautobus.com.br\/?p=9120#primaryimage","url":"https:\/\/revistaautobus.com.br\/wp-content\/uploads\/2023\/06\/Eletrico-MB.png","contentUrl":"https:\/\/revistaautobus.com.br\/wp-content\/uploads\/2023\/06\/Eletrico-MB.png","width":1045,"height":650},{"@type":"BreadcrumbList","@id":"https:\/\/revistaautobus.com.br\/?p=9120#breadcrumb","itemListElement":[{"@type":"ListItem","position":1,"name":"In\u00edcio","item":"https:\/\/revistaautobus.com.br\/"},{"@type":"ListItem","position":2,"name":"Credenciado pelo BNDES"}]},{"@type":"WebSite","@id":"https:\/\/revistaautobus.com.br\/#website","url":"https:\/\/revistaautobus.com.br\/","name":"Revista AutoBus","description":"","publisher":{"@id":"https:\/\/revistaautobus.com.br\/#organization"},"potentialAction":[{"@type":"SearchAction","target":{"@type":"EntryPoint","urlTemplate":"https:\/\/revistaautobus.com.br\/?s={search_term_string}"},"query-input":{"@type":"PropertyValueSpecification","valueRequired":true,"valueName":"search_term_string"}}],"inLanguage":"pt-BR"},{"@type":"Organization","@id":"https:\/\/revistaautobus.com.br\/#organization","name":"Revista AutoBus","url":"https:\/\/revistaautobus.com.br\/","logo":{"@type":"ImageObject","inLanguage":"pt-BR","@id":"https:\/\/revistaautobus.com.br\/#\/schema\/logo\/image\/","url":"https:\/\/revistaautobus.com.br\/wp-content\/uploads\/2024\/11\/logo_revista_autobus_fb.png","contentUrl":"https:\/\/revistaautobus.com.br\/wp-content\/uploads\/2024\/11\/logo_revista_autobus_fb.png","width":836,"height":227,"caption":"Revista AutoBus"},"image":{"@id":"https:\/\/revistaautobus.com.br\/#\/schema\/logo\/image\/"},"sameAs":["https:\/\/www.facebook.com\/antonio.ferro.3150","https:\/\/www.instagram.com\/revistaautobus\/"]},{"@type":"Person","@id":"https:\/\/revistaautobus.com.br\/#\/schema\/person\/54af7c3eb83a310e42ef686ef6d16f50","name":"Antonio Ferro","image":{"@type":"ImageObject","inLanguage":"pt-BR","@id":"https:\/\/revistaautobus.com.br\/wp-content\/uploads\/2025\/12\/editor_antonio_ferro-150x150.jpg","url":"https:\/\/revistaautobus.com.br\/wp-content\/uploads\/2025\/12\/editor_antonio_ferro-150x150.jpg","contentUrl":"https:\/\/revistaautobus.com.br\/wp-content\/uploads\/2025\/12\/editor_antonio_ferro-150x150.jpg","caption":"Antonio Ferro"},"description":"infobus@uol.com.br","url":"https:\/\/revistaautobus.com.br\/?author=2"}]}},"jetpack_featured_media_url":"https:\/\/revistaautobus.com.br\/wp-content\/uploads\/2023\/06\/Eletrico-MB.png","jetpack_sharing_enabled":true,"_links":{"self":[{"href":"https:\/\/revistaautobus.com.br\/index.php?rest_route=\/wp\/v2\/posts\/9120","targetHints":{"allow":["GET"]}}],"collection":[{"href":"https:\/\/revistaautobus.com.br\/index.php?rest_route=\/wp\/v2\/posts"}],"about":[{"href":"https:\/\/revistaautobus.com.br\/index.php?rest_route=\/wp\/v2\/types\/post"}],"author":[{"embeddable":true,"href":"https:\/\/revistaautobus.com.br\/index.php?rest_route=\/wp\/v2\/users\/2"}],"replies":[{"embeddable":true,"href":"https:\/\/revistaautobus.com.br\/index.php?rest_route=%2Fwp%2Fv2%2Fcomments&post=9120"}],"version-history":[{"count":2,"href":"https:\/\/revistaautobus.com.br\/index.php?rest_route=\/wp\/v2\/posts\/9120\/revisions"}],"predecessor-version":[{"id":9124,"href":"https:\/\/revistaautobus.com.br\/index.php?rest_route=\/wp\/v2\/posts\/9120\/revisions\/9124"}],"wp:featuredmedia":[{"embeddable":true,"href":"https:\/\/revistaautobus.com.br\/index.php?rest_route=\/wp\/v2\/media\/9121"}],"wp:attachment":[{"href":"https:\/\/revistaautobus.com.br\/index.php?rest_route=%2Fwp%2Fv2%2Fmedia&parent=9120"}],"wp:term":[{"taxonomy":"category","embeddable":true,"href":"https:\/\/revistaautobus.com.br\/index.php?rest_route=%2Fwp%2Fv2%2Fcategories&post=9120"},{"taxonomy":"post_tag","embeddable":true,"href":"https:\/\/revistaautobus.com.br\/index.php?rest_route=%2Fwp%2Fv2%2Ftags&post=9120"}],"curies":[{"name":"wp","href":"https:\/\/api.w.org\/{rel}","templated":true}]}}