{"id":9140,"date":"2023-06-26T13:28:59","date_gmt":"2023-06-26T16:28:59","guid":{"rendered":"https:\/\/revistaautobus.com.br\/?p=9140"},"modified":"2023-06-26T13:28:59","modified_gmt":"2023-06-26T16:28:59","slug":"renovacao-em-frota-rodoviaria","status":"publish","type":"post","link":"https:\/\/revistaautobus.com.br\/?p=9140","title":{"rendered":"Renova\u00e7\u00e3o em frota rodovi\u00e1ria"},"content":{"rendered":"<p>O Expresso Adamantina, operadora paulista do transporte rodovi\u00e1rio regular, recebeu 12 \u00f4nibus, seminovos, para serem utilizados em mercados do interior de S\u00e3o Paulo e cidades do Mato Grosso do Sul, trazendo ganhos expressivos em tecnologia e conforto na opera\u00e7\u00e3o da empresa nessas regi\u00f5es. Os ve\u00edculos possuem carro\u00e7aria Paradiso 1200 New G7, configurados com 46 poltronas semileito, dotadas de descansa p\u00e9s, WC e sistema de ar-condicionado.<\/p>\n<p>Eles receberam a nova pintura da empresa, com predomin\u00e2ncia da cor branca e detalhes em coral e cinza. \u201cEssa frota dar\u00e1 mais qualidade e conforto aos nossos clientes, especialmente nas liga\u00e7\u00f5es intermunicipais como Presidente Prudente e Ribeir\u00e3o Preto, no interior paulista, e nas linhas partindo de Campo Grande para Tr\u00eas Lagoas, Aparecida do Taboado e Navira\u00ed, no Mato Grosso do Sul\u201d, disse o diretor-executivo do Grupo Adamantina, Lincon Louren\u00e7o.<\/p>\n<div id=\"attachment_9142\" style=\"width: 1034px\" class=\"wp-caption alignnone\"><img loading=\"lazy\" decoding=\"async\" aria-describedby=\"caption-attachment-9142\" class=\"wp-image-9142 size-large\" src=\"https:\/\/revistaautobus.com.br\/wp-content\/uploads\/2023\/06\/Adamantina-1024x678.jpg\" alt=\"\" width=\"1024\" height=\"678\" srcset=\"https:\/\/revistaautobus.com.br\/wp-content\/uploads\/2023\/06\/Adamantina-1024x678.jpg 1024w, https:\/\/revistaautobus.com.br\/wp-content\/uploads\/2023\/06\/Adamantina-300x199.jpg 300w, https:\/\/revistaautobus.com.br\/wp-content\/uploads\/2023\/06\/Adamantina-768x508.jpg 768w, https:\/\/revistaautobus.com.br\/wp-content\/uploads\/2023\/06\/Adamantina-1536x1017.jpg 1536w, https:\/\/revistaautobus.com.br\/wp-content\/uploads\/2023\/06\/Adamantina-1080x715.jpg 1080w, https:\/\/revistaautobus.com.br\/wp-content\/uploads\/2023\/06\/Adamantina.jpg 1600w\" sizes=\"(max-width: 1024px) 100vw, 1024px\" \/><p id=\"caption-attachment-9142\" class=\"wp-caption-text\"><span style=\"color: #ff0000;\"><strong><em>Novos Double Deck tamb\u00e9m foram incorporados na frota<\/em><\/strong><\/span><\/p><\/div>\n<p>E, visando qualificar ainda mais a sua frota, no m\u00eas de mar\u00e7o passado, a operadora recebeu sete \u00f4nibus <em>Double Decker<\/em>, que passaram a operar nas linhas interestaduais ligando S\u00e3o Paulo \u2013 Cuiab\u00e1 (MT) e Rio de Janeiro \u2013 Campo Grande (MS). Eles tamb\u00e9m possuem carro\u00e7arias da Marcopolo, Paradiso 1800 New G7, com 12 poltronas leito no piso inferior e 44 na categoria semileito no piso superior, al\u00e9m de frigobar e tomadas USB. Os chassis s\u00e3o da marca Scania.<\/p>\n<p>Lincon Louren\u00e7o observou que, a chegada desses ve\u00edculos \u00e9 a oportunidade para aumentar, ainda mais, o conforto dos passageiros. \u201cOs \u00f4nibus com dois pavimentos proporcionam a melhor experi\u00eancia ao cliente em diversos aspectos, j\u00e1 que eles contam com diversos recursos tecnol\u00f3gicos e de seguran\u00e7a para as viagens mais longas\u201d, disse.<\/p>\n<p>O Expresso Adamantina, sediado na cidade de Dracena, no extremo oeste paulista, tem mais de 60 anos de atividades. Em 2014, a empresa ganha um novo quadro societ\u00e1rio, e sob o comando do empres\u00e1rio Cl\u00f3vis Nascimento Martins, recebe novos investimentos, al\u00e9m de uma vis\u00e3o de mercado voltada para o futuro, com novas pr\u00e1ticas corporativas e, tamb\u00e9m, comerciais.<\/p>\n<p>Ela atinge mais de 300 destinos, em 48 linhas operados em S\u00e3o Paulo, seis no Mato Grosso do Sul e 16 interestaduais. Sua atual frota \u00e9 de 320 ve\u00edculos.<\/p>\n<p>Imagens &#8211; Divulga\u00e7\u00e3o<\/p>\n","protected":false},"excerpt":{"rendered":"<p>Com novos \u00f4nibus, operadora paulista diminui a idade m\u00e9dia de sua frota e amplia o conforto aos seus passageiros<\/p>\n","protected":false},"author":2,"featured_media":9141,"comment_status":"open","ping_status":"open","sticky":false,"template":"","format":"standard","meta":{"_et_pb_use_builder":"","_et_pb_old_content":"","_et_gb_content_width":"","_jetpack_memberships_contains_paid_content":false,"footnotes":""},"categories":[80],"tags":[530],"class_list":["post-9140","post","type-post","status-publish","format-standard","has-post-thumbnail","hentry","category-transporte-rodoviario","tag-expresso-adamantina","et-has-post-format-content","et_post_format-et-post-format-standard"],"yoast_head":"<!-- This site is optimized with the Yoast SEO plugin v27.2 - https:\/\/yoast.com\/product\/yoast-seo-wordpress\/ -->\n<title>Renova\u00e7\u00e3o em frota rodovi\u00e1ria - Revista AutoBus<\/title>\n<meta name=\"robots\" content=\"index, follow, max-snippet:-1, max-image-preview:large, max-video-preview:-1\" \/>\n<link rel=\"canonical\" href=\"https:\/\/revistaautobus.com.br\/?p=9140\" \/>\n<meta property=\"og:locale\" content=\"pt_BR\" \/>\n<meta property=\"og:type\" content=\"article\" \/>\n<meta property=\"og:title\" content=\"Renova\u00e7\u00e3o em frota rodovi\u00e1ria - Revista AutoBus\" \/>\n<meta property=\"og:description\" content=\"Com novos \u00f4nibus, operadora paulista diminui a idade m\u00e9dia de sua frota e amplia o conforto aos seus passageiros\" \/>\n<meta property=\"og:url\" content=\"https:\/\/revistaautobus.com.br\/?p=9140\" \/>\n<meta property=\"og:site_name\" content=\"Revista AutoBus\" \/>\n<meta property=\"article:publisher\" content=\"https:\/\/www.facebook.com\/antonio.ferro.3150\" \/>\n<meta property=\"article:published_time\" content=\"2023-06-26T16:28:59+00:00\" \/>\n<meta property=\"og:image\" content=\"https:\/\/revistaautobus.com.br\/wp-content\/uploads\/2023\/06\/Nova-frota_divulgacao_01.jpg\" \/>\n\t<meta property=\"og:image:width\" content=\"1000\" \/>\n\t<meta property=\"og:image:height\" content=\"686\" \/>\n\t<meta property=\"og:image:type\" content=\"image\/jpeg\" \/>\n<meta name=\"author\" content=\"Antonio Ferro\" \/>\n<meta name=\"twitter:card\" content=\"summary_large_image\" \/>\n<meta name=\"twitter:label1\" content=\"Escrito por\" \/>\n\t<meta name=\"twitter:data1\" content=\"Antonio Ferro\" \/>\n\t<meta name=\"twitter:label2\" content=\"Est. tempo de leitura\" \/>\n\t<meta name=\"twitter:data2\" content=\"2 minutos\" \/>\n<script type=\"application\/ld+json\" class=\"yoast-schema-graph\">{\"@context\":\"https:\/\/schema.org\",\"@graph\":[{\"@type\":\"Article\",\"@id\":\"https:\/\/revistaautobus.com.br\/?p=9140#article\",\"isPartOf\":{\"@id\":\"https:\/\/revistaautobus.com.br\/?p=9140\"},\"author\":{\"name\":\"Antonio Ferro\",\"@id\":\"https:\/\/revistaautobus.com.br\/#\/schema\/person\/54af7c3eb83a310e42ef686ef6d16f50\"},\"headline\":\"Renova\u00e7\u00e3o em frota rodovi\u00e1ria\",\"datePublished\":\"2023-06-26T16:28:59+00:00\",\"mainEntityOfPage\":{\"@id\":\"https:\/\/revistaautobus.com.br\/?p=9140\"},\"wordCount\":391,\"commentCount\":0,\"publisher\":{\"@id\":\"https:\/\/revistaautobus.com.br\/#organization\"},\"image\":{\"@id\":\"https:\/\/revistaautobus.com.br\/?p=9140#primaryimage\"},\"thumbnailUrl\":\"https:\/\/revistaautobus.com.br\/wp-content\/uploads\/2023\/06\/Nova-frota_divulgacao_01.jpg\",\"keywords\":[\"Expresso Adamantina\"],\"articleSection\":[\"Transporte rodovi\u00e1rio\"],\"inLanguage\":\"pt-BR\",\"potentialAction\":[{\"@type\":\"CommentAction\",\"name\":\"Comment\",\"target\":[\"https:\/\/revistaautobus.com.br\/?p=9140#respond\"]}]},{\"@type\":\"WebPage\",\"@id\":\"https:\/\/revistaautobus.com.br\/?p=9140\",\"url\":\"https:\/\/revistaautobus.com.br\/?p=9140\",\"name\":\"Renova\u00e7\u00e3o em frota rodovi\u00e1ria - Revista AutoBus\",\"isPartOf\":{\"@id\":\"https:\/\/revistaautobus.com.br\/#website\"},\"primaryImageOfPage\":{\"@id\":\"https:\/\/revistaautobus.com.br\/?p=9140#primaryimage\"},\"image\":{\"@id\":\"https:\/\/revistaautobus.com.br\/?p=9140#primaryimage\"},\"thumbnailUrl\":\"https:\/\/revistaautobus.com.br\/wp-content\/uploads\/2023\/06\/Nova-frota_divulgacao_01.jpg\",\"datePublished\":\"2023-06-26T16:28:59+00:00\",\"breadcrumb\":{\"@id\":\"https:\/\/revistaautobus.com.br\/?p=9140#breadcrumb\"},\"inLanguage\":\"pt-BR\",\"potentialAction\":[{\"@type\":\"ReadAction\",\"target\":[\"https:\/\/revistaautobus.com.br\/?p=9140\"]}]},{\"@type\":\"ImageObject\",\"inLanguage\":\"pt-BR\",\"@id\":\"https:\/\/revistaautobus.com.br\/?p=9140#primaryimage\",\"url\":\"https:\/\/revistaautobus.com.br\/wp-content\/uploads\/2023\/06\/Nova-frota_divulgacao_01.jpg\",\"contentUrl\":\"https:\/\/revistaautobus.com.br\/wp-content\/uploads\/2023\/06\/Nova-frota_divulgacao_01.jpg\",\"width\":1000,\"height\":686},{\"@type\":\"BreadcrumbList\",\"@id\":\"https:\/\/revistaautobus.com.br\/?p=9140#breadcrumb\",\"itemListElement\":[{\"@type\":\"ListItem\",\"position\":1,\"name\":\"In\u00edcio\",\"item\":\"https:\/\/revistaautobus.com.br\/\"},{\"@type\":\"ListItem\",\"position\":2,\"name\":\"Renova\u00e7\u00e3o em frota rodovi\u00e1ria\"}]},{\"@type\":\"WebSite\",\"@id\":\"https:\/\/revistaautobus.com.br\/#website\",\"url\":\"https:\/\/revistaautobus.com.br\/\",\"name\":\"Revista AutoBus\",\"description\":\"\",\"publisher\":{\"@id\":\"https:\/\/revistaautobus.com.br\/#organization\"},\"potentialAction\":[{\"@type\":\"SearchAction\",\"target\":{\"@type\":\"EntryPoint\",\"urlTemplate\":\"https:\/\/revistaautobus.com.br\/?s={search_term_string}\"},\"query-input\":{\"@type\":\"PropertyValueSpecification\",\"valueRequired\":true,\"valueName\":\"search_term_string\"}}],\"inLanguage\":\"pt-BR\"},{\"@type\":\"Organization\",\"@id\":\"https:\/\/revistaautobus.com.br\/#organization\",\"name\":\"Revista AutoBus\",\"url\":\"https:\/\/revistaautobus.com.br\/\",\"logo\":{\"@type\":\"ImageObject\",\"inLanguage\":\"pt-BR\",\"@id\":\"https:\/\/revistaautobus.com.br\/#\/schema\/logo\/image\/\",\"url\":\"https:\/\/revistaautobus.com.br\/wp-content\/uploads\/2024\/11\/logo_revista_autobus_fb.png\",\"contentUrl\":\"https:\/\/revistaautobus.com.br\/wp-content\/uploads\/2024\/11\/logo_revista_autobus_fb.png\",\"width\":836,\"height\":227,\"caption\":\"Revista AutoBus\"},\"image\":{\"@id\":\"https:\/\/revistaautobus.com.br\/#\/schema\/logo\/image\/\"},\"sameAs\":[\"https:\/\/www.facebook.com\/antonio.ferro.3150\",\"https:\/\/www.instagram.com\/revistaautobus\/\"]},{\"@type\":\"Person\",\"@id\":\"https:\/\/revistaautobus.com.br\/#\/schema\/person\/54af7c3eb83a310e42ef686ef6d16f50\",\"name\":\"Antonio Ferro\",\"image\":{\"@type\":\"ImageObject\",\"inLanguage\":\"pt-BR\",\"@id\":\"https:\/\/revistaautobus.com.br\/wp-content\/uploads\/2025\/12\/editor_antonio_ferro-150x150.jpg\",\"url\":\"https:\/\/revistaautobus.com.br\/wp-content\/uploads\/2025\/12\/editor_antonio_ferro-150x150.jpg\",\"contentUrl\":\"https:\/\/revistaautobus.com.br\/wp-content\/uploads\/2025\/12\/editor_antonio_ferro-150x150.jpg\",\"caption\":\"Antonio Ferro\"},\"description\":\"infobus@uol.com.br\",\"url\":\"https:\/\/revistaautobus.com.br\/?author=2\"}]}<\/script>\n<!-- \/ Yoast SEO plugin. -->","yoast_head_json":{"title":"Renova\u00e7\u00e3o em frota rodovi\u00e1ria - Revista AutoBus","robots":{"index":"index","follow":"follow","max-snippet":"max-snippet:-1","max-image-preview":"max-image-preview:large","max-video-preview":"max-video-preview:-1"},"canonical":"https:\/\/revistaautobus.com.br\/?p=9140","og_locale":"pt_BR","og_type":"article","og_title":"Renova\u00e7\u00e3o em frota rodovi\u00e1ria - Revista AutoBus","og_description":"Com novos \u00f4nibus, operadora paulista diminui a idade m\u00e9dia de sua frota e amplia o conforto aos seus passageiros","og_url":"https:\/\/revistaautobus.com.br\/?p=9140","og_site_name":"Revista AutoBus","article_publisher":"https:\/\/www.facebook.com\/antonio.ferro.3150","article_published_time":"2023-06-26T16:28:59+00:00","og_image":[{"width":1000,"height":686,"url":"https:\/\/revistaautobus.com.br\/wp-content\/uploads\/2023\/06\/Nova-frota_divulgacao_01.jpg","type":"image\/jpeg"}],"author":"Antonio Ferro","twitter_card":"summary_large_image","twitter_misc":{"Escrito por":"Antonio Ferro","Est. tempo de leitura":"2 minutos"},"schema":{"@context":"https:\/\/schema.org","@graph":[{"@type":"Article","@id":"https:\/\/revistaautobus.com.br\/?p=9140#article","isPartOf":{"@id":"https:\/\/revistaautobus.com.br\/?p=9140"},"author":{"name":"Antonio Ferro","@id":"https:\/\/revistaautobus.com.br\/#\/schema\/person\/54af7c3eb83a310e42ef686ef6d16f50"},"headline":"Renova\u00e7\u00e3o em frota rodovi\u00e1ria","datePublished":"2023-06-26T16:28:59+00:00","mainEntityOfPage":{"@id":"https:\/\/revistaautobus.com.br\/?p=9140"},"wordCount":391,"commentCount":0,"publisher":{"@id":"https:\/\/revistaautobus.com.br\/#organization"},"image":{"@id":"https:\/\/revistaautobus.com.br\/?p=9140#primaryimage"},"thumbnailUrl":"https:\/\/revistaautobus.com.br\/wp-content\/uploads\/2023\/06\/Nova-frota_divulgacao_01.jpg","keywords":["Expresso Adamantina"],"articleSection":["Transporte rodovi\u00e1rio"],"inLanguage":"pt-BR","potentialAction":[{"@type":"CommentAction","name":"Comment","target":["https:\/\/revistaautobus.com.br\/?p=9140#respond"]}]},{"@type":"WebPage","@id":"https:\/\/revistaautobus.com.br\/?p=9140","url":"https:\/\/revistaautobus.com.br\/?p=9140","name":"Renova\u00e7\u00e3o em frota rodovi\u00e1ria - Revista AutoBus","isPartOf":{"@id":"https:\/\/revistaautobus.com.br\/#website"},"primaryImageOfPage":{"@id":"https:\/\/revistaautobus.com.br\/?p=9140#primaryimage"},"image":{"@id":"https:\/\/revistaautobus.com.br\/?p=9140#primaryimage"},"thumbnailUrl":"https:\/\/revistaautobus.com.br\/wp-content\/uploads\/2023\/06\/Nova-frota_divulgacao_01.jpg","datePublished":"2023-06-26T16:28:59+00:00","breadcrumb":{"@id":"https:\/\/revistaautobus.com.br\/?p=9140#breadcrumb"},"inLanguage":"pt-BR","potentialAction":[{"@type":"ReadAction","target":["https:\/\/revistaautobus.com.br\/?p=9140"]}]},{"@type":"ImageObject","inLanguage":"pt-BR","@id":"https:\/\/revistaautobus.com.br\/?p=9140#primaryimage","url":"https:\/\/revistaautobus.com.br\/wp-content\/uploads\/2023\/06\/Nova-frota_divulgacao_01.jpg","contentUrl":"https:\/\/revistaautobus.com.br\/wp-content\/uploads\/2023\/06\/Nova-frota_divulgacao_01.jpg","width":1000,"height":686},{"@type":"BreadcrumbList","@id":"https:\/\/revistaautobus.com.br\/?p=9140#breadcrumb","itemListElement":[{"@type":"ListItem","position":1,"name":"In\u00edcio","item":"https:\/\/revistaautobus.com.br\/"},{"@type":"ListItem","position":2,"name":"Renova\u00e7\u00e3o em frota rodovi\u00e1ria"}]},{"@type":"WebSite","@id":"https:\/\/revistaautobus.com.br\/#website","url":"https:\/\/revistaautobus.com.br\/","name":"Revista AutoBus","description":"","publisher":{"@id":"https:\/\/revistaautobus.com.br\/#organization"},"potentialAction":[{"@type":"SearchAction","target":{"@type":"EntryPoint","urlTemplate":"https:\/\/revistaautobus.com.br\/?s={search_term_string}"},"query-input":{"@type":"PropertyValueSpecification","valueRequired":true,"valueName":"search_term_string"}}],"inLanguage":"pt-BR"},{"@type":"Organization","@id":"https:\/\/revistaautobus.com.br\/#organization","name":"Revista AutoBus","url":"https:\/\/revistaautobus.com.br\/","logo":{"@type":"ImageObject","inLanguage":"pt-BR","@id":"https:\/\/revistaautobus.com.br\/#\/schema\/logo\/image\/","url":"https:\/\/revistaautobus.com.br\/wp-content\/uploads\/2024\/11\/logo_revista_autobus_fb.png","contentUrl":"https:\/\/revistaautobus.com.br\/wp-content\/uploads\/2024\/11\/logo_revista_autobus_fb.png","width":836,"height":227,"caption":"Revista AutoBus"},"image":{"@id":"https:\/\/revistaautobus.com.br\/#\/schema\/logo\/image\/"},"sameAs":["https:\/\/www.facebook.com\/antonio.ferro.3150","https:\/\/www.instagram.com\/revistaautobus\/"]},{"@type":"Person","@id":"https:\/\/revistaautobus.com.br\/#\/schema\/person\/54af7c3eb83a310e42ef686ef6d16f50","name":"Antonio Ferro","image":{"@type":"ImageObject","inLanguage":"pt-BR","@id":"https:\/\/revistaautobus.com.br\/wp-content\/uploads\/2025\/12\/editor_antonio_ferro-150x150.jpg","url":"https:\/\/revistaautobus.com.br\/wp-content\/uploads\/2025\/12\/editor_antonio_ferro-150x150.jpg","contentUrl":"https:\/\/revistaautobus.com.br\/wp-content\/uploads\/2025\/12\/editor_antonio_ferro-150x150.jpg","caption":"Antonio Ferro"},"description":"infobus@uol.com.br","url":"https:\/\/revistaautobus.com.br\/?author=2"}]}},"jetpack_featured_media_url":"https:\/\/revistaautobus.com.br\/wp-content\/uploads\/2023\/06\/Nova-frota_divulgacao_01.jpg","jetpack_sharing_enabled":true,"_links":{"self":[{"href":"https:\/\/revistaautobus.com.br\/index.php?rest_route=\/wp\/v2\/posts\/9140","targetHints":{"allow":["GET"]}}],"collection":[{"href":"https:\/\/revistaautobus.com.br\/index.php?rest_route=\/wp\/v2\/posts"}],"about":[{"href":"https:\/\/revistaautobus.com.br\/index.php?rest_route=\/wp\/v2\/types\/post"}],"author":[{"embeddable":true,"href":"https:\/\/revistaautobus.com.br\/index.php?rest_route=\/wp\/v2\/users\/2"}],"replies":[{"embeddable":true,"href":"https:\/\/revistaautobus.com.br\/index.php?rest_route=%2Fwp%2Fv2%2Fcomments&post=9140"}],"version-history":[{"count":3,"href":"https:\/\/revistaautobus.com.br\/index.php?rest_route=\/wp\/v2\/posts\/9140\/revisions"}],"predecessor-version":[{"id":9145,"href":"https:\/\/revistaautobus.com.br\/index.php?rest_route=\/wp\/v2\/posts\/9140\/revisions\/9145"}],"wp:featuredmedia":[{"embeddable":true,"href":"https:\/\/revistaautobus.com.br\/index.php?rest_route=\/wp\/v2\/media\/9141"}],"wp:attachment":[{"href":"https:\/\/revistaautobus.com.br\/index.php?rest_route=%2Fwp%2Fv2%2Fmedia&parent=9140"}],"wp:term":[{"taxonomy":"category","embeddable":true,"href":"https:\/\/revistaautobus.com.br\/index.php?rest_route=%2Fwp%2Fv2%2Fcategories&post=9140"},{"taxonomy":"post_tag","embeddable":true,"href":"https:\/\/revistaautobus.com.br\/index.php?rest_route=%2Fwp%2Fv2%2Ftags&post=9140"}],"curies":[{"name":"wp","href":"https:\/\/api.w.org\/{rel}","templated":true}]}}