{"id":9151,"date":"2023-06-26T13:34:20","date_gmt":"2023-06-26T16:34:20","guid":{"rendered":"https:\/\/revistaautobus.com.br\/?p=9151"},"modified":"2023-06-26T13:34:20","modified_gmt":"2023-06-26T16:34:20","slug":"jundiai-com-novos-onibus-caio","status":"publish","type":"post","link":"https:\/\/revistaautobus.com.br\/?p=9151","title":{"rendered":"Jundia\u00ed com novos \u00f4nibus Caio"},"content":{"rendered":"<p>Importante cidade paulista, no contexto industrial e, tamb\u00e9m, agr\u00edcola, Jundia\u00ed tem novos \u00f4nibus compondo sua frota do sistema de transporte coletivo. S\u00e3o 68 unidades, que possuem motores mais eficientes e menos poluentes \u2013 Euro V e VI -, al\u00e9m de contar com sistema de ar-condicionado, c\u00e2meras de seguran\u00e7a, conex\u00e3o de internet via Wi-Fi e carregadores de celular.<\/p>\n<p>Segundo a prefeitura de Jundia\u00ed, com a chegada dos novos \u00f4nibus, a idade m\u00e9dia da frota passa a ser de 3,3 anos, impactando diretamente na sustentabilidade. Al\u00e9m da renova\u00e7\u00e3o da frota e amplia\u00e7\u00e3o das linhas com esses 68 novos \u00f4nibus (com chassis Mercedes-Benz e Volkswagen Euro VI e V, respectivamente), tamb\u00e9m est\u00e3o sendo implantados 62 novos abrigos de paradas. Para isso, foram investidos R$ 52 milh\u00f5es.<\/p>\n<p>O gestor de Governo e Finan\u00e7as municipal, Jos\u00e9 Antonio Parimoschi, disse que o sistema local transporta cerca de 90 mil passageiros todos os dias e que os novos \u00f4nibus v\u00e3o possibilitar \u00e0s pessoas com defici\u00eancia, por exemplo, um acesso com mais conforto e seguran\u00e7a. \u201cA cidade avan\u00e7a com o conceito da boa presta\u00e7\u00e3o do servi\u00e7o p\u00fablico\u201d, sintetizou.<\/p>\n<div id=\"attachment_9153\" style=\"width: 1010px\" class=\"wp-caption alignnone\"><img loading=\"lazy\" decoding=\"async\" aria-describedby=\"caption-attachment-9153\" class=\"wp-image-9153 size-full\" src=\"https:\/\/revistaautobus.com.br\/wp-content\/uploads\/2023\/06\/Onibus002.jpg\" alt=\"\" width=\"1000\" height=\"622\" srcset=\"https:\/\/revistaautobus.com.br\/wp-content\/uploads\/2023\/06\/Onibus002.jpg 1000w, https:\/\/revistaautobus.com.br\/wp-content\/uploads\/2023\/06\/Onibus002-300x187.jpg 300w, https:\/\/revistaautobus.com.br\/wp-content\/uploads\/2023\/06\/Onibus002-768x478.jpg 768w, https:\/\/revistaautobus.com.br\/wp-content\/uploads\/2023\/06\/Onibus002-400x250.jpg 400w\" sizes=\"(max-width: 1000px) 100vw, 1000px\" \/><p id=\"caption-attachment-9153\" class=\"wp-caption-text\"><span style=\"color: #993366;\"><strong><em>Moderniza\u00e7\u00e3o da frota de \u00f4nibus do transporte coletivo de Jundia\u00ed<\/em><\/strong><\/span><\/p><\/div>\n<p>A encarro\u00e7adora paulista Caio \u00e9 a fornecedora das carro\u00e7arias, sendo o modelo Apache VIP V o escolhido pela Via\u00e7\u00e3o Jundiaiense, empresa operadora de \u00f4nibus urbanos que atua h\u00e1 mais de 40 anos na cidade. Eles contam com 12,70 metros de comprimento, tr\u00eas portas, poltronas estofadas com revestimento de f\u00e1cil limpeza e manuten\u00e7\u00e3o e janelas com vidros na cor fum\u00ea, uma barreira aos efeitos solares. Tamb\u00e9m trazem o elevador autom\u00e1tico, bot\u00e3o de parada em braile, assentos para pessoas deficientes, com problema de mobilidade, al\u00e9m de box para cadeirantes, com poltrona escamote\u00e1vel.<\/p>\n<p>Nos novos \u00f4nibus, a seguran\u00e7a tamb\u00e9m foi ressaltada. C\u00e2meras de seguran\u00e7a foram instaladas nos ve\u00edculos, com imagens transmitidas <em>on-line<\/em>, via Wi-Fi. Segundo a prefeitura jundiaiense, atualmente, as imagens s\u00e3o processadas a cada viagem e podem ser avaliadas apenas no final dessa etapa, quando \u00e9 poss\u00edvel conectar a c\u00e2mera em um terminal ou na garagem, mas com o uso da conex\u00e3o a bordo, as imagens podem ser monitoradas em tempo real.<\/p>\n<p>Imagens &#8211; Divulga\u00e7\u00e3o<\/p>\n","protected":false},"excerpt":{"rendered":"<p>Importante cidade paulista, no contexto industrial e, tamb\u00e9m, agr\u00edcola, Jundia\u00ed tem novos \u00f4nibus compondo sua frota do sistema de transporte coletivo. S\u00e3o 68 unidades, que possuem motores mais eficientes e menos poluentes \u2013 Euro V e VI -, al\u00e9m de contar com sistema de ar-condicionado, c\u00e2meras de seguran\u00e7a, conex\u00e3o de internet via Wi-Fi e carregadores [&hellip;]<\/p>\n","protected":false},"author":2,"featured_media":9152,"comment_status":"open","ping_status":"open","sticky":false,"template":"","format":"standard","meta":{"_et_pb_use_builder":"","_et_pb_old_content":"","_et_gb_content_width":"","_jetpack_memberships_contains_paid_content":false,"footnotes":""},"categories":[7],"tags":[83],"class_list":["post-9151","post","type-post","status-publish","format-standard","has-post-thumbnail","hentry","category-mobilidade-urbana","tag-caio","et-has-post-format-content","et_post_format-et-post-format-standard"],"yoast_head":"<!-- This site is optimized with the Yoast SEO plugin v27.2 - https:\/\/yoast.com\/product\/yoast-seo-wordpress\/ -->\n<title>Jundia\u00ed com novos \u00f4nibus Caio - Revista AutoBus<\/title>\n<meta name=\"robots\" content=\"index, follow, max-snippet:-1, max-image-preview:large, max-video-preview:-1\" \/>\n<link rel=\"canonical\" href=\"https:\/\/revistaautobus.com.br\/?p=9151\" \/>\n<meta property=\"og:locale\" content=\"pt_BR\" \/>\n<meta property=\"og:type\" content=\"article\" \/>\n<meta property=\"og:title\" content=\"Jundia\u00ed com novos \u00f4nibus Caio - Revista AutoBus\" \/>\n<meta property=\"og:description\" content=\"Importante cidade paulista, no contexto industrial e, tamb\u00e9m, agr\u00edcola, Jundia\u00ed tem novos \u00f4nibus compondo sua frota do sistema de transporte coletivo. S\u00e3o 68 unidades, que possuem motores mais eficientes e menos poluentes \u2013 Euro V e VI -, al\u00e9m de contar com sistema de ar-condicionado, c\u00e2meras de seguran\u00e7a, conex\u00e3o de internet via Wi-Fi e carregadores [&hellip;]\" \/>\n<meta property=\"og:url\" content=\"https:\/\/revistaautobus.com.br\/?p=9151\" \/>\n<meta property=\"og:site_name\" content=\"Revista AutoBus\" \/>\n<meta property=\"article:publisher\" content=\"https:\/\/www.facebook.com\/antonio.ferro.3150\" \/>\n<meta property=\"article:published_time\" content=\"2023-06-26T16:34:20+00:00\" \/>\n<meta property=\"og:image\" content=\"https:\/\/revistaautobus.com.br\/wp-content\/uploads\/2023\/06\/IMG-20230619-WA0056.jpg\" \/>\n\t<meta property=\"og:image:width\" content=\"1600\" \/>\n\t<meta property=\"og:image:height\" content=\"1199\" \/>\n\t<meta property=\"og:image:type\" content=\"image\/jpeg\" \/>\n<meta name=\"author\" content=\"Antonio Ferro\" \/>\n<meta name=\"twitter:card\" content=\"summary_large_image\" \/>\n<meta name=\"twitter:label1\" content=\"Escrito por\" \/>\n\t<meta name=\"twitter:data1\" content=\"Antonio Ferro\" \/>\n\t<meta name=\"twitter:label2\" content=\"Est. tempo de leitura\" \/>\n\t<meta name=\"twitter:data2\" content=\"2 minutos\" \/>\n<script type=\"application\/ld+json\" class=\"yoast-schema-graph\">{\"@context\":\"https:\/\/schema.org\",\"@graph\":[{\"@type\":\"Article\",\"@id\":\"https:\/\/revistaautobus.com.br\/?p=9151#article\",\"isPartOf\":{\"@id\":\"https:\/\/revistaautobus.com.br\/?p=9151\"},\"author\":{\"name\":\"Antonio Ferro\",\"@id\":\"https:\/\/revistaautobus.com.br\/#\/schema\/person\/54af7c3eb83a310e42ef686ef6d16f50\"},\"headline\":\"Jundia\u00ed com novos \u00f4nibus Caio\",\"datePublished\":\"2023-06-26T16:34:20+00:00\",\"mainEntityOfPage\":{\"@id\":\"https:\/\/revistaautobus.com.br\/?p=9151\"},\"wordCount\":398,\"commentCount\":0,\"publisher\":{\"@id\":\"https:\/\/revistaautobus.com.br\/#organization\"},\"image\":{\"@id\":\"https:\/\/revistaautobus.com.br\/?p=9151#primaryimage\"},\"thumbnailUrl\":\"https:\/\/revistaautobus.com.br\/wp-content\/uploads\/2023\/06\/IMG-20230619-WA0056.jpg\",\"keywords\":[\"Caio\"],\"articleSection\":[\"Mobilidade Urbana\"],\"inLanguage\":\"pt-BR\",\"potentialAction\":[{\"@type\":\"CommentAction\",\"name\":\"Comment\",\"target\":[\"https:\/\/revistaautobus.com.br\/?p=9151#respond\"]}]},{\"@type\":\"WebPage\",\"@id\":\"https:\/\/revistaautobus.com.br\/?p=9151\",\"url\":\"https:\/\/revistaautobus.com.br\/?p=9151\",\"name\":\"Jundia\u00ed com novos \u00f4nibus Caio - Revista AutoBus\",\"isPartOf\":{\"@id\":\"https:\/\/revistaautobus.com.br\/#website\"},\"primaryImageOfPage\":{\"@id\":\"https:\/\/revistaautobus.com.br\/?p=9151#primaryimage\"},\"image\":{\"@id\":\"https:\/\/revistaautobus.com.br\/?p=9151#primaryimage\"},\"thumbnailUrl\":\"https:\/\/revistaautobus.com.br\/wp-content\/uploads\/2023\/06\/IMG-20230619-WA0056.jpg\",\"datePublished\":\"2023-06-26T16:34:20+00:00\",\"breadcrumb\":{\"@id\":\"https:\/\/revistaautobus.com.br\/?p=9151#breadcrumb\"},\"inLanguage\":\"pt-BR\",\"potentialAction\":[{\"@type\":\"ReadAction\",\"target\":[\"https:\/\/revistaautobus.com.br\/?p=9151\"]}]},{\"@type\":\"ImageObject\",\"inLanguage\":\"pt-BR\",\"@id\":\"https:\/\/revistaautobus.com.br\/?p=9151#primaryimage\",\"url\":\"https:\/\/revistaautobus.com.br\/wp-content\/uploads\/2023\/06\/IMG-20230619-WA0056.jpg\",\"contentUrl\":\"https:\/\/revistaautobus.com.br\/wp-content\/uploads\/2023\/06\/IMG-20230619-WA0056.jpg\",\"width\":1600,\"height\":1199},{\"@type\":\"BreadcrumbList\",\"@id\":\"https:\/\/revistaautobus.com.br\/?p=9151#breadcrumb\",\"itemListElement\":[{\"@type\":\"ListItem\",\"position\":1,\"name\":\"In\u00edcio\",\"item\":\"https:\/\/revistaautobus.com.br\/\"},{\"@type\":\"ListItem\",\"position\":2,\"name\":\"Jundia\u00ed com novos \u00f4nibus Caio\"}]},{\"@type\":\"WebSite\",\"@id\":\"https:\/\/revistaautobus.com.br\/#website\",\"url\":\"https:\/\/revistaautobus.com.br\/\",\"name\":\"Revista AutoBus\",\"description\":\"\",\"publisher\":{\"@id\":\"https:\/\/revistaautobus.com.br\/#organization\"},\"potentialAction\":[{\"@type\":\"SearchAction\",\"target\":{\"@type\":\"EntryPoint\",\"urlTemplate\":\"https:\/\/revistaautobus.com.br\/?s={search_term_string}\"},\"query-input\":{\"@type\":\"PropertyValueSpecification\",\"valueRequired\":true,\"valueName\":\"search_term_string\"}}],\"inLanguage\":\"pt-BR\"},{\"@type\":\"Organization\",\"@id\":\"https:\/\/revistaautobus.com.br\/#organization\",\"name\":\"Revista AutoBus\",\"url\":\"https:\/\/revistaautobus.com.br\/\",\"logo\":{\"@type\":\"ImageObject\",\"inLanguage\":\"pt-BR\",\"@id\":\"https:\/\/revistaautobus.com.br\/#\/schema\/logo\/image\/\",\"url\":\"https:\/\/revistaautobus.com.br\/wp-content\/uploads\/2024\/11\/logo_revista_autobus_fb.png\",\"contentUrl\":\"https:\/\/revistaautobus.com.br\/wp-content\/uploads\/2024\/11\/logo_revista_autobus_fb.png\",\"width\":836,\"height\":227,\"caption\":\"Revista AutoBus\"},\"image\":{\"@id\":\"https:\/\/revistaautobus.com.br\/#\/schema\/logo\/image\/\"},\"sameAs\":[\"https:\/\/www.facebook.com\/antonio.ferro.3150\",\"https:\/\/www.instagram.com\/revistaautobus\/\"]},{\"@type\":\"Person\",\"@id\":\"https:\/\/revistaautobus.com.br\/#\/schema\/person\/54af7c3eb83a310e42ef686ef6d16f50\",\"name\":\"Antonio Ferro\",\"image\":{\"@type\":\"ImageObject\",\"inLanguage\":\"pt-BR\",\"@id\":\"https:\/\/revistaautobus.com.br\/wp-content\/uploads\/2025\/12\/editor_antonio_ferro-150x150.jpg\",\"url\":\"https:\/\/revistaautobus.com.br\/wp-content\/uploads\/2025\/12\/editor_antonio_ferro-150x150.jpg\",\"contentUrl\":\"https:\/\/revistaautobus.com.br\/wp-content\/uploads\/2025\/12\/editor_antonio_ferro-150x150.jpg\",\"caption\":\"Antonio Ferro\"},\"description\":\"infobus@uol.com.br\",\"url\":\"https:\/\/revistaautobus.com.br\/?author=2\"}]}<\/script>\n<!-- \/ Yoast SEO plugin. -->","yoast_head_json":{"title":"Jundia\u00ed com novos \u00f4nibus Caio - Revista AutoBus","robots":{"index":"index","follow":"follow","max-snippet":"max-snippet:-1","max-image-preview":"max-image-preview:large","max-video-preview":"max-video-preview:-1"},"canonical":"https:\/\/revistaautobus.com.br\/?p=9151","og_locale":"pt_BR","og_type":"article","og_title":"Jundia\u00ed com novos \u00f4nibus Caio - Revista AutoBus","og_description":"Importante cidade paulista, no contexto industrial e, tamb\u00e9m, agr\u00edcola, Jundia\u00ed tem novos \u00f4nibus compondo sua frota do sistema de transporte coletivo. S\u00e3o 68 unidades, que possuem motores mais eficientes e menos poluentes \u2013 Euro V e VI -, al\u00e9m de contar com sistema de ar-condicionado, c\u00e2meras de seguran\u00e7a, conex\u00e3o de internet via Wi-Fi e carregadores [&hellip;]","og_url":"https:\/\/revistaautobus.com.br\/?p=9151","og_site_name":"Revista AutoBus","article_publisher":"https:\/\/www.facebook.com\/antonio.ferro.3150","article_published_time":"2023-06-26T16:34:20+00:00","og_image":[{"width":1600,"height":1199,"url":"https:\/\/revistaautobus.com.br\/wp-content\/uploads\/2023\/06\/IMG-20230619-WA0056.jpg","type":"image\/jpeg"}],"author":"Antonio Ferro","twitter_card":"summary_large_image","twitter_misc":{"Escrito por":"Antonio Ferro","Est. tempo de leitura":"2 minutos"},"schema":{"@context":"https:\/\/schema.org","@graph":[{"@type":"Article","@id":"https:\/\/revistaautobus.com.br\/?p=9151#article","isPartOf":{"@id":"https:\/\/revistaautobus.com.br\/?p=9151"},"author":{"name":"Antonio Ferro","@id":"https:\/\/revistaautobus.com.br\/#\/schema\/person\/54af7c3eb83a310e42ef686ef6d16f50"},"headline":"Jundia\u00ed com novos \u00f4nibus Caio","datePublished":"2023-06-26T16:34:20+00:00","mainEntityOfPage":{"@id":"https:\/\/revistaautobus.com.br\/?p=9151"},"wordCount":398,"commentCount":0,"publisher":{"@id":"https:\/\/revistaautobus.com.br\/#organization"},"image":{"@id":"https:\/\/revistaautobus.com.br\/?p=9151#primaryimage"},"thumbnailUrl":"https:\/\/revistaautobus.com.br\/wp-content\/uploads\/2023\/06\/IMG-20230619-WA0056.jpg","keywords":["Caio"],"articleSection":["Mobilidade Urbana"],"inLanguage":"pt-BR","potentialAction":[{"@type":"CommentAction","name":"Comment","target":["https:\/\/revistaautobus.com.br\/?p=9151#respond"]}]},{"@type":"WebPage","@id":"https:\/\/revistaautobus.com.br\/?p=9151","url":"https:\/\/revistaautobus.com.br\/?p=9151","name":"Jundia\u00ed com novos \u00f4nibus Caio - Revista AutoBus","isPartOf":{"@id":"https:\/\/revistaautobus.com.br\/#website"},"primaryImageOfPage":{"@id":"https:\/\/revistaautobus.com.br\/?p=9151#primaryimage"},"image":{"@id":"https:\/\/revistaautobus.com.br\/?p=9151#primaryimage"},"thumbnailUrl":"https:\/\/revistaautobus.com.br\/wp-content\/uploads\/2023\/06\/IMG-20230619-WA0056.jpg","datePublished":"2023-06-26T16:34:20+00:00","breadcrumb":{"@id":"https:\/\/revistaautobus.com.br\/?p=9151#breadcrumb"},"inLanguage":"pt-BR","potentialAction":[{"@type":"ReadAction","target":["https:\/\/revistaautobus.com.br\/?p=9151"]}]},{"@type":"ImageObject","inLanguage":"pt-BR","@id":"https:\/\/revistaautobus.com.br\/?p=9151#primaryimage","url":"https:\/\/revistaautobus.com.br\/wp-content\/uploads\/2023\/06\/IMG-20230619-WA0056.jpg","contentUrl":"https:\/\/revistaautobus.com.br\/wp-content\/uploads\/2023\/06\/IMG-20230619-WA0056.jpg","width":1600,"height":1199},{"@type":"BreadcrumbList","@id":"https:\/\/revistaautobus.com.br\/?p=9151#breadcrumb","itemListElement":[{"@type":"ListItem","position":1,"name":"In\u00edcio","item":"https:\/\/revistaautobus.com.br\/"},{"@type":"ListItem","position":2,"name":"Jundia\u00ed com novos \u00f4nibus Caio"}]},{"@type":"WebSite","@id":"https:\/\/revistaautobus.com.br\/#website","url":"https:\/\/revistaautobus.com.br\/","name":"Revista AutoBus","description":"","publisher":{"@id":"https:\/\/revistaautobus.com.br\/#organization"},"potentialAction":[{"@type":"SearchAction","target":{"@type":"EntryPoint","urlTemplate":"https:\/\/revistaautobus.com.br\/?s={search_term_string}"},"query-input":{"@type":"PropertyValueSpecification","valueRequired":true,"valueName":"search_term_string"}}],"inLanguage":"pt-BR"},{"@type":"Organization","@id":"https:\/\/revistaautobus.com.br\/#organization","name":"Revista AutoBus","url":"https:\/\/revistaautobus.com.br\/","logo":{"@type":"ImageObject","inLanguage":"pt-BR","@id":"https:\/\/revistaautobus.com.br\/#\/schema\/logo\/image\/","url":"https:\/\/revistaautobus.com.br\/wp-content\/uploads\/2024\/11\/logo_revista_autobus_fb.png","contentUrl":"https:\/\/revistaautobus.com.br\/wp-content\/uploads\/2024\/11\/logo_revista_autobus_fb.png","width":836,"height":227,"caption":"Revista AutoBus"},"image":{"@id":"https:\/\/revistaautobus.com.br\/#\/schema\/logo\/image\/"},"sameAs":["https:\/\/www.facebook.com\/antonio.ferro.3150","https:\/\/www.instagram.com\/revistaautobus\/"]},{"@type":"Person","@id":"https:\/\/revistaautobus.com.br\/#\/schema\/person\/54af7c3eb83a310e42ef686ef6d16f50","name":"Antonio Ferro","image":{"@type":"ImageObject","inLanguage":"pt-BR","@id":"https:\/\/revistaautobus.com.br\/wp-content\/uploads\/2025\/12\/editor_antonio_ferro-150x150.jpg","url":"https:\/\/revistaautobus.com.br\/wp-content\/uploads\/2025\/12\/editor_antonio_ferro-150x150.jpg","contentUrl":"https:\/\/revistaautobus.com.br\/wp-content\/uploads\/2025\/12\/editor_antonio_ferro-150x150.jpg","caption":"Antonio Ferro"},"description":"infobus@uol.com.br","url":"https:\/\/revistaautobus.com.br\/?author=2"}]}},"jetpack_featured_media_url":"https:\/\/revistaautobus.com.br\/wp-content\/uploads\/2023\/06\/IMG-20230619-WA0056.jpg","jetpack_sharing_enabled":true,"_links":{"self":[{"href":"https:\/\/revistaautobus.com.br\/index.php?rest_route=\/wp\/v2\/posts\/9151","targetHints":{"allow":["GET"]}}],"collection":[{"href":"https:\/\/revistaautobus.com.br\/index.php?rest_route=\/wp\/v2\/posts"}],"about":[{"href":"https:\/\/revistaautobus.com.br\/index.php?rest_route=\/wp\/v2\/types\/post"}],"author":[{"embeddable":true,"href":"https:\/\/revistaautobus.com.br\/index.php?rest_route=\/wp\/v2\/users\/2"}],"replies":[{"embeddable":true,"href":"https:\/\/revistaautobus.com.br\/index.php?rest_route=%2Fwp%2Fv2%2Fcomments&post=9151"}],"version-history":[{"count":2,"href":"https:\/\/revistaautobus.com.br\/index.php?rest_route=\/wp\/v2\/posts\/9151\/revisions"}],"predecessor-version":[{"id":9155,"href":"https:\/\/revistaautobus.com.br\/index.php?rest_route=\/wp\/v2\/posts\/9151\/revisions\/9155"}],"wp:featuredmedia":[{"embeddable":true,"href":"https:\/\/revistaautobus.com.br\/index.php?rest_route=\/wp\/v2\/media\/9152"}],"wp:attachment":[{"href":"https:\/\/revistaautobus.com.br\/index.php?rest_route=%2Fwp%2Fv2%2Fmedia&parent=9151"}],"wp:term":[{"taxonomy":"category","embeddable":true,"href":"https:\/\/revistaautobus.com.br\/index.php?rest_route=%2Fwp%2Fv2%2Fcategories&post=9151"},{"taxonomy":"post_tag","embeddable":true,"href":"https:\/\/revistaautobus.com.br\/index.php?rest_route=%2Fwp%2Fv2%2Ftags&post=9151"}],"curies":[{"name":"wp","href":"https:\/\/api.w.org\/{rel}","templated":true}]}}