{"id":9157,"date":"2023-06-26T13:36:59","date_gmt":"2023-06-26T16:36:59","guid":{"rendered":"https:\/\/revistaautobus.com.br\/?p=9157"},"modified":"2023-06-26T13:36:59","modified_gmt":"2023-06-26T16:36:59","slug":"nas-ferias-de-julho-o-busao-e-a-opcao-para-as-viagens","status":"publish","type":"post","link":"https:\/\/revistaautobus.com.br\/?p=9157","title":{"rendered":"Nas f\u00e9rias de julho, o \u201cbus\u00e3o\u201d \u00e9 a op\u00e7\u00e3o para as viagens"},"content":{"rendered":"<p>Com a chegada do recesso escolar, para muitas fam\u00edlias as viagens s\u00e3o a oportunidade de descanso. Com isso, recorrer aos \u00f4nibus em seus deslocamentos pode trazer muitos benef\u00edcios. Para o Sindicato de Empresas de Transporte de Passageiros do Estado de S\u00e3o Paulo (SETPESP), dever\u00e1 haver um aumento de 12% no volume de passageiros transportados em rela\u00e7\u00e3o aos dados observados em 2022, no mesmo per\u00edodo.<\/p>\n<p>No estado de S\u00e3o Paulo, por exemplo, h\u00e1 muitos destinos que se revelam como grandes polos tur\u00edsticos, no caso, o Circuito das \u00c1guas e as regi\u00f5es serranas \u2013 que j\u00e1 deram in\u00edcio \u00e0 programa\u00e7\u00e3o da temporada de inverno e t\u00eam investido na divulga\u00e7\u00e3o das especialidades gastron\u00f4micas t\u00edpicas da esta\u00e7\u00e3o. A entidade representativa mencionou ainda, que foi observado aumento na demanda para Ol\u00edmpia \u2013 munic\u00edpio localizado no norte paulista, que \u00e9 prefer\u00eancia entre os que desejam se divertir em locais com temperaturas menos frias, especialmente com crian\u00e7as.<\/p>\n<p>Antonio Laskos, diretor-executivo do SETPESP, comentou que s\u00e3o v\u00e1rios os fatores que t\u00eam impulsionado a escolha do \u00f4nibus como meio de transporte para viajar aos variados destinos do estado, como os pre\u00e7os mais acess\u00edveis em rela\u00e7\u00e3o aos gastos necess\u00e1rios para transitar de carro ou avi\u00e3o e a facilidade na compra das passagens. \u201cAl\u00e9m de os \u00f4nibus de viagem estarem cada vez mais modernos, confort\u00e1veis e seguros, boa parte dos munic\u00edpios de S\u00e3o Paulo est\u00e1 distante dos grandes aeroportos. E, na an\u00e1lise dessa crescente demanda, \u00e9 preciso considerar que o aumento de pre\u00e7os de passagens a\u00e9reas, combust\u00edveis e ped\u00e1gios tamb\u00e9m colabora com as escolhas daqueles que optam por aproveitar os feriados para conhecer novos pontos tur\u00edsticos, cidades ou apenas visitar parentes e amigos, por exemplo\u201d, enfatizou.<\/p>\n<p>H\u00e1, tamb\u00e9m, as muitas facilidades oferecidas pelas empresas regulares, que \u00e9 a maior flexibilidade no transporte de bagagens, evitando-se gastos imprevistos aos passageiros e a seguran\u00e7a de embarcar e desembarcar em rodovi\u00e1rias \u2013 que s\u00e3o ambientes controlados e seguros \u2013, al\u00e9m, \u00e9 claro, da oferta de comodidades extras, como conex\u00e3o de internet via Wi-Fi, conectores USB e poltronas tipo leito cama que tornam as viagens ainda mais pr\u00e1ticas e confort\u00e1veis.<\/p>\n<p>Imagem &#8211; Via\u00e7\u00e3o Santa Cruz<\/p>\n","protected":false},"excerpt":{"rendered":"<p>O retorno das viagens rodovi\u00e1rias t\u00e3o um tom otimista para o sistema paulista<\/p>\n","protected":false},"author":2,"featured_media":9158,"comment_status":"open","ping_status":"open","sticky":false,"template":"","format":"standard","meta":{"_et_pb_use_builder":"","_et_pb_old_content":"","_et_gb_content_width":"","_jetpack_memberships_contains_paid_content":false,"footnotes":""},"categories":[80],"tags":[358],"class_list":["post-9157","post","type-post","status-publish","format-standard","has-post-thumbnail","hentry","category-transporte-rodoviario","tag-transporte-rodoviario-de-passageiros","et-has-post-format-content","et_post_format-et-post-format-standard"],"yoast_head":"<!-- This site is optimized with the Yoast SEO plugin v27.2 - https:\/\/yoast.com\/product\/yoast-seo-wordpress\/ -->\n<title>Nas f\u00e9rias de julho, o \u201cbus\u00e3o\u201d \u00e9 a op\u00e7\u00e3o para as viagens - Revista AutoBus<\/title>\n<meta name=\"robots\" content=\"index, follow, max-snippet:-1, max-image-preview:large, max-video-preview:-1\" \/>\n<link rel=\"canonical\" href=\"https:\/\/revistaautobus.com.br\/?p=9157\" \/>\n<meta property=\"og:locale\" content=\"pt_BR\" \/>\n<meta property=\"og:type\" content=\"article\" \/>\n<meta property=\"og:title\" content=\"Nas f\u00e9rias de julho, o \u201cbus\u00e3o\u201d \u00e9 a op\u00e7\u00e3o para as viagens - Revista AutoBus\" \/>\n<meta property=\"og:description\" content=\"O retorno das viagens rodovi\u00e1rias t\u00e3o um tom otimista para o sistema paulista\" \/>\n<meta property=\"og:url\" content=\"https:\/\/revistaautobus.com.br\/?p=9157\" \/>\n<meta property=\"og:site_name\" content=\"Revista AutoBus\" \/>\n<meta property=\"article:publisher\" content=\"https:\/\/www.facebook.com\/antonio.ferro.3150\" \/>\n<meta property=\"article:published_time\" content=\"2023-06-26T16:36:59+00:00\" \/>\n<meta property=\"og:image\" content=\"https:\/\/revistaautobus.com.br\/wp-content\/uploads\/2023\/06\/Viagens-de-ferias.jpg\" \/>\n\t<meta property=\"og:image:width\" content=\"1280\" \/>\n\t<meta property=\"og:image:height\" content=\"960\" \/>\n\t<meta property=\"og:image:type\" content=\"image\/jpeg\" \/>\n<meta name=\"author\" content=\"Antonio Ferro\" \/>\n<meta name=\"twitter:card\" content=\"summary_large_image\" \/>\n<meta name=\"twitter:label1\" content=\"Escrito por\" \/>\n\t<meta name=\"twitter:data1\" content=\"Antonio Ferro\" \/>\n\t<meta name=\"twitter:label2\" content=\"Est. tempo de leitura\" \/>\n\t<meta name=\"twitter:data2\" content=\"2 minutos\" \/>\n<script type=\"application\/ld+json\" class=\"yoast-schema-graph\">{\"@context\":\"https:\/\/schema.org\",\"@graph\":[{\"@type\":\"Article\",\"@id\":\"https:\/\/revistaautobus.com.br\/?p=9157#article\",\"isPartOf\":{\"@id\":\"https:\/\/revistaautobus.com.br\/?p=9157\"},\"author\":{\"name\":\"Antonio Ferro\",\"@id\":\"https:\/\/revistaautobus.com.br\/#\/schema\/person\/54af7c3eb83a310e42ef686ef6d16f50\"},\"headline\":\"Nas f\u00e9rias de julho, o \u201cbus\u00e3o\u201d \u00e9 a op\u00e7\u00e3o para as viagens\",\"datePublished\":\"2023-06-26T16:36:59+00:00\",\"mainEntityOfPage\":{\"@id\":\"https:\/\/revistaautobus.com.br\/?p=9157\"},\"wordCount\":401,\"commentCount\":0,\"publisher\":{\"@id\":\"https:\/\/revistaautobus.com.br\/#organization\"},\"image\":{\"@id\":\"https:\/\/revistaautobus.com.br\/?p=9157#primaryimage\"},\"thumbnailUrl\":\"https:\/\/revistaautobus.com.br\/wp-content\/uploads\/2023\/06\/Viagens-de-ferias.jpg\",\"keywords\":[\"transporte rodovi\u00e1rio de passageiros\"],\"articleSection\":[\"Transporte rodovi\u00e1rio\"],\"inLanguage\":\"pt-BR\",\"potentialAction\":[{\"@type\":\"CommentAction\",\"name\":\"Comment\",\"target\":[\"https:\/\/revistaautobus.com.br\/?p=9157#respond\"]}]},{\"@type\":\"WebPage\",\"@id\":\"https:\/\/revistaautobus.com.br\/?p=9157\",\"url\":\"https:\/\/revistaautobus.com.br\/?p=9157\",\"name\":\"Nas f\u00e9rias de julho, o \u201cbus\u00e3o\u201d \u00e9 a op\u00e7\u00e3o para as viagens - Revista AutoBus\",\"isPartOf\":{\"@id\":\"https:\/\/revistaautobus.com.br\/#website\"},\"primaryImageOfPage\":{\"@id\":\"https:\/\/revistaautobus.com.br\/?p=9157#primaryimage\"},\"image\":{\"@id\":\"https:\/\/revistaautobus.com.br\/?p=9157#primaryimage\"},\"thumbnailUrl\":\"https:\/\/revistaautobus.com.br\/wp-content\/uploads\/2023\/06\/Viagens-de-ferias.jpg\",\"datePublished\":\"2023-06-26T16:36:59+00:00\",\"breadcrumb\":{\"@id\":\"https:\/\/revistaautobus.com.br\/?p=9157#breadcrumb\"},\"inLanguage\":\"pt-BR\",\"potentialAction\":[{\"@type\":\"ReadAction\",\"target\":[\"https:\/\/revistaautobus.com.br\/?p=9157\"]}]},{\"@type\":\"ImageObject\",\"inLanguage\":\"pt-BR\",\"@id\":\"https:\/\/revistaautobus.com.br\/?p=9157#primaryimage\",\"url\":\"https:\/\/revistaautobus.com.br\/wp-content\/uploads\/2023\/06\/Viagens-de-ferias.jpg\",\"contentUrl\":\"https:\/\/revistaautobus.com.br\/wp-content\/uploads\/2023\/06\/Viagens-de-ferias.jpg\",\"width\":1280,\"height\":960},{\"@type\":\"BreadcrumbList\",\"@id\":\"https:\/\/revistaautobus.com.br\/?p=9157#breadcrumb\",\"itemListElement\":[{\"@type\":\"ListItem\",\"position\":1,\"name\":\"In\u00edcio\",\"item\":\"https:\/\/revistaautobus.com.br\/\"},{\"@type\":\"ListItem\",\"position\":2,\"name\":\"Nas f\u00e9rias de julho, o \u201cbus\u00e3o\u201d \u00e9 a op\u00e7\u00e3o para as viagens\"}]},{\"@type\":\"WebSite\",\"@id\":\"https:\/\/revistaautobus.com.br\/#website\",\"url\":\"https:\/\/revistaautobus.com.br\/\",\"name\":\"Revista AutoBus\",\"description\":\"\",\"publisher\":{\"@id\":\"https:\/\/revistaautobus.com.br\/#organization\"},\"potentialAction\":[{\"@type\":\"SearchAction\",\"target\":{\"@type\":\"EntryPoint\",\"urlTemplate\":\"https:\/\/revistaautobus.com.br\/?s={search_term_string}\"},\"query-input\":{\"@type\":\"PropertyValueSpecification\",\"valueRequired\":true,\"valueName\":\"search_term_string\"}}],\"inLanguage\":\"pt-BR\"},{\"@type\":\"Organization\",\"@id\":\"https:\/\/revistaautobus.com.br\/#organization\",\"name\":\"Revista AutoBus\",\"url\":\"https:\/\/revistaautobus.com.br\/\",\"logo\":{\"@type\":\"ImageObject\",\"inLanguage\":\"pt-BR\",\"@id\":\"https:\/\/revistaautobus.com.br\/#\/schema\/logo\/image\/\",\"url\":\"https:\/\/revistaautobus.com.br\/wp-content\/uploads\/2024\/11\/logo_revista_autobus_fb.png\",\"contentUrl\":\"https:\/\/revistaautobus.com.br\/wp-content\/uploads\/2024\/11\/logo_revista_autobus_fb.png\",\"width\":836,\"height\":227,\"caption\":\"Revista AutoBus\"},\"image\":{\"@id\":\"https:\/\/revistaautobus.com.br\/#\/schema\/logo\/image\/\"},\"sameAs\":[\"https:\/\/www.facebook.com\/antonio.ferro.3150\",\"https:\/\/www.instagram.com\/revistaautobus\/\"]},{\"@type\":\"Person\",\"@id\":\"https:\/\/revistaautobus.com.br\/#\/schema\/person\/54af7c3eb83a310e42ef686ef6d16f50\",\"name\":\"Antonio Ferro\",\"image\":{\"@type\":\"ImageObject\",\"inLanguage\":\"pt-BR\",\"@id\":\"https:\/\/revistaautobus.com.br\/wp-content\/uploads\/2025\/12\/editor_antonio_ferro-150x150.jpg\",\"url\":\"https:\/\/revistaautobus.com.br\/wp-content\/uploads\/2025\/12\/editor_antonio_ferro-150x150.jpg\",\"contentUrl\":\"https:\/\/revistaautobus.com.br\/wp-content\/uploads\/2025\/12\/editor_antonio_ferro-150x150.jpg\",\"caption\":\"Antonio Ferro\"},\"description\":\"infobus@uol.com.br\",\"url\":\"https:\/\/revistaautobus.com.br\/?author=2\"}]}<\/script>\n<!-- \/ Yoast SEO plugin. -->","yoast_head_json":{"title":"Nas f\u00e9rias de julho, o \u201cbus\u00e3o\u201d \u00e9 a op\u00e7\u00e3o para as viagens - Revista AutoBus","robots":{"index":"index","follow":"follow","max-snippet":"max-snippet:-1","max-image-preview":"max-image-preview:large","max-video-preview":"max-video-preview:-1"},"canonical":"https:\/\/revistaautobus.com.br\/?p=9157","og_locale":"pt_BR","og_type":"article","og_title":"Nas f\u00e9rias de julho, o \u201cbus\u00e3o\u201d \u00e9 a op\u00e7\u00e3o para as viagens - Revista AutoBus","og_description":"O retorno das viagens rodovi\u00e1rias t\u00e3o um tom otimista para o sistema paulista","og_url":"https:\/\/revistaautobus.com.br\/?p=9157","og_site_name":"Revista AutoBus","article_publisher":"https:\/\/www.facebook.com\/antonio.ferro.3150","article_published_time":"2023-06-26T16:36:59+00:00","og_image":[{"width":1280,"height":960,"url":"https:\/\/revistaautobus.com.br\/wp-content\/uploads\/2023\/06\/Viagens-de-ferias.jpg","type":"image\/jpeg"}],"author":"Antonio Ferro","twitter_card":"summary_large_image","twitter_misc":{"Escrito por":"Antonio Ferro","Est. tempo de leitura":"2 minutos"},"schema":{"@context":"https:\/\/schema.org","@graph":[{"@type":"Article","@id":"https:\/\/revistaautobus.com.br\/?p=9157#article","isPartOf":{"@id":"https:\/\/revistaautobus.com.br\/?p=9157"},"author":{"name":"Antonio Ferro","@id":"https:\/\/revistaautobus.com.br\/#\/schema\/person\/54af7c3eb83a310e42ef686ef6d16f50"},"headline":"Nas f\u00e9rias de julho, o \u201cbus\u00e3o\u201d \u00e9 a op\u00e7\u00e3o para as viagens","datePublished":"2023-06-26T16:36:59+00:00","mainEntityOfPage":{"@id":"https:\/\/revistaautobus.com.br\/?p=9157"},"wordCount":401,"commentCount":0,"publisher":{"@id":"https:\/\/revistaautobus.com.br\/#organization"},"image":{"@id":"https:\/\/revistaautobus.com.br\/?p=9157#primaryimage"},"thumbnailUrl":"https:\/\/revistaautobus.com.br\/wp-content\/uploads\/2023\/06\/Viagens-de-ferias.jpg","keywords":["transporte rodovi\u00e1rio de passageiros"],"articleSection":["Transporte rodovi\u00e1rio"],"inLanguage":"pt-BR","potentialAction":[{"@type":"CommentAction","name":"Comment","target":["https:\/\/revistaautobus.com.br\/?p=9157#respond"]}]},{"@type":"WebPage","@id":"https:\/\/revistaautobus.com.br\/?p=9157","url":"https:\/\/revistaautobus.com.br\/?p=9157","name":"Nas f\u00e9rias de julho, o \u201cbus\u00e3o\u201d \u00e9 a op\u00e7\u00e3o para as viagens - Revista AutoBus","isPartOf":{"@id":"https:\/\/revistaautobus.com.br\/#website"},"primaryImageOfPage":{"@id":"https:\/\/revistaautobus.com.br\/?p=9157#primaryimage"},"image":{"@id":"https:\/\/revistaautobus.com.br\/?p=9157#primaryimage"},"thumbnailUrl":"https:\/\/revistaautobus.com.br\/wp-content\/uploads\/2023\/06\/Viagens-de-ferias.jpg","datePublished":"2023-06-26T16:36:59+00:00","breadcrumb":{"@id":"https:\/\/revistaautobus.com.br\/?p=9157#breadcrumb"},"inLanguage":"pt-BR","potentialAction":[{"@type":"ReadAction","target":["https:\/\/revistaautobus.com.br\/?p=9157"]}]},{"@type":"ImageObject","inLanguage":"pt-BR","@id":"https:\/\/revistaautobus.com.br\/?p=9157#primaryimage","url":"https:\/\/revistaautobus.com.br\/wp-content\/uploads\/2023\/06\/Viagens-de-ferias.jpg","contentUrl":"https:\/\/revistaautobus.com.br\/wp-content\/uploads\/2023\/06\/Viagens-de-ferias.jpg","width":1280,"height":960},{"@type":"BreadcrumbList","@id":"https:\/\/revistaautobus.com.br\/?p=9157#breadcrumb","itemListElement":[{"@type":"ListItem","position":1,"name":"In\u00edcio","item":"https:\/\/revistaautobus.com.br\/"},{"@type":"ListItem","position":2,"name":"Nas f\u00e9rias de julho, o \u201cbus\u00e3o\u201d \u00e9 a op\u00e7\u00e3o para as viagens"}]},{"@type":"WebSite","@id":"https:\/\/revistaautobus.com.br\/#website","url":"https:\/\/revistaautobus.com.br\/","name":"Revista AutoBus","description":"","publisher":{"@id":"https:\/\/revistaautobus.com.br\/#organization"},"potentialAction":[{"@type":"SearchAction","target":{"@type":"EntryPoint","urlTemplate":"https:\/\/revistaautobus.com.br\/?s={search_term_string}"},"query-input":{"@type":"PropertyValueSpecification","valueRequired":true,"valueName":"search_term_string"}}],"inLanguage":"pt-BR"},{"@type":"Organization","@id":"https:\/\/revistaautobus.com.br\/#organization","name":"Revista AutoBus","url":"https:\/\/revistaautobus.com.br\/","logo":{"@type":"ImageObject","inLanguage":"pt-BR","@id":"https:\/\/revistaautobus.com.br\/#\/schema\/logo\/image\/","url":"https:\/\/revistaautobus.com.br\/wp-content\/uploads\/2024\/11\/logo_revista_autobus_fb.png","contentUrl":"https:\/\/revistaautobus.com.br\/wp-content\/uploads\/2024\/11\/logo_revista_autobus_fb.png","width":836,"height":227,"caption":"Revista AutoBus"},"image":{"@id":"https:\/\/revistaautobus.com.br\/#\/schema\/logo\/image\/"},"sameAs":["https:\/\/www.facebook.com\/antonio.ferro.3150","https:\/\/www.instagram.com\/revistaautobus\/"]},{"@type":"Person","@id":"https:\/\/revistaautobus.com.br\/#\/schema\/person\/54af7c3eb83a310e42ef686ef6d16f50","name":"Antonio Ferro","image":{"@type":"ImageObject","inLanguage":"pt-BR","@id":"https:\/\/revistaautobus.com.br\/wp-content\/uploads\/2025\/12\/editor_antonio_ferro-150x150.jpg","url":"https:\/\/revistaautobus.com.br\/wp-content\/uploads\/2025\/12\/editor_antonio_ferro-150x150.jpg","contentUrl":"https:\/\/revistaautobus.com.br\/wp-content\/uploads\/2025\/12\/editor_antonio_ferro-150x150.jpg","caption":"Antonio Ferro"},"description":"infobus@uol.com.br","url":"https:\/\/revistaautobus.com.br\/?author=2"}]}},"jetpack_featured_media_url":"https:\/\/revistaautobus.com.br\/wp-content\/uploads\/2023\/06\/Viagens-de-ferias.jpg","jetpack_sharing_enabled":true,"_links":{"self":[{"href":"https:\/\/revistaautobus.com.br\/index.php?rest_route=\/wp\/v2\/posts\/9157","targetHints":{"allow":["GET"]}}],"collection":[{"href":"https:\/\/revistaautobus.com.br\/index.php?rest_route=\/wp\/v2\/posts"}],"about":[{"href":"https:\/\/revistaautobus.com.br\/index.php?rest_route=\/wp\/v2\/types\/post"}],"author":[{"embeddable":true,"href":"https:\/\/revistaautobus.com.br\/index.php?rest_route=\/wp\/v2\/users\/2"}],"replies":[{"embeddable":true,"href":"https:\/\/revistaautobus.com.br\/index.php?rest_route=%2Fwp%2Fv2%2Fcomments&post=9157"}],"version-history":[{"count":2,"href":"https:\/\/revistaautobus.com.br\/index.php?rest_route=\/wp\/v2\/posts\/9157\/revisions"}],"predecessor-version":[{"id":9160,"href":"https:\/\/revistaautobus.com.br\/index.php?rest_route=\/wp\/v2\/posts\/9157\/revisions\/9160"}],"wp:featuredmedia":[{"embeddable":true,"href":"https:\/\/revistaautobus.com.br\/index.php?rest_route=\/wp\/v2\/media\/9158"}],"wp:attachment":[{"href":"https:\/\/revistaautobus.com.br\/index.php?rest_route=%2Fwp%2Fv2%2Fmedia&parent=9157"}],"wp:term":[{"taxonomy":"category","embeddable":true,"href":"https:\/\/revistaautobus.com.br\/index.php?rest_route=%2Fwp%2Fv2%2Fcategories&post=9157"},{"taxonomy":"post_tag","embeddable":true,"href":"https:\/\/revistaautobus.com.br\/index.php?rest_route=%2Fwp%2Fv2%2Ftags&post=9157"}],"curies":[{"name":"wp","href":"https:\/\/api.w.org\/{rel}","templated":true}]}}