{"id":9219,"date":"2023-07-03T09:37:53","date_gmt":"2023-07-03T12:37:53","guid":{"rendered":"https:\/\/revistaautobus.com.br\/?p=9219"},"modified":"2023-07-03T09:37:53","modified_gmt":"2023-07-03T12:37:53","slug":"cliente-fiel-e-preocupado-com-a-seguranca","status":"publish","type":"post","link":"https:\/\/revistaautobus.com.br\/?p=9219","title":{"rendered":"Cliente fiel e preocupado com a seguran\u00e7a"},"content":{"rendered":"<p>A tecnologia, antes de tudo, para proporcionar viagens mais seguras e confort\u00e1veis. \u00c9 isso que o Grupo Brasileiro, da cidade baiana de Itabuna, pensou ao adquirir novos \u00f4nibus para a sua frota. Neste momento, s\u00e3o 54 unidades, todas com chassis Mercedes-Benz O500 RS (4&#215;2) e RSD (6&#215;2), que chegar\u00e3o para modernizar ainda mais os seus servi\u00e7os. Do total, 20 incorporam o pacote de seguran\u00e7a, com 21 itens de avan\u00e7ada tecnologia, elevando, ainda mais, o conceito proposto para viagens mais c\u00f4modas.<\/p>\n<p>Todos os chassis, que ir\u00e3o para as empresas Rota (Itabuna), Cidade Sol (Salvador) e Expresso Brasileiro (Eun\u00e1polis) ter\u00e3o carro\u00e7aria Paradiso G8 da Marcopolo, com configura\u00e7\u00f5es internas nas categorias leito, semileito e executivo, sendo duas unidades <em>Double Deck<\/em>. Carlos Antonio Sabino, assessor t\u00e9cnico do Grupo Brasileiro, ressaltou que as tecnologias de seguran\u00e7a ativa da Mercedes-Benz, como o sistema de frenagem de emerg\u00eancia ABA5, o assistente de ponto cego e o controle inteligente de farol alto, s\u00e3o pontos essenciais para uma opera\u00e7\u00e3o mais segura. \u201cDessa forma, os chassis Mercedes-Benz est\u00e3o cada vez mais preparados para oferecer conforto e seguran\u00e7a para nossos passageiros e motoristas. Al\u00e9m disso, a melhoria cont\u00ednua faz parte da pol\u00edtica de qualidade das nossas empresas. Juntamente com o sistema de telemetria que utilizamos em nossa frota, alcan\u00e7amos mais seguran\u00e7a e menor custo de manuten\u00e7\u00e3o\u201d, observou.<\/p>\n<p>Segundo Paulo Carletto, diretor-executivo do Grupo Brasileiro, o investimento na renova\u00e7\u00e3o da frota \u00e9 realizado para surpreender, sempre, a expectativa dos clientes e garantir o compromisso mantido com as ag\u00eancias reguladoras do setor. \u201cCrescemos com a marca Mercedes-Benz e valorizamos as parcerias que s\u00e3o importantes para n\u00f3s, entre elas tamb\u00e9m est\u00e3o a Itadil, o Banco Mercedes-Benz e a Marcopolo\u201d, disse ele. J\u00e1 s\u00e3o 44 anos de atividades.<\/p>\n<p>E, pensando no futuro, o Grupo tamb\u00e9m investiu na encomenda de mais 27 chassis, agora com a tecnologia BlueTec6, com motores Euro VI. Ser\u00e3o 20 unidades do chassi O500 RSD (6&#215;2), duas do O500 RSDD (8&#215;2) e mais 5 micro-\u00f4nibus LO 916.<\/p>\n<p>Walter Barbosa, diretor de Vendas e Marketing \u00d4nibus da Mercedes-Benz do Brasil, lembrou que os avan\u00e7os constantes em tecnologia de seguran\u00e7a ativa para os \u00f4nibus rodovi\u00e1rios da marca reafirmam o compromisso da Mercedes-Benz com os motoristas e os passageiros, com o tr\u00e1fego nas estradas e com todo o ecossistema do transporte respons\u00e1vel. \u201cNossa Empresa sempre esteve na vanguarda do desenvolvimento de \u00f4nibus. Essa renova\u00e7\u00e3o de frota do Grupo Brasileiro reafirma que estamos no caminho certo, al\u00e9m de nos trazer imensa satisfa\u00e7\u00e3o pela consolida\u00e7\u00e3o de uma parceria de longa data\u201d, enfatizou.<\/p>\n<p>Imagem &#8211; Divulga\u00e7\u00e3o\/ilustrativa<\/p>\n","protected":false},"excerpt":{"rendered":"<p>A import\u00e2ncia do uso da tecnologia e de recursos que promovam viagens mais confort\u00e1veis e seguras<\/p>\n","protected":false},"author":2,"featured_media":9220,"comment_status":"open","ping_status":"open","sticky":false,"template":"","format":"standard","meta":{"_et_pb_use_builder":"","_et_pb_old_content":"","_et_gb_content_width":"","_jetpack_memberships_contains_paid_content":false,"footnotes":""},"categories":[55,80],"tags":[84,125],"class_list":["post-9219","post","type-post","status-publish","format-standard","has-post-thumbnail","hentry","category-encarrocadora","category-transporte-rodoviario","tag-marcopolo","tag-mercedes-benz-onibus","et-has-post-format-content","et_post_format-et-post-format-standard"],"yoast_head":"<!-- This site is optimized with the Yoast SEO plugin v27.2 - https:\/\/yoast.com\/product\/yoast-seo-wordpress\/ -->\n<title>Cliente fiel e preocupado com a seguran\u00e7a - Revista AutoBus<\/title>\n<meta name=\"robots\" content=\"index, follow, max-snippet:-1, max-image-preview:large, max-video-preview:-1\" \/>\n<link rel=\"canonical\" href=\"https:\/\/revistaautobus.com.br\/?p=9219\" \/>\n<meta property=\"og:locale\" content=\"pt_BR\" \/>\n<meta property=\"og:type\" content=\"article\" \/>\n<meta property=\"og:title\" content=\"Cliente fiel e preocupado com a seguran\u00e7a - Revista AutoBus\" \/>\n<meta property=\"og:description\" content=\"A import\u00e2ncia do uso da tecnologia e de recursos que promovam viagens mais confort\u00e1veis e seguras\" \/>\n<meta property=\"og:url\" content=\"https:\/\/revistaautobus.com.br\/?p=9219\" \/>\n<meta property=\"og:site_name\" content=\"Revista AutoBus\" \/>\n<meta property=\"article:publisher\" content=\"https:\/\/www.facebook.com\/antonio.ferro.3150\" \/>\n<meta property=\"article:published_time\" content=\"2023-07-03T12:37:53+00:00\" \/>\n<meta property=\"og:image\" content=\"https:\/\/revistaautobus.com.br\/wp-content\/uploads\/2023\/07\/042023-MP-Grupo-Brasileiro_2_Cidade-Sol.jpg\" \/>\n\t<meta property=\"og:image:width\" content=\"950\" \/>\n\t<meta property=\"og:image:height\" content=\"633\" \/>\n\t<meta property=\"og:image:type\" content=\"image\/jpeg\" \/>\n<meta name=\"author\" content=\"Antonio Ferro\" \/>\n<meta name=\"twitter:card\" content=\"summary_large_image\" \/>\n<meta name=\"twitter:label1\" content=\"Escrito por\" \/>\n\t<meta name=\"twitter:data1\" content=\"Antonio Ferro\" \/>\n\t<meta name=\"twitter:label2\" content=\"Est. tempo de leitura\" \/>\n\t<meta name=\"twitter:data2\" content=\"2 minutos\" \/>\n<script type=\"application\/ld+json\" class=\"yoast-schema-graph\">{\"@context\":\"https:\/\/schema.org\",\"@graph\":[{\"@type\":\"Article\",\"@id\":\"https:\/\/revistaautobus.com.br\/?p=9219#article\",\"isPartOf\":{\"@id\":\"https:\/\/revistaautobus.com.br\/?p=9219\"},\"author\":{\"name\":\"Antonio Ferro\",\"@id\":\"https:\/\/revistaautobus.com.br\/#\/schema\/person\/54af7c3eb83a310e42ef686ef6d16f50\"},\"headline\":\"Cliente fiel e preocupado com a seguran\u00e7a\",\"datePublished\":\"2023-07-03T12:37:53+00:00\",\"mainEntityOfPage\":{\"@id\":\"https:\/\/revistaautobus.com.br\/?p=9219\"},\"wordCount\":462,\"commentCount\":0,\"publisher\":{\"@id\":\"https:\/\/revistaautobus.com.br\/#organization\"},\"image\":{\"@id\":\"https:\/\/revistaautobus.com.br\/?p=9219#primaryimage\"},\"thumbnailUrl\":\"https:\/\/revistaautobus.com.br\/wp-content\/uploads\/2023\/07\/042023-MP-Grupo-Brasileiro_2_Cidade-Sol.jpg\",\"keywords\":[\"Marcopolo\",\"mercedes-benz \u00f4nibus\"],\"articleSection\":[\"Encarro\u00e7adora\",\"Transporte rodovi\u00e1rio\"],\"inLanguage\":\"pt-BR\",\"potentialAction\":[{\"@type\":\"CommentAction\",\"name\":\"Comment\",\"target\":[\"https:\/\/revistaautobus.com.br\/?p=9219#respond\"]}]},{\"@type\":\"WebPage\",\"@id\":\"https:\/\/revistaautobus.com.br\/?p=9219\",\"url\":\"https:\/\/revistaautobus.com.br\/?p=9219\",\"name\":\"Cliente fiel e preocupado com a seguran\u00e7a - Revista AutoBus\",\"isPartOf\":{\"@id\":\"https:\/\/revistaautobus.com.br\/#website\"},\"primaryImageOfPage\":{\"@id\":\"https:\/\/revistaautobus.com.br\/?p=9219#primaryimage\"},\"image\":{\"@id\":\"https:\/\/revistaautobus.com.br\/?p=9219#primaryimage\"},\"thumbnailUrl\":\"https:\/\/revistaautobus.com.br\/wp-content\/uploads\/2023\/07\/042023-MP-Grupo-Brasileiro_2_Cidade-Sol.jpg\",\"datePublished\":\"2023-07-03T12:37:53+00:00\",\"breadcrumb\":{\"@id\":\"https:\/\/revistaautobus.com.br\/?p=9219#breadcrumb\"},\"inLanguage\":\"pt-BR\",\"potentialAction\":[{\"@type\":\"ReadAction\",\"target\":[\"https:\/\/revistaautobus.com.br\/?p=9219\"]}]},{\"@type\":\"ImageObject\",\"inLanguage\":\"pt-BR\",\"@id\":\"https:\/\/revistaautobus.com.br\/?p=9219#primaryimage\",\"url\":\"https:\/\/revistaautobus.com.br\/wp-content\/uploads\/2023\/07\/042023-MP-Grupo-Brasileiro_2_Cidade-Sol.jpg\",\"contentUrl\":\"https:\/\/revistaautobus.com.br\/wp-content\/uploads\/2023\/07\/042023-MP-Grupo-Brasileiro_2_Cidade-Sol.jpg\",\"width\":950,\"height\":633},{\"@type\":\"BreadcrumbList\",\"@id\":\"https:\/\/revistaautobus.com.br\/?p=9219#breadcrumb\",\"itemListElement\":[{\"@type\":\"ListItem\",\"position\":1,\"name\":\"In\u00edcio\",\"item\":\"https:\/\/revistaautobus.com.br\/\"},{\"@type\":\"ListItem\",\"position\":2,\"name\":\"Cliente fiel e preocupado com a seguran\u00e7a\"}]},{\"@type\":\"WebSite\",\"@id\":\"https:\/\/revistaautobus.com.br\/#website\",\"url\":\"https:\/\/revistaautobus.com.br\/\",\"name\":\"Revista AutoBus\",\"description\":\"\",\"publisher\":{\"@id\":\"https:\/\/revistaautobus.com.br\/#organization\"},\"potentialAction\":[{\"@type\":\"SearchAction\",\"target\":{\"@type\":\"EntryPoint\",\"urlTemplate\":\"https:\/\/revistaautobus.com.br\/?s={search_term_string}\"},\"query-input\":{\"@type\":\"PropertyValueSpecification\",\"valueRequired\":true,\"valueName\":\"search_term_string\"}}],\"inLanguage\":\"pt-BR\"},{\"@type\":\"Organization\",\"@id\":\"https:\/\/revistaautobus.com.br\/#organization\",\"name\":\"Revista AutoBus\",\"url\":\"https:\/\/revistaautobus.com.br\/\",\"logo\":{\"@type\":\"ImageObject\",\"inLanguage\":\"pt-BR\",\"@id\":\"https:\/\/revistaautobus.com.br\/#\/schema\/logo\/image\/\",\"url\":\"https:\/\/revistaautobus.com.br\/wp-content\/uploads\/2024\/11\/logo_revista_autobus_fb.png\",\"contentUrl\":\"https:\/\/revistaautobus.com.br\/wp-content\/uploads\/2024\/11\/logo_revista_autobus_fb.png\",\"width\":836,\"height\":227,\"caption\":\"Revista AutoBus\"},\"image\":{\"@id\":\"https:\/\/revistaautobus.com.br\/#\/schema\/logo\/image\/\"},\"sameAs\":[\"https:\/\/www.facebook.com\/antonio.ferro.3150\",\"https:\/\/www.instagram.com\/revistaautobus\/\"]},{\"@type\":\"Person\",\"@id\":\"https:\/\/revistaautobus.com.br\/#\/schema\/person\/54af7c3eb83a310e42ef686ef6d16f50\",\"name\":\"Antonio Ferro\",\"image\":{\"@type\":\"ImageObject\",\"inLanguage\":\"pt-BR\",\"@id\":\"https:\/\/revistaautobus.com.br\/wp-content\/uploads\/2025\/12\/editor_antonio_ferro-150x150.jpg\",\"url\":\"https:\/\/revistaautobus.com.br\/wp-content\/uploads\/2025\/12\/editor_antonio_ferro-150x150.jpg\",\"contentUrl\":\"https:\/\/revistaautobus.com.br\/wp-content\/uploads\/2025\/12\/editor_antonio_ferro-150x150.jpg\",\"caption\":\"Antonio Ferro\"},\"description\":\"infobus@uol.com.br\",\"url\":\"https:\/\/revistaautobus.com.br\/?author=2\"}]}<\/script>\n<!-- \/ Yoast SEO plugin. -->","yoast_head_json":{"title":"Cliente fiel e preocupado com a seguran\u00e7a - Revista AutoBus","robots":{"index":"index","follow":"follow","max-snippet":"max-snippet:-1","max-image-preview":"max-image-preview:large","max-video-preview":"max-video-preview:-1"},"canonical":"https:\/\/revistaautobus.com.br\/?p=9219","og_locale":"pt_BR","og_type":"article","og_title":"Cliente fiel e preocupado com a seguran\u00e7a - Revista AutoBus","og_description":"A import\u00e2ncia do uso da tecnologia e de recursos que promovam viagens mais confort\u00e1veis e seguras","og_url":"https:\/\/revistaautobus.com.br\/?p=9219","og_site_name":"Revista AutoBus","article_publisher":"https:\/\/www.facebook.com\/antonio.ferro.3150","article_published_time":"2023-07-03T12:37:53+00:00","og_image":[{"width":950,"height":633,"url":"https:\/\/revistaautobus.com.br\/wp-content\/uploads\/2023\/07\/042023-MP-Grupo-Brasileiro_2_Cidade-Sol.jpg","type":"image\/jpeg"}],"author":"Antonio Ferro","twitter_card":"summary_large_image","twitter_misc":{"Escrito por":"Antonio Ferro","Est. tempo de leitura":"2 minutos"},"schema":{"@context":"https:\/\/schema.org","@graph":[{"@type":"Article","@id":"https:\/\/revistaautobus.com.br\/?p=9219#article","isPartOf":{"@id":"https:\/\/revistaautobus.com.br\/?p=9219"},"author":{"name":"Antonio Ferro","@id":"https:\/\/revistaautobus.com.br\/#\/schema\/person\/54af7c3eb83a310e42ef686ef6d16f50"},"headline":"Cliente fiel e preocupado com a seguran\u00e7a","datePublished":"2023-07-03T12:37:53+00:00","mainEntityOfPage":{"@id":"https:\/\/revistaautobus.com.br\/?p=9219"},"wordCount":462,"commentCount":0,"publisher":{"@id":"https:\/\/revistaautobus.com.br\/#organization"},"image":{"@id":"https:\/\/revistaautobus.com.br\/?p=9219#primaryimage"},"thumbnailUrl":"https:\/\/revistaautobus.com.br\/wp-content\/uploads\/2023\/07\/042023-MP-Grupo-Brasileiro_2_Cidade-Sol.jpg","keywords":["Marcopolo","mercedes-benz \u00f4nibus"],"articleSection":["Encarro\u00e7adora","Transporte rodovi\u00e1rio"],"inLanguage":"pt-BR","potentialAction":[{"@type":"CommentAction","name":"Comment","target":["https:\/\/revistaautobus.com.br\/?p=9219#respond"]}]},{"@type":"WebPage","@id":"https:\/\/revistaautobus.com.br\/?p=9219","url":"https:\/\/revistaautobus.com.br\/?p=9219","name":"Cliente fiel e preocupado com a seguran\u00e7a - Revista AutoBus","isPartOf":{"@id":"https:\/\/revistaautobus.com.br\/#website"},"primaryImageOfPage":{"@id":"https:\/\/revistaautobus.com.br\/?p=9219#primaryimage"},"image":{"@id":"https:\/\/revistaautobus.com.br\/?p=9219#primaryimage"},"thumbnailUrl":"https:\/\/revistaautobus.com.br\/wp-content\/uploads\/2023\/07\/042023-MP-Grupo-Brasileiro_2_Cidade-Sol.jpg","datePublished":"2023-07-03T12:37:53+00:00","breadcrumb":{"@id":"https:\/\/revistaautobus.com.br\/?p=9219#breadcrumb"},"inLanguage":"pt-BR","potentialAction":[{"@type":"ReadAction","target":["https:\/\/revistaautobus.com.br\/?p=9219"]}]},{"@type":"ImageObject","inLanguage":"pt-BR","@id":"https:\/\/revistaautobus.com.br\/?p=9219#primaryimage","url":"https:\/\/revistaautobus.com.br\/wp-content\/uploads\/2023\/07\/042023-MP-Grupo-Brasileiro_2_Cidade-Sol.jpg","contentUrl":"https:\/\/revistaautobus.com.br\/wp-content\/uploads\/2023\/07\/042023-MP-Grupo-Brasileiro_2_Cidade-Sol.jpg","width":950,"height":633},{"@type":"BreadcrumbList","@id":"https:\/\/revistaautobus.com.br\/?p=9219#breadcrumb","itemListElement":[{"@type":"ListItem","position":1,"name":"In\u00edcio","item":"https:\/\/revistaautobus.com.br\/"},{"@type":"ListItem","position":2,"name":"Cliente fiel e preocupado com a seguran\u00e7a"}]},{"@type":"WebSite","@id":"https:\/\/revistaautobus.com.br\/#website","url":"https:\/\/revistaautobus.com.br\/","name":"Revista AutoBus","description":"","publisher":{"@id":"https:\/\/revistaautobus.com.br\/#organization"},"potentialAction":[{"@type":"SearchAction","target":{"@type":"EntryPoint","urlTemplate":"https:\/\/revistaautobus.com.br\/?s={search_term_string}"},"query-input":{"@type":"PropertyValueSpecification","valueRequired":true,"valueName":"search_term_string"}}],"inLanguage":"pt-BR"},{"@type":"Organization","@id":"https:\/\/revistaautobus.com.br\/#organization","name":"Revista AutoBus","url":"https:\/\/revistaautobus.com.br\/","logo":{"@type":"ImageObject","inLanguage":"pt-BR","@id":"https:\/\/revistaautobus.com.br\/#\/schema\/logo\/image\/","url":"https:\/\/revistaautobus.com.br\/wp-content\/uploads\/2024\/11\/logo_revista_autobus_fb.png","contentUrl":"https:\/\/revistaautobus.com.br\/wp-content\/uploads\/2024\/11\/logo_revista_autobus_fb.png","width":836,"height":227,"caption":"Revista AutoBus"},"image":{"@id":"https:\/\/revistaautobus.com.br\/#\/schema\/logo\/image\/"},"sameAs":["https:\/\/www.facebook.com\/antonio.ferro.3150","https:\/\/www.instagram.com\/revistaautobus\/"]},{"@type":"Person","@id":"https:\/\/revistaautobus.com.br\/#\/schema\/person\/54af7c3eb83a310e42ef686ef6d16f50","name":"Antonio Ferro","image":{"@type":"ImageObject","inLanguage":"pt-BR","@id":"https:\/\/revistaautobus.com.br\/wp-content\/uploads\/2025\/12\/editor_antonio_ferro-150x150.jpg","url":"https:\/\/revistaautobus.com.br\/wp-content\/uploads\/2025\/12\/editor_antonio_ferro-150x150.jpg","contentUrl":"https:\/\/revistaautobus.com.br\/wp-content\/uploads\/2025\/12\/editor_antonio_ferro-150x150.jpg","caption":"Antonio Ferro"},"description":"infobus@uol.com.br","url":"https:\/\/revistaautobus.com.br\/?author=2"}]}},"jetpack_featured_media_url":"https:\/\/revistaautobus.com.br\/wp-content\/uploads\/2023\/07\/042023-MP-Grupo-Brasileiro_2_Cidade-Sol.jpg","jetpack_sharing_enabled":true,"_links":{"self":[{"href":"https:\/\/revistaautobus.com.br\/index.php?rest_route=\/wp\/v2\/posts\/9219","targetHints":{"allow":["GET"]}}],"collection":[{"href":"https:\/\/revistaautobus.com.br\/index.php?rest_route=\/wp\/v2\/posts"}],"about":[{"href":"https:\/\/revistaautobus.com.br\/index.php?rest_route=\/wp\/v2\/types\/post"}],"author":[{"embeddable":true,"href":"https:\/\/revistaautobus.com.br\/index.php?rest_route=\/wp\/v2\/users\/2"}],"replies":[{"embeddable":true,"href":"https:\/\/revistaautobus.com.br\/index.php?rest_route=%2Fwp%2Fv2%2Fcomments&post=9219"}],"version-history":[{"count":2,"href":"https:\/\/revistaautobus.com.br\/index.php?rest_route=\/wp\/v2\/posts\/9219\/revisions"}],"predecessor-version":[{"id":9222,"href":"https:\/\/revistaautobus.com.br\/index.php?rest_route=\/wp\/v2\/posts\/9219\/revisions\/9222"}],"wp:featuredmedia":[{"embeddable":true,"href":"https:\/\/revistaautobus.com.br\/index.php?rest_route=\/wp\/v2\/media\/9220"}],"wp:attachment":[{"href":"https:\/\/revistaautobus.com.br\/index.php?rest_route=%2Fwp%2Fv2%2Fmedia&parent=9219"}],"wp:term":[{"taxonomy":"category","embeddable":true,"href":"https:\/\/revistaautobus.com.br\/index.php?rest_route=%2Fwp%2Fv2%2Fcategories&post=9219"},{"taxonomy":"post_tag","embeddable":true,"href":"https:\/\/revistaautobus.com.br\/index.php?rest_route=%2Fwp%2Fv2%2Ftags&post=9219"}],"curies":[{"name":"wp","href":"https:\/\/api.w.org\/{rel}","templated":true}]}}