{"id":9284,"date":"2023-07-10T10:11:45","date_gmt":"2023-07-10T13:11:45","guid":{"rendered":"https:\/\/revistaautobus.com.br\/?p=9284"},"modified":"2023-07-10T10:11:45","modified_gmt":"2023-07-10T13:11:45","slug":"reconhecimento-pela-sustentabilidade","status":"publish","type":"post","link":"https:\/\/revistaautobus.com.br\/?p=9284","title":{"rendered":"Reconhecimento pela sustentabilidade"},"content":{"rendered":"<p>O sistema Transcol, por interm\u00e9dio do Projeto Transcol Mais Sustent\u00e1vel, desenvolvido pela Secretaria de Mobilidade e Infraestrutura (Semobi) em parceria com o Sindicado das Empresas de Transporte Metropolitano da Grande Vit\u00f3ria \u2013 GVBus -, com participa\u00e7\u00e3o das empresas do Grupo Santa Zita, Unimar e Grande Vit\u00f3ria, recebeu o t\u00edtulo de melhor projeto na categoria \u201cClima e Sa\u00fade\u201d da Am\u00e9rica Latina no UITP Awards 2023.<\/p>\n<p>De acordo com informa\u00e7\u00f5es, a iniciativa ganhou destaque como uma das tr\u00eas melhores do mundo na categoria \u201cClima e Sa\u00fade\u201d, ao lado de projetos da \u00cdndia e da Espanha. Foram mais de 330 programas inscritos na categoria, sendo 50 de pa\u00edses latino-americanos. Murilo Lara, membro do comit\u00ea executivo do GVBus, comentou que o reconhecimento internacional ressalta a import\u00e2ncia e o sucesso do programa capixaba desenvolvido na Grande Vit\u00f3ria. \u201cAs empresas t\u00eam adotado v\u00e1rias medidas como controle de contamina\u00e7\u00e3o do solo, utiliza\u00e7\u00e3o de energia renov\u00e1vel, reaproveitamento de res\u00edduo e \u00e1gua, entre outras. Isso mostra que estamos no caminho certo em busca de um sistema coletivo mais engajado com o meio ambiente\u201d, destacou.<\/p>\n<p>Ainda, de segundo a entidade que re\u00fane as operadoras, entre as conquistas j\u00e1 obtidas, est\u00e3o a minimiza\u00e7\u00e3o do descarte de res\u00edduos; o aumento da reciclagem; a implanta\u00e7\u00e3o da log\u00edstica reversa; a redu\u00e7\u00e3o dos riscos de contamina\u00e7\u00e3o ambiental e o gerenciamento adequado de res\u00edduos, incluindo transporte e destina\u00e7\u00e3o final.<\/p>\n<p>O assunto gera\u00e7\u00e3o de lixo nas transportadoras foi enfatizado com um tratamento diferenciado no que diz respeito a separa\u00e7\u00e3o e destina\u00e7\u00e3o correta. As empresas do Grupo Santa Zita, Unimar e Grande Vit\u00f3ria promovem a correta destina\u00e7\u00e3o dos res\u00edduos, algo que j\u00e1 faz parte da rotina operacional. L\u00e1, todo o lixo gerado \u00e9 separado entre o que \u00e9 reutiliz\u00e1vel, recicl\u00e1vel, lixo comum e res\u00edduo perigoso. Posteriormente, esses materiais s\u00e3o enviados para empresas terceirizadas, para serem destinados de forma adequada.<\/p>\n<p>Dentre outras medidas adotadas, est\u00e1 o Pr\u00eamio QualiAr \u2013 Pr\u00eamio Fetransportes de Qualidade do Ar -, que atesta os n\u00edveis de gases poluentes emitidos na atmosfera pelas empresas do setor. Na pr\u00e1tica, as operadoras premiadas garantiram 100% de aprova\u00e7\u00e3o na frota nas aferi\u00e7\u00f5es realizadas.<\/p>\n<p>O GVBus informou que, para a medi\u00e7\u00e3o dos n\u00edveis de poluentes, s\u00e3o feitos testes de emiss\u00e3o veicular, que monitoram a frota de ve\u00edculos movidos a diesel para controlar as emiss\u00f5es atmosf\u00e9ricas e adequ\u00e1-los \u00e0s exig\u00eancias do Conselho Nacional de Meio Ambiente (Conama). Quando aprovados nos testes, tais ve\u00edculos recebem o Selo Despoluir de Efici\u00eancia Energ\u00e9tica. Esse trabalho de monitoramento faz parte do Programa Ambiental do Transporte \u2013 Despoluir, que \u00e9 encabe\u00e7ado pelas 20 federa\u00e7\u00f5es de transportes em todo o Brasil e tem as operadoras do Sistema Transcol entre as empresas assistidas.<\/p>\n<p>Para o GVBus, as pr\u00e1ticas sustent\u00e1veis permitem que n\u00e3o s\u00f3 as empresas ganhem, mas toda a popula\u00e7\u00e3o, com um meio ambiente equilibrado e preservado para as futuras gera\u00e7\u00f5es, mostrando mais uma vez que o transporte coletivo \u00e9 amigo do meio ambiente. Em nota, o sindicato salientou que o Sistema Transcol est\u00e1 no caminho da sustentabilidade, sendo esse um caminho escolhido para percorrer.<\/p>\n<p>Imagem &#8211; Divulga\u00e7\u00e3o<\/p>\n","protected":false},"excerpt":{"rendered":"<p>Com a\u00e7\u00f5es voltadas para a sustentabilidade, o transporte da Grande Vit\u00f3ria recebe pr\u00eamio internacional<\/p>\n","protected":false},"author":2,"featured_media":9285,"comment_status":"open","ping_status":"open","sticky":false,"template":"","format":"standard","meta":{"_et_pb_use_builder":"","_et_pb_old_content":"","_et_gb_content_width":"","_jetpack_memberships_contains_paid_content":false,"footnotes":""},"categories":[90],"tags":[537],"class_list":["post-9284","post","type-post","status-publish","format-standard","has-post-thumbnail","hentry","category-noticias","tag-gvbus","et-has-post-format-content","et_post_format-et-post-format-standard"],"yoast_head":"<!-- This site is optimized with the Yoast SEO plugin v27.2 - https:\/\/yoast.com\/product\/yoast-seo-wordpress\/ -->\n<title>Reconhecimento pela sustentabilidade - Revista AutoBus<\/title>\n<meta name=\"robots\" content=\"index, follow, max-snippet:-1, max-image-preview:large, max-video-preview:-1\" \/>\n<link rel=\"canonical\" href=\"https:\/\/revistaautobus.com.br\/?p=9284\" \/>\n<meta property=\"og:locale\" content=\"pt_BR\" \/>\n<meta property=\"og:type\" content=\"article\" \/>\n<meta property=\"og:title\" content=\"Reconhecimento pela sustentabilidade - Revista AutoBus\" \/>\n<meta property=\"og:description\" content=\"Com a\u00e7\u00f5es voltadas para a sustentabilidade, o transporte da Grande Vit\u00f3ria recebe pr\u00eamio internacional\" \/>\n<meta property=\"og:url\" content=\"https:\/\/revistaautobus.com.br\/?p=9284\" \/>\n<meta property=\"og:site_name\" content=\"Revista AutoBus\" \/>\n<meta property=\"article:publisher\" content=\"https:\/\/www.facebook.com\/antonio.ferro.3150\" \/>\n<meta property=\"article:published_time\" content=\"2023-07-10T13:11:45+00:00\" \/>\n<meta property=\"og:image\" content=\"https:\/\/revistaautobus.com.br\/wp-content\/uploads\/2023\/07\/Lixo-Transcol.png\" \/>\n\t<meta property=\"og:image:width\" content=\"800\" \/>\n\t<meta property=\"og:image:height\" content=\"600\" \/>\n\t<meta property=\"og:image:type\" content=\"image\/png\" \/>\n<meta name=\"author\" content=\"Antonio Ferro\" \/>\n<meta name=\"twitter:card\" content=\"summary_large_image\" \/>\n<meta name=\"twitter:label1\" content=\"Escrito por\" \/>\n\t<meta name=\"twitter:data1\" content=\"Antonio Ferro\" \/>\n\t<meta name=\"twitter:label2\" content=\"Est. tempo de leitura\" \/>\n\t<meta name=\"twitter:data2\" content=\"3 minutos\" \/>\n<script type=\"application\/ld+json\" class=\"yoast-schema-graph\">{\"@context\":\"https:\/\/schema.org\",\"@graph\":[{\"@type\":\"Article\",\"@id\":\"https:\/\/revistaautobus.com.br\/?p=9284#article\",\"isPartOf\":{\"@id\":\"https:\/\/revistaautobus.com.br\/?p=9284\"},\"author\":{\"name\":\"Antonio Ferro\",\"@id\":\"https:\/\/revistaautobus.com.br\/#\/schema\/person\/54af7c3eb83a310e42ef686ef6d16f50\"},\"headline\":\"Reconhecimento pela sustentabilidade\",\"datePublished\":\"2023-07-10T13:11:45+00:00\",\"mainEntityOfPage\":{\"@id\":\"https:\/\/revistaautobus.com.br\/?p=9284\"},\"wordCount\":558,\"commentCount\":0,\"publisher\":{\"@id\":\"https:\/\/revistaautobus.com.br\/#organization\"},\"image\":{\"@id\":\"https:\/\/revistaautobus.com.br\/?p=9284#primaryimage\"},\"thumbnailUrl\":\"https:\/\/revistaautobus.com.br\/wp-content\/uploads\/2023\/07\/Lixo-Transcol.png\",\"keywords\":[\"GVBus\"],\"articleSection\":[\"Not\u00edcias\"],\"inLanguage\":\"pt-BR\",\"potentialAction\":[{\"@type\":\"CommentAction\",\"name\":\"Comment\",\"target\":[\"https:\/\/revistaautobus.com.br\/?p=9284#respond\"]}]},{\"@type\":\"WebPage\",\"@id\":\"https:\/\/revistaautobus.com.br\/?p=9284\",\"url\":\"https:\/\/revistaautobus.com.br\/?p=9284\",\"name\":\"Reconhecimento pela sustentabilidade - Revista AutoBus\",\"isPartOf\":{\"@id\":\"https:\/\/revistaautobus.com.br\/#website\"},\"primaryImageOfPage\":{\"@id\":\"https:\/\/revistaautobus.com.br\/?p=9284#primaryimage\"},\"image\":{\"@id\":\"https:\/\/revistaautobus.com.br\/?p=9284#primaryimage\"},\"thumbnailUrl\":\"https:\/\/revistaautobus.com.br\/wp-content\/uploads\/2023\/07\/Lixo-Transcol.png\",\"datePublished\":\"2023-07-10T13:11:45+00:00\",\"breadcrumb\":{\"@id\":\"https:\/\/revistaautobus.com.br\/?p=9284#breadcrumb\"},\"inLanguage\":\"pt-BR\",\"potentialAction\":[{\"@type\":\"ReadAction\",\"target\":[\"https:\/\/revistaautobus.com.br\/?p=9284\"]}]},{\"@type\":\"ImageObject\",\"inLanguage\":\"pt-BR\",\"@id\":\"https:\/\/revistaautobus.com.br\/?p=9284#primaryimage\",\"url\":\"https:\/\/revistaautobus.com.br\/wp-content\/uploads\/2023\/07\/Lixo-Transcol.png\",\"contentUrl\":\"https:\/\/revistaautobus.com.br\/wp-content\/uploads\/2023\/07\/Lixo-Transcol.png\",\"width\":800,\"height\":600},{\"@type\":\"BreadcrumbList\",\"@id\":\"https:\/\/revistaautobus.com.br\/?p=9284#breadcrumb\",\"itemListElement\":[{\"@type\":\"ListItem\",\"position\":1,\"name\":\"In\u00edcio\",\"item\":\"https:\/\/revistaautobus.com.br\/\"},{\"@type\":\"ListItem\",\"position\":2,\"name\":\"Reconhecimento pela sustentabilidade\"}]},{\"@type\":\"WebSite\",\"@id\":\"https:\/\/revistaautobus.com.br\/#website\",\"url\":\"https:\/\/revistaautobus.com.br\/\",\"name\":\"Revista AutoBus\",\"description\":\"\",\"publisher\":{\"@id\":\"https:\/\/revistaautobus.com.br\/#organization\"},\"potentialAction\":[{\"@type\":\"SearchAction\",\"target\":{\"@type\":\"EntryPoint\",\"urlTemplate\":\"https:\/\/revistaautobus.com.br\/?s={search_term_string}\"},\"query-input\":{\"@type\":\"PropertyValueSpecification\",\"valueRequired\":true,\"valueName\":\"search_term_string\"}}],\"inLanguage\":\"pt-BR\"},{\"@type\":\"Organization\",\"@id\":\"https:\/\/revistaautobus.com.br\/#organization\",\"name\":\"Revista AutoBus\",\"url\":\"https:\/\/revistaautobus.com.br\/\",\"logo\":{\"@type\":\"ImageObject\",\"inLanguage\":\"pt-BR\",\"@id\":\"https:\/\/revistaautobus.com.br\/#\/schema\/logo\/image\/\",\"url\":\"https:\/\/revistaautobus.com.br\/wp-content\/uploads\/2024\/11\/logo_revista_autobus_fb.png\",\"contentUrl\":\"https:\/\/revistaautobus.com.br\/wp-content\/uploads\/2024\/11\/logo_revista_autobus_fb.png\",\"width\":836,\"height\":227,\"caption\":\"Revista AutoBus\"},\"image\":{\"@id\":\"https:\/\/revistaautobus.com.br\/#\/schema\/logo\/image\/\"},\"sameAs\":[\"https:\/\/www.facebook.com\/antonio.ferro.3150\",\"https:\/\/www.instagram.com\/revistaautobus\/\"]},{\"@type\":\"Person\",\"@id\":\"https:\/\/revistaautobus.com.br\/#\/schema\/person\/54af7c3eb83a310e42ef686ef6d16f50\",\"name\":\"Antonio Ferro\",\"image\":{\"@type\":\"ImageObject\",\"inLanguage\":\"pt-BR\",\"@id\":\"https:\/\/revistaautobus.com.br\/wp-content\/uploads\/2025\/12\/editor_antonio_ferro-150x150.jpg\",\"url\":\"https:\/\/revistaautobus.com.br\/wp-content\/uploads\/2025\/12\/editor_antonio_ferro-150x150.jpg\",\"contentUrl\":\"https:\/\/revistaautobus.com.br\/wp-content\/uploads\/2025\/12\/editor_antonio_ferro-150x150.jpg\",\"caption\":\"Antonio Ferro\"},\"description\":\"infobus@uol.com.br\",\"url\":\"https:\/\/revistaautobus.com.br\/?author=2\"}]}<\/script>\n<!-- \/ Yoast SEO plugin. -->","yoast_head_json":{"title":"Reconhecimento pela sustentabilidade - Revista AutoBus","robots":{"index":"index","follow":"follow","max-snippet":"max-snippet:-1","max-image-preview":"max-image-preview:large","max-video-preview":"max-video-preview:-1"},"canonical":"https:\/\/revistaautobus.com.br\/?p=9284","og_locale":"pt_BR","og_type":"article","og_title":"Reconhecimento pela sustentabilidade - Revista AutoBus","og_description":"Com a\u00e7\u00f5es voltadas para a sustentabilidade, o transporte da Grande Vit\u00f3ria recebe pr\u00eamio internacional","og_url":"https:\/\/revistaautobus.com.br\/?p=9284","og_site_name":"Revista AutoBus","article_publisher":"https:\/\/www.facebook.com\/antonio.ferro.3150","article_published_time":"2023-07-10T13:11:45+00:00","og_image":[{"width":800,"height":600,"url":"https:\/\/revistaautobus.com.br\/wp-content\/uploads\/2023\/07\/Lixo-Transcol.png","type":"image\/png"}],"author":"Antonio Ferro","twitter_card":"summary_large_image","twitter_misc":{"Escrito por":"Antonio Ferro","Est. tempo de leitura":"3 minutos"},"schema":{"@context":"https:\/\/schema.org","@graph":[{"@type":"Article","@id":"https:\/\/revistaautobus.com.br\/?p=9284#article","isPartOf":{"@id":"https:\/\/revistaautobus.com.br\/?p=9284"},"author":{"name":"Antonio Ferro","@id":"https:\/\/revistaautobus.com.br\/#\/schema\/person\/54af7c3eb83a310e42ef686ef6d16f50"},"headline":"Reconhecimento pela sustentabilidade","datePublished":"2023-07-10T13:11:45+00:00","mainEntityOfPage":{"@id":"https:\/\/revistaautobus.com.br\/?p=9284"},"wordCount":558,"commentCount":0,"publisher":{"@id":"https:\/\/revistaautobus.com.br\/#organization"},"image":{"@id":"https:\/\/revistaautobus.com.br\/?p=9284#primaryimage"},"thumbnailUrl":"https:\/\/revistaautobus.com.br\/wp-content\/uploads\/2023\/07\/Lixo-Transcol.png","keywords":["GVBus"],"articleSection":["Not\u00edcias"],"inLanguage":"pt-BR","potentialAction":[{"@type":"CommentAction","name":"Comment","target":["https:\/\/revistaautobus.com.br\/?p=9284#respond"]}]},{"@type":"WebPage","@id":"https:\/\/revistaautobus.com.br\/?p=9284","url":"https:\/\/revistaautobus.com.br\/?p=9284","name":"Reconhecimento pela sustentabilidade - Revista AutoBus","isPartOf":{"@id":"https:\/\/revistaautobus.com.br\/#website"},"primaryImageOfPage":{"@id":"https:\/\/revistaautobus.com.br\/?p=9284#primaryimage"},"image":{"@id":"https:\/\/revistaautobus.com.br\/?p=9284#primaryimage"},"thumbnailUrl":"https:\/\/revistaautobus.com.br\/wp-content\/uploads\/2023\/07\/Lixo-Transcol.png","datePublished":"2023-07-10T13:11:45+00:00","breadcrumb":{"@id":"https:\/\/revistaautobus.com.br\/?p=9284#breadcrumb"},"inLanguage":"pt-BR","potentialAction":[{"@type":"ReadAction","target":["https:\/\/revistaautobus.com.br\/?p=9284"]}]},{"@type":"ImageObject","inLanguage":"pt-BR","@id":"https:\/\/revistaautobus.com.br\/?p=9284#primaryimage","url":"https:\/\/revistaautobus.com.br\/wp-content\/uploads\/2023\/07\/Lixo-Transcol.png","contentUrl":"https:\/\/revistaautobus.com.br\/wp-content\/uploads\/2023\/07\/Lixo-Transcol.png","width":800,"height":600},{"@type":"BreadcrumbList","@id":"https:\/\/revistaautobus.com.br\/?p=9284#breadcrumb","itemListElement":[{"@type":"ListItem","position":1,"name":"In\u00edcio","item":"https:\/\/revistaautobus.com.br\/"},{"@type":"ListItem","position":2,"name":"Reconhecimento pela sustentabilidade"}]},{"@type":"WebSite","@id":"https:\/\/revistaautobus.com.br\/#website","url":"https:\/\/revistaautobus.com.br\/","name":"Revista AutoBus","description":"","publisher":{"@id":"https:\/\/revistaautobus.com.br\/#organization"},"potentialAction":[{"@type":"SearchAction","target":{"@type":"EntryPoint","urlTemplate":"https:\/\/revistaautobus.com.br\/?s={search_term_string}"},"query-input":{"@type":"PropertyValueSpecification","valueRequired":true,"valueName":"search_term_string"}}],"inLanguage":"pt-BR"},{"@type":"Organization","@id":"https:\/\/revistaautobus.com.br\/#organization","name":"Revista AutoBus","url":"https:\/\/revistaautobus.com.br\/","logo":{"@type":"ImageObject","inLanguage":"pt-BR","@id":"https:\/\/revistaautobus.com.br\/#\/schema\/logo\/image\/","url":"https:\/\/revistaautobus.com.br\/wp-content\/uploads\/2024\/11\/logo_revista_autobus_fb.png","contentUrl":"https:\/\/revistaautobus.com.br\/wp-content\/uploads\/2024\/11\/logo_revista_autobus_fb.png","width":836,"height":227,"caption":"Revista AutoBus"},"image":{"@id":"https:\/\/revistaautobus.com.br\/#\/schema\/logo\/image\/"},"sameAs":["https:\/\/www.facebook.com\/antonio.ferro.3150","https:\/\/www.instagram.com\/revistaautobus\/"]},{"@type":"Person","@id":"https:\/\/revistaautobus.com.br\/#\/schema\/person\/54af7c3eb83a310e42ef686ef6d16f50","name":"Antonio Ferro","image":{"@type":"ImageObject","inLanguage":"pt-BR","@id":"https:\/\/revistaautobus.com.br\/wp-content\/uploads\/2025\/12\/editor_antonio_ferro-150x150.jpg","url":"https:\/\/revistaautobus.com.br\/wp-content\/uploads\/2025\/12\/editor_antonio_ferro-150x150.jpg","contentUrl":"https:\/\/revistaautobus.com.br\/wp-content\/uploads\/2025\/12\/editor_antonio_ferro-150x150.jpg","caption":"Antonio Ferro"},"description":"infobus@uol.com.br","url":"https:\/\/revistaautobus.com.br\/?author=2"}]}},"jetpack_featured_media_url":"https:\/\/revistaautobus.com.br\/wp-content\/uploads\/2023\/07\/Lixo-Transcol.png","jetpack_sharing_enabled":true,"_links":{"self":[{"href":"https:\/\/revistaautobus.com.br\/index.php?rest_route=\/wp\/v2\/posts\/9284","targetHints":{"allow":["GET"]}}],"collection":[{"href":"https:\/\/revistaautobus.com.br\/index.php?rest_route=\/wp\/v2\/posts"}],"about":[{"href":"https:\/\/revistaautobus.com.br\/index.php?rest_route=\/wp\/v2\/types\/post"}],"author":[{"embeddable":true,"href":"https:\/\/revistaautobus.com.br\/index.php?rest_route=\/wp\/v2\/users\/2"}],"replies":[{"embeddable":true,"href":"https:\/\/revistaautobus.com.br\/index.php?rest_route=%2Fwp%2Fv2%2Fcomments&post=9284"}],"version-history":[{"count":2,"href":"https:\/\/revistaautobus.com.br\/index.php?rest_route=\/wp\/v2\/posts\/9284\/revisions"}],"predecessor-version":[{"id":9287,"href":"https:\/\/revistaautobus.com.br\/index.php?rest_route=\/wp\/v2\/posts\/9284\/revisions\/9287"}],"wp:featuredmedia":[{"embeddable":true,"href":"https:\/\/revistaautobus.com.br\/index.php?rest_route=\/wp\/v2\/media\/9285"}],"wp:attachment":[{"href":"https:\/\/revistaautobus.com.br\/index.php?rest_route=%2Fwp%2Fv2%2Fmedia&parent=9284"}],"wp:term":[{"taxonomy":"category","embeddable":true,"href":"https:\/\/revistaautobus.com.br\/index.php?rest_route=%2Fwp%2Fv2%2Fcategories&post=9284"},{"taxonomy":"post_tag","embeddable":true,"href":"https:\/\/revistaautobus.com.br\/index.php?rest_route=%2Fwp%2Fv2%2Ftags&post=9284"}],"curies":[{"name":"wp","href":"https:\/\/api.w.org\/{rel}","templated":true}]}}