{"id":9347,"date":"2023-07-17T10:00:20","date_gmt":"2023-07-17T13:00:20","guid":{"rendered":"https:\/\/revistaautobus.com.br\/?p=9347"},"modified":"2023-07-17T10:00:20","modified_gmt":"2023-07-17T13:00:20","slug":"otimizacao-no-transporte-fretado","status":"publish","type":"post","link":"https:\/\/revistaautobus.com.br\/?p=9347","title":{"rendered":"Otimiza\u00e7\u00e3o no transporte fretado"},"content":{"rendered":"<p>A oferta de um transporte corporativo eficiente e conectado para as grandes empresas, visando reduzir a rotatividade e valorizar os colaboradores destas, \u00e9 a estrat\u00e9gia da BUSUP, plataforma de gest\u00e3o de fretamento corporativo. De acordo com ela, as empresas est\u00e3o, cada vez mais, focadas em contratar colaboradores que tenham vontade de crescer e talvez fazer carreira internamente, sem se esquecer o receio de perder esses talentos devido a mudan\u00e7a de endere\u00e7o.<\/p>\n<p>Jo\u00e3o Rezende, <em>head<\/em> de Marketing da BUSUP, destacou que o neg\u00f3cio da plataforma \u00e9 a conex\u00e3o entre o consumidor final, no caso a empresa contratante dos servi\u00e7os de fretamento, e a operadora de \u00f4nibus, para poder proporcionar as melhores rotas e condi\u00e7\u00f5es de transporte para quem usa ou seja, o funcion\u00e1rio. \u201cCabe destacar que o deslocamento do colaborador interfere em seu desempenho na fun\u00e7\u00e3o. Por isso, grandes empresas buscam oferecer benef\u00edcios de deslocamentos, um ponto muito importante, at\u00e9 mais que o sal\u00e1rio, para poder conquistar seu funcion\u00e1rio\u201d, disse.<\/p>\n<p>Para poder propiciar os melhores servi\u00e7os e deslocamentos, a plataforma tem um controle preciso de sele\u00e7\u00e3o dos transportadores, exigindo uma idade m\u00e1xima da frota, a presen\u00e7a da comodidade interna nos ve\u00edculos alcan\u00e7ada por conex\u00e3o de internet e ar-condicionado. \u201cTemos 150 operadores selecionados, sempre levando em considera\u00e7\u00e3o o bem-estar dos passageiros e a seguran\u00e7a para garantir uma entrega eficiente aos nossos clientes. Neste caso, atendemos seis, das 10 maiores empresas de varejo do Brasil\u201d, observou Rezende.<\/p>\n<p>Por exemplo, na Via Varejo, a BUSUP transporta 2 mil colaboradores por dia por 133 linhas pr\u00e9-determinadas, enquanto na DHL s\u00e3o 235 funcion\u00e1rios atendidos diariamente por 10 rotas. \u201cHoje, 80% das pessoas que s\u00e3o transportadas fazem parte do ch\u00e3o de f\u00e1brica. Analisamos todas as possibilidades de rotas, sempre pensadas para proporcionar economia, desempenho, menor tempo de deslocamento e gastos operacionais. Como fazemos a gest\u00e3o dos servi\u00e7os, trabalhamos, em muitos casos, junto ao RH dos clientes para podermos definir uma rotina do transporte. Fazemos um estudo minucioso sobre onde est\u00e3o os colaboradores para podermos criar as rotas\u201d, salientou Rezende.<\/p>\n<p>Outrossim, a BUSUP disponibiliza um aplicativo espec\u00edfico que d\u00e1 aos passageiros a oportunidade de saber, em tempo real, a posi\u00e7\u00e3o do \u00f4nibus, em quanto tempo ele chega ao seu ponto e o controle de embarque feito pelo cliente. \u201cA tecnologia permite ao funcion\u00e1rio obter mais comodidade em seu deslocamento, com seguran\u00e7a, resultando em um impacto positivo na vida dele. Com isso, nossa miss\u00e3o \u00e9 revolucionar a mobilidade urbana, com intelig\u00eancia, sempre pensando na efici\u00eancia. Nosso foco \u00e9 otimizar todo o processo, com inova\u00e7\u00e3o\u201d, finalizou o executivo.<\/p>\n<p>Imagem &#8211; Divulga\u00e7\u00e3o<\/p>\n","protected":false},"excerpt":{"rendered":"<p>O uso da tecnologia como ferramenta colaborativa para o melhor servi\u00e7o de fretamento<\/p>\n","protected":false},"author":2,"featured_media":9348,"comment_status":"open","ping_status":"open","sticky":false,"template":"","format":"standard","meta":{"_et_pb_use_builder":"","_et_pb_old_content":"","_et_gb_content_width":"","_jetpack_memberships_contains_paid_content":false,"footnotes":""},"categories":[7,90],"tags":[545],"class_list":["post-9347","post","type-post","status-publish","format-standard","has-post-thumbnail","hentry","category-mobilidade-urbana","category-noticias","tag-transporte-corporativo","et-has-post-format-content","et_post_format-et-post-format-standard"],"yoast_head":"<!-- This site is optimized with the Yoast SEO plugin v27.2 - https:\/\/yoast.com\/product\/yoast-seo-wordpress\/ -->\n<title>Otimiza\u00e7\u00e3o no transporte fretado - Revista AutoBus<\/title>\n<meta name=\"robots\" content=\"index, follow, max-snippet:-1, max-image-preview:large, max-video-preview:-1\" \/>\n<link rel=\"canonical\" href=\"https:\/\/revistaautobus.com.br\/?p=9347\" \/>\n<meta property=\"og:locale\" content=\"pt_BR\" \/>\n<meta property=\"og:type\" content=\"article\" \/>\n<meta property=\"og:title\" content=\"Otimiza\u00e7\u00e3o no transporte fretado - Revista AutoBus\" \/>\n<meta property=\"og:description\" content=\"O uso da tecnologia como ferramenta colaborativa para o melhor servi\u00e7o de fretamento\" \/>\n<meta property=\"og:url\" content=\"https:\/\/revistaautobus.com.br\/?p=9347\" \/>\n<meta property=\"og:site_name\" content=\"Revista AutoBus\" \/>\n<meta property=\"article:publisher\" content=\"https:\/\/www.facebook.com\/antonio.ferro.3150\" \/>\n<meta property=\"article:published_time\" content=\"2023-07-17T13:00:20+00:00\" \/>\n<meta property=\"og:image\" content=\"https:\/\/revistaautobus.com.br\/wp-content\/uploads\/2023\/07\/1V0A0268.jpg\" \/>\n\t<meta property=\"og:image:width\" content=\"1000\" \/>\n\t<meta property=\"og:image:height\" content=\"666\" \/>\n\t<meta property=\"og:image:type\" content=\"image\/jpeg\" \/>\n<meta name=\"author\" content=\"Antonio Ferro\" \/>\n<meta name=\"twitter:card\" content=\"summary_large_image\" \/>\n<meta name=\"twitter:label1\" content=\"Escrito por\" \/>\n\t<meta name=\"twitter:data1\" content=\"Antonio Ferro\" \/>\n\t<meta name=\"twitter:label2\" content=\"Est. tempo de leitura\" \/>\n\t<meta name=\"twitter:data2\" content=\"2 minutos\" \/>\n<script type=\"application\/ld+json\" class=\"yoast-schema-graph\">{\"@context\":\"https:\/\/schema.org\",\"@graph\":[{\"@type\":\"Article\",\"@id\":\"https:\/\/revistaautobus.com.br\/?p=9347#article\",\"isPartOf\":{\"@id\":\"https:\/\/revistaautobus.com.br\/?p=9347\"},\"author\":{\"name\":\"Antonio Ferro\",\"@id\":\"https:\/\/revistaautobus.com.br\/#\/schema\/person\/54af7c3eb83a310e42ef686ef6d16f50\"},\"headline\":\"Otimiza\u00e7\u00e3o no transporte fretado\",\"datePublished\":\"2023-07-17T13:00:20+00:00\",\"mainEntityOfPage\":{\"@id\":\"https:\/\/revistaautobus.com.br\/?p=9347\"},\"wordCount\":457,\"commentCount\":0,\"publisher\":{\"@id\":\"https:\/\/revistaautobus.com.br\/#organization\"},\"image\":{\"@id\":\"https:\/\/revistaautobus.com.br\/?p=9347#primaryimage\"},\"thumbnailUrl\":\"https:\/\/revistaautobus.com.br\/wp-content\/uploads\/2023\/07\/1V0A0268.jpg\",\"keywords\":[\"Transporte corporativo\"],\"articleSection\":[\"Mobilidade Urbana\",\"Not\u00edcias\"],\"inLanguage\":\"pt-BR\",\"potentialAction\":[{\"@type\":\"CommentAction\",\"name\":\"Comment\",\"target\":[\"https:\/\/revistaautobus.com.br\/?p=9347#respond\"]}]},{\"@type\":\"WebPage\",\"@id\":\"https:\/\/revistaautobus.com.br\/?p=9347\",\"url\":\"https:\/\/revistaautobus.com.br\/?p=9347\",\"name\":\"Otimiza\u00e7\u00e3o no transporte fretado - Revista AutoBus\",\"isPartOf\":{\"@id\":\"https:\/\/revistaautobus.com.br\/#website\"},\"primaryImageOfPage\":{\"@id\":\"https:\/\/revistaautobus.com.br\/?p=9347#primaryimage\"},\"image\":{\"@id\":\"https:\/\/revistaautobus.com.br\/?p=9347#primaryimage\"},\"thumbnailUrl\":\"https:\/\/revistaautobus.com.br\/wp-content\/uploads\/2023\/07\/1V0A0268.jpg\",\"datePublished\":\"2023-07-17T13:00:20+00:00\",\"breadcrumb\":{\"@id\":\"https:\/\/revistaautobus.com.br\/?p=9347#breadcrumb\"},\"inLanguage\":\"pt-BR\",\"potentialAction\":[{\"@type\":\"ReadAction\",\"target\":[\"https:\/\/revistaautobus.com.br\/?p=9347\"]}]},{\"@type\":\"ImageObject\",\"inLanguage\":\"pt-BR\",\"@id\":\"https:\/\/revistaautobus.com.br\/?p=9347#primaryimage\",\"url\":\"https:\/\/revistaautobus.com.br\/wp-content\/uploads\/2023\/07\/1V0A0268.jpg\",\"contentUrl\":\"https:\/\/revistaautobus.com.br\/wp-content\/uploads\/2023\/07\/1V0A0268.jpg\",\"width\":1000,\"height\":666},{\"@type\":\"BreadcrumbList\",\"@id\":\"https:\/\/revistaautobus.com.br\/?p=9347#breadcrumb\",\"itemListElement\":[{\"@type\":\"ListItem\",\"position\":1,\"name\":\"In\u00edcio\",\"item\":\"https:\/\/revistaautobus.com.br\/\"},{\"@type\":\"ListItem\",\"position\":2,\"name\":\"Otimiza\u00e7\u00e3o no transporte fretado\"}]},{\"@type\":\"WebSite\",\"@id\":\"https:\/\/revistaautobus.com.br\/#website\",\"url\":\"https:\/\/revistaautobus.com.br\/\",\"name\":\"Revista AutoBus\",\"description\":\"\",\"publisher\":{\"@id\":\"https:\/\/revistaautobus.com.br\/#organization\"},\"potentialAction\":[{\"@type\":\"SearchAction\",\"target\":{\"@type\":\"EntryPoint\",\"urlTemplate\":\"https:\/\/revistaautobus.com.br\/?s={search_term_string}\"},\"query-input\":{\"@type\":\"PropertyValueSpecification\",\"valueRequired\":true,\"valueName\":\"search_term_string\"}}],\"inLanguage\":\"pt-BR\"},{\"@type\":\"Organization\",\"@id\":\"https:\/\/revistaautobus.com.br\/#organization\",\"name\":\"Revista AutoBus\",\"url\":\"https:\/\/revistaautobus.com.br\/\",\"logo\":{\"@type\":\"ImageObject\",\"inLanguage\":\"pt-BR\",\"@id\":\"https:\/\/revistaautobus.com.br\/#\/schema\/logo\/image\/\",\"url\":\"https:\/\/revistaautobus.com.br\/wp-content\/uploads\/2024\/11\/logo_revista_autobus_fb.png\",\"contentUrl\":\"https:\/\/revistaautobus.com.br\/wp-content\/uploads\/2024\/11\/logo_revista_autobus_fb.png\",\"width\":836,\"height\":227,\"caption\":\"Revista AutoBus\"},\"image\":{\"@id\":\"https:\/\/revistaautobus.com.br\/#\/schema\/logo\/image\/\"},\"sameAs\":[\"https:\/\/www.facebook.com\/antonio.ferro.3150\",\"https:\/\/www.instagram.com\/revistaautobus\/\"]},{\"@type\":\"Person\",\"@id\":\"https:\/\/revistaautobus.com.br\/#\/schema\/person\/54af7c3eb83a310e42ef686ef6d16f50\",\"name\":\"Antonio Ferro\",\"image\":{\"@type\":\"ImageObject\",\"inLanguage\":\"pt-BR\",\"@id\":\"https:\/\/revistaautobus.com.br\/wp-content\/uploads\/2025\/12\/editor_antonio_ferro-150x150.jpg\",\"url\":\"https:\/\/revistaautobus.com.br\/wp-content\/uploads\/2025\/12\/editor_antonio_ferro-150x150.jpg\",\"contentUrl\":\"https:\/\/revistaautobus.com.br\/wp-content\/uploads\/2025\/12\/editor_antonio_ferro-150x150.jpg\",\"caption\":\"Antonio Ferro\"},\"description\":\"infobus@uol.com.br\",\"url\":\"https:\/\/revistaautobus.com.br\/?author=2\"}]}<\/script>\n<!-- \/ Yoast SEO plugin. -->","yoast_head_json":{"title":"Otimiza\u00e7\u00e3o no transporte fretado - Revista AutoBus","robots":{"index":"index","follow":"follow","max-snippet":"max-snippet:-1","max-image-preview":"max-image-preview:large","max-video-preview":"max-video-preview:-1"},"canonical":"https:\/\/revistaautobus.com.br\/?p=9347","og_locale":"pt_BR","og_type":"article","og_title":"Otimiza\u00e7\u00e3o no transporte fretado - Revista AutoBus","og_description":"O uso da tecnologia como ferramenta colaborativa para o melhor servi\u00e7o de fretamento","og_url":"https:\/\/revistaautobus.com.br\/?p=9347","og_site_name":"Revista AutoBus","article_publisher":"https:\/\/www.facebook.com\/antonio.ferro.3150","article_published_time":"2023-07-17T13:00:20+00:00","og_image":[{"width":1000,"height":666,"url":"https:\/\/revistaautobus.com.br\/wp-content\/uploads\/2023\/07\/1V0A0268.jpg","type":"image\/jpeg"}],"author":"Antonio Ferro","twitter_card":"summary_large_image","twitter_misc":{"Escrito por":"Antonio Ferro","Est. tempo de leitura":"2 minutos"},"schema":{"@context":"https:\/\/schema.org","@graph":[{"@type":"Article","@id":"https:\/\/revistaautobus.com.br\/?p=9347#article","isPartOf":{"@id":"https:\/\/revistaautobus.com.br\/?p=9347"},"author":{"name":"Antonio Ferro","@id":"https:\/\/revistaautobus.com.br\/#\/schema\/person\/54af7c3eb83a310e42ef686ef6d16f50"},"headline":"Otimiza\u00e7\u00e3o no transporte fretado","datePublished":"2023-07-17T13:00:20+00:00","mainEntityOfPage":{"@id":"https:\/\/revistaautobus.com.br\/?p=9347"},"wordCount":457,"commentCount":0,"publisher":{"@id":"https:\/\/revistaautobus.com.br\/#organization"},"image":{"@id":"https:\/\/revistaautobus.com.br\/?p=9347#primaryimage"},"thumbnailUrl":"https:\/\/revistaautobus.com.br\/wp-content\/uploads\/2023\/07\/1V0A0268.jpg","keywords":["Transporte corporativo"],"articleSection":["Mobilidade Urbana","Not\u00edcias"],"inLanguage":"pt-BR","potentialAction":[{"@type":"CommentAction","name":"Comment","target":["https:\/\/revistaautobus.com.br\/?p=9347#respond"]}]},{"@type":"WebPage","@id":"https:\/\/revistaautobus.com.br\/?p=9347","url":"https:\/\/revistaautobus.com.br\/?p=9347","name":"Otimiza\u00e7\u00e3o no transporte fretado - Revista AutoBus","isPartOf":{"@id":"https:\/\/revistaautobus.com.br\/#website"},"primaryImageOfPage":{"@id":"https:\/\/revistaautobus.com.br\/?p=9347#primaryimage"},"image":{"@id":"https:\/\/revistaautobus.com.br\/?p=9347#primaryimage"},"thumbnailUrl":"https:\/\/revistaautobus.com.br\/wp-content\/uploads\/2023\/07\/1V0A0268.jpg","datePublished":"2023-07-17T13:00:20+00:00","breadcrumb":{"@id":"https:\/\/revistaautobus.com.br\/?p=9347#breadcrumb"},"inLanguage":"pt-BR","potentialAction":[{"@type":"ReadAction","target":["https:\/\/revistaautobus.com.br\/?p=9347"]}]},{"@type":"ImageObject","inLanguage":"pt-BR","@id":"https:\/\/revistaautobus.com.br\/?p=9347#primaryimage","url":"https:\/\/revistaautobus.com.br\/wp-content\/uploads\/2023\/07\/1V0A0268.jpg","contentUrl":"https:\/\/revistaautobus.com.br\/wp-content\/uploads\/2023\/07\/1V0A0268.jpg","width":1000,"height":666},{"@type":"BreadcrumbList","@id":"https:\/\/revistaautobus.com.br\/?p=9347#breadcrumb","itemListElement":[{"@type":"ListItem","position":1,"name":"In\u00edcio","item":"https:\/\/revistaautobus.com.br\/"},{"@type":"ListItem","position":2,"name":"Otimiza\u00e7\u00e3o no transporte fretado"}]},{"@type":"WebSite","@id":"https:\/\/revistaautobus.com.br\/#website","url":"https:\/\/revistaautobus.com.br\/","name":"Revista AutoBus","description":"","publisher":{"@id":"https:\/\/revistaautobus.com.br\/#organization"},"potentialAction":[{"@type":"SearchAction","target":{"@type":"EntryPoint","urlTemplate":"https:\/\/revistaautobus.com.br\/?s={search_term_string}"},"query-input":{"@type":"PropertyValueSpecification","valueRequired":true,"valueName":"search_term_string"}}],"inLanguage":"pt-BR"},{"@type":"Organization","@id":"https:\/\/revistaautobus.com.br\/#organization","name":"Revista AutoBus","url":"https:\/\/revistaautobus.com.br\/","logo":{"@type":"ImageObject","inLanguage":"pt-BR","@id":"https:\/\/revistaautobus.com.br\/#\/schema\/logo\/image\/","url":"https:\/\/revistaautobus.com.br\/wp-content\/uploads\/2024\/11\/logo_revista_autobus_fb.png","contentUrl":"https:\/\/revistaautobus.com.br\/wp-content\/uploads\/2024\/11\/logo_revista_autobus_fb.png","width":836,"height":227,"caption":"Revista AutoBus"},"image":{"@id":"https:\/\/revistaautobus.com.br\/#\/schema\/logo\/image\/"},"sameAs":["https:\/\/www.facebook.com\/antonio.ferro.3150","https:\/\/www.instagram.com\/revistaautobus\/"]},{"@type":"Person","@id":"https:\/\/revistaautobus.com.br\/#\/schema\/person\/54af7c3eb83a310e42ef686ef6d16f50","name":"Antonio Ferro","image":{"@type":"ImageObject","inLanguage":"pt-BR","@id":"https:\/\/revistaautobus.com.br\/wp-content\/uploads\/2025\/12\/editor_antonio_ferro-150x150.jpg","url":"https:\/\/revistaautobus.com.br\/wp-content\/uploads\/2025\/12\/editor_antonio_ferro-150x150.jpg","contentUrl":"https:\/\/revistaautobus.com.br\/wp-content\/uploads\/2025\/12\/editor_antonio_ferro-150x150.jpg","caption":"Antonio Ferro"},"description":"infobus@uol.com.br","url":"https:\/\/revistaautobus.com.br\/?author=2"}]}},"jetpack_featured_media_url":"https:\/\/revistaautobus.com.br\/wp-content\/uploads\/2023\/07\/1V0A0268.jpg","jetpack_sharing_enabled":true,"_links":{"self":[{"href":"https:\/\/revistaautobus.com.br\/index.php?rest_route=\/wp\/v2\/posts\/9347","targetHints":{"allow":["GET"]}}],"collection":[{"href":"https:\/\/revistaautobus.com.br\/index.php?rest_route=\/wp\/v2\/posts"}],"about":[{"href":"https:\/\/revistaautobus.com.br\/index.php?rest_route=\/wp\/v2\/types\/post"}],"author":[{"embeddable":true,"href":"https:\/\/revistaautobus.com.br\/index.php?rest_route=\/wp\/v2\/users\/2"}],"replies":[{"embeddable":true,"href":"https:\/\/revistaautobus.com.br\/index.php?rest_route=%2Fwp%2Fv2%2Fcomments&post=9347"}],"version-history":[{"count":2,"href":"https:\/\/revistaautobus.com.br\/index.php?rest_route=\/wp\/v2\/posts\/9347\/revisions"}],"predecessor-version":[{"id":9350,"href":"https:\/\/revistaautobus.com.br\/index.php?rest_route=\/wp\/v2\/posts\/9347\/revisions\/9350"}],"wp:featuredmedia":[{"embeddable":true,"href":"https:\/\/revistaautobus.com.br\/index.php?rest_route=\/wp\/v2\/media\/9348"}],"wp:attachment":[{"href":"https:\/\/revistaautobus.com.br\/index.php?rest_route=%2Fwp%2Fv2%2Fmedia&parent=9347"}],"wp:term":[{"taxonomy":"category","embeddable":true,"href":"https:\/\/revistaautobus.com.br\/index.php?rest_route=%2Fwp%2Fv2%2Fcategories&post=9347"},{"taxonomy":"post_tag","embeddable":true,"href":"https:\/\/revistaautobus.com.br\/index.php?rest_route=%2Fwp%2Fv2%2Ftags&post=9347"}],"curies":[{"name":"wp","href":"https:\/\/api.w.org\/{rel}","templated":true}]}}