{"id":9361,"date":"2023-07-19T10:22:22","date_gmt":"2023-07-19T13:22:22","guid":{"rendered":"https:\/\/revistaautobus.com.br\/?p=9361"},"modified":"2023-07-19T10:22:22","modified_gmt":"2023-07-19T13:22:22","slug":"apos-dois-anos-juntas-empresas-destacam-a-otimizacao","status":"publish","type":"post","link":"https:\/\/revistaautobus.com.br\/?p=9361","title":{"rendered":"Ap\u00f3s dois anos juntas, empresas destacam a otimiza\u00e7\u00e3o"},"content":{"rendered":"<p>A Praxio, empresa especializada em tecnologia para o transporte rodovi\u00e1rio de passageiros, est\u00e1 celebrando os dois anos de parceria com a nstech, ressaltando as conquistas na completa plataforma Open Logistics do mundo. Ainda, conforme relatou, a decis\u00e3o de uni\u00e3o foi acertada, pois proporciona o desenvolvimento de tecnologias que facilitam a integra\u00e7\u00e3o de sistemas, objetivando o acompanhamento das opera\u00e7\u00f5es de mobilidade ou log\u00edstica de ponta a ponta, em uma \u00fanica plataforma.<\/p>\n<p>Valmir Colodr\u00e3o, CEO da Praxio, comentou sobre esse la\u00e7o comercial, ressaltando que a empresa estava em um movimento de expans\u00e3o, realizando investimentos em P&amp;D e em importantes aquisi\u00e7\u00f5es no nordeste e sul do pa\u00eds. \u201cO encontro com a nstech aconteceu de forma natural, pois viv\u00edamos objetivos em comum. Hoje temos certeza de que a fus\u00e3o foi um grande marco positivo, para as empresas e para os setores de mobilidade e log\u00edstica\u201d, explicou o executivo.<\/p>\n<p>Outrossim, a Praxio vem consolidando seu posicionamento na Plataforma como a vertente da nstech para integra\u00e7\u00e3o de solu\u00e7\u00f5es em gest\u00e3o para o transporte de passageiros \u2013 do embarque ao destino -, visando promover uma melhor mobilidade. \u201cIsso envolve a especificidade do setor e toda a sua gest\u00e3o operacional, seja no controle de bilhetes, manuten\u00e7\u00e3o de frota, compras e estoque, escala de motoristas e entregas cont\u00e1beis e fiscais. Al\u00e9m disso, as solu\u00e7\u00f5es contam com conex\u00e3o estrat\u00e9gica com os principais fornecedores de telemetria, planejamento de linhas, bilhetagem eletr\u00f4nica, SEFAZ e e-Social, por exemplo\u201d, observou Colodr\u00e3o.<\/p>\n<p>Ainda, segundo ele, \u201ccomo parte do ecossistema da nstech\u2019, entendemos que foi trocando e compartilhando conhecimento que conseguimos entregar ainda mais solu\u00e7\u00f5es aos nossos clientes do transporte por \u00f4nibus, sendo que estamos em um movimento cont\u00ednuo de transforma\u00e7\u00e3o da empresa para o futuro&#8221;, afirmou.<\/p>\n<p>Colodr\u00e3o informou que a Praxio segue ainda mais forte para as pr\u00f3ximas conquistas. \u201c\u00c9 desafiador. Queremos levar a Plataforma Open Log\u00edstics nstech para todas as empresas de \u00f4nibus; n\u00e3o s\u00f3 do Brasil, mas tamb\u00e9m de outras partes do mundo\u201d. Como estrat\u00e9gia em seu processo de expans\u00e3o, a empresa chegou em Angola, no ano de 2021, e neste em Portugal. \u201cA Praxio quer se tornar refer\u00eancia tamb\u00e9m em grandes e m\u00e9dias empresas de l\u00edngua portuguesa e espanhola, consolidando-se como a porta-voz nstech para o setor da mobilidade\u201d, celebrou Colodr\u00e3o.<\/p>\n<p>Imagem &#8211; Divulga\u00e7\u00e3o<\/p>\n","protected":false},"excerpt":{"rendered":"<p>O uso da tecnologia como ferramenta para oferecer os melhores servi\u00e7os de transporte revela-se como estrat\u00e9gia comercial de sucesso<\/p>\n","protected":false},"author":2,"featured_media":9362,"comment_status":"open","ping_status":"open","sticky":false,"template":"","format":"standard","meta":{"_et_pb_use_builder":"","_et_pb_old_content":"","_et_gb_content_width":"","_jetpack_memberships_contains_paid_content":false,"footnotes":""},"categories":[7,73],"tags":[458],"class_list":["post-9361","post","type-post","status-publish","format-standard","has-post-thumbnail","hentry","category-mobilidade-urbana","category-tecnologia","tag-praxio","et-has-post-format-content","et_post_format-et-post-format-standard"],"yoast_head":"<!-- This site is optimized with the Yoast SEO plugin v27.2 - https:\/\/yoast.com\/product\/yoast-seo-wordpress\/ -->\n<title>Ap\u00f3s dois anos juntas, empresas destacam a otimiza\u00e7\u00e3o - Revista AutoBus<\/title>\n<meta name=\"robots\" content=\"index, follow, max-snippet:-1, max-image-preview:large, max-video-preview:-1\" \/>\n<link rel=\"canonical\" href=\"https:\/\/revistaautobus.com.br\/?p=9361\" \/>\n<meta property=\"og:locale\" content=\"pt_BR\" \/>\n<meta property=\"og:type\" content=\"article\" \/>\n<meta property=\"og:title\" content=\"Ap\u00f3s dois anos juntas, empresas destacam a otimiza\u00e7\u00e3o - Revista AutoBus\" \/>\n<meta property=\"og:description\" content=\"O uso da tecnologia como ferramenta para oferecer os melhores servi\u00e7os de transporte revela-se como estrat\u00e9gia comercial de sucesso\" \/>\n<meta property=\"og:url\" content=\"https:\/\/revistaautobus.com.br\/?p=9361\" \/>\n<meta property=\"og:site_name\" content=\"Revista AutoBus\" \/>\n<meta property=\"article:publisher\" content=\"https:\/\/www.facebook.com\/antonio.ferro.3150\" \/>\n<meta property=\"article:published_time\" content=\"2023-07-19T13:22:22+00:00\" \/>\n<meta property=\"og:image\" content=\"https:\/\/revistaautobus.com.br\/wp-content\/uploads\/2023\/07\/Valmir-Colodrao-CEO-da-Praxio.jpg\" \/>\n\t<meta property=\"og:image:width\" content=\"1000\" \/>\n\t<meta property=\"og:image:height\" content=\"666\" \/>\n\t<meta property=\"og:image:type\" content=\"image\/jpeg\" \/>\n<meta name=\"author\" content=\"Antonio Ferro\" \/>\n<meta name=\"twitter:card\" content=\"summary_large_image\" \/>\n<meta name=\"twitter:label1\" content=\"Escrito por\" \/>\n\t<meta name=\"twitter:data1\" content=\"Antonio Ferro\" \/>\n\t<meta name=\"twitter:label2\" content=\"Est. tempo de leitura\" \/>\n\t<meta name=\"twitter:data2\" content=\"2 minutos\" \/>\n<script type=\"application\/ld+json\" class=\"yoast-schema-graph\">{\"@context\":\"https:\/\/schema.org\",\"@graph\":[{\"@type\":\"Article\",\"@id\":\"https:\/\/revistaautobus.com.br\/?p=9361#article\",\"isPartOf\":{\"@id\":\"https:\/\/revistaautobus.com.br\/?p=9361\"},\"author\":{\"name\":\"Antonio Ferro\",\"@id\":\"https:\/\/revistaautobus.com.br\/#\/schema\/person\/54af7c3eb83a310e42ef686ef6d16f50\"},\"headline\":\"Ap\u00f3s dois anos juntas, empresas destacam a otimiza\u00e7\u00e3o\",\"datePublished\":\"2023-07-19T13:22:22+00:00\",\"mainEntityOfPage\":{\"@id\":\"https:\/\/revistaautobus.com.br\/?p=9361\"},\"wordCount\":423,\"commentCount\":0,\"publisher\":{\"@id\":\"https:\/\/revistaautobus.com.br\/#organization\"},\"image\":{\"@id\":\"https:\/\/revistaautobus.com.br\/?p=9361#primaryimage\"},\"thumbnailUrl\":\"https:\/\/revistaautobus.com.br\/wp-content\/uploads\/2023\/07\/Valmir-Colodrao-CEO-da-Praxio.jpg\",\"keywords\":[\"Praxio\"],\"articleSection\":[\"Mobilidade Urbana\",\"Tecnologia\"],\"inLanguage\":\"pt-BR\",\"potentialAction\":[{\"@type\":\"CommentAction\",\"name\":\"Comment\",\"target\":[\"https:\/\/revistaautobus.com.br\/?p=9361#respond\"]}]},{\"@type\":\"WebPage\",\"@id\":\"https:\/\/revistaautobus.com.br\/?p=9361\",\"url\":\"https:\/\/revistaautobus.com.br\/?p=9361\",\"name\":\"Ap\u00f3s dois anos juntas, empresas destacam a otimiza\u00e7\u00e3o - Revista AutoBus\",\"isPartOf\":{\"@id\":\"https:\/\/revistaautobus.com.br\/#website\"},\"primaryImageOfPage\":{\"@id\":\"https:\/\/revistaautobus.com.br\/?p=9361#primaryimage\"},\"image\":{\"@id\":\"https:\/\/revistaautobus.com.br\/?p=9361#primaryimage\"},\"thumbnailUrl\":\"https:\/\/revistaautobus.com.br\/wp-content\/uploads\/2023\/07\/Valmir-Colodrao-CEO-da-Praxio.jpg\",\"datePublished\":\"2023-07-19T13:22:22+00:00\",\"breadcrumb\":{\"@id\":\"https:\/\/revistaautobus.com.br\/?p=9361#breadcrumb\"},\"inLanguage\":\"pt-BR\",\"potentialAction\":[{\"@type\":\"ReadAction\",\"target\":[\"https:\/\/revistaautobus.com.br\/?p=9361\"]}]},{\"@type\":\"ImageObject\",\"inLanguage\":\"pt-BR\",\"@id\":\"https:\/\/revistaautobus.com.br\/?p=9361#primaryimage\",\"url\":\"https:\/\/revistaautobus.com.br\/wp-content\/uploads\/2023\/07\/Valmir-Colodrao-CEO-da-Praxio.jpg\",\"contentUrl\":\"https:\/\/revistaautobus.com.br\/wp-content\/uploads\/2023\/07\/Valmir-Colodrao-CEO-da-Praxio.jpg\",\"width\":1000,\"height\":666},{\"@type\":\"BreadcrumbList\",\"@id\":\"https:\/\/revistaautobus.com.br\/?p=9361#breadcrumb\",\"itemListElement\":[{\"@type\":\"ListItem\",\"position\":1,\"name\":\"In\u00edcio\",\"item\":\"https:\/\/revistaautobus.com.br\/\"},{\"@type\":\"ListItem\",\"position\":2,\"name\":\"Ap\u00f3s dois anos juntas, empresas destacam a otimiza\u00e7\u00e3o\"}]},{\"@type\":\"WebSite\",\"@id\":\"https:\/\/revistaautobus.com.br\/#website\",\"url\":\"https:\/\/revistaautobus.com.br\/\",\"name\":\"Revista AutoBus\",\"description\":\"\",\"publisher\":{\"@id\":\"https:\/\/revistaautobus.com.br\/#organization\"},\"potentialAction\":[{\"@type\":\"SearchAction\",\"target\":{\"@type\":\"EntryPoint\",\"urlTemplate\":\"https:\/\/revistaautobus.com.br\/?s={search_term_string}\"},\"query-input\":{\"@type\":\"PropertyValueSpecification\",\"valueRequired\":true,\"valueName\":\"search_term_string\"}}],\"inLanguage\":\"pt-BR\"},{\"@type\":\"Organization\",\"@id\":\"https:\/\/revistaautobus.com.br\/#organization\",\"name\":\"Revista AutoBus\",\"url\":\"https:\/\/revistaautobus.com.br\/\",\"logo\":{\"@type\":\"ImageObject\",\"inLanguage\":\"pt-BR\",\"@id\":\"https:\/\/revistaautobus.com.br\/#\/schema\/logo\/image\/\",\"url\":\"https:\/\/revistaautobus.com.br\/wp-content\/uploads\/2024\/11\/logo_revista_autobus_fb.png\",\"contentUrl\":\"https:\/\/revistaautobus.com.br\/wp-content\/uploads\/2024\/11\/logo_revista_autobus_fb.png\",\"width\":836,\"height\":227,\"caption\":\"Revista AutoBus\"},\"image\":{\"@id\":\"https:\/\/revistaautobus.com.br\/#\/schema\/logo\/image\/\"},\"sameAs\":[\"https:\/\/www.facebook.com\/antonio.ferro.3150\",\"https:\/\/www.instagram.com\/revistaautobus\/\"]},{\"@type\":\"Person\",\"@id\":\"https:\/\/revistaautobus.com.br\/#\/schema\/person\/54af7c3eb83a310e42ef686ef6d16f50\",\"name\":\"Antonio Ferro\",\"image\":{\"@type\":\"ImageObject\",\"inLanguage\":\"pt-BR\",\"@id\":\"https:\/\/revistaautobus.com.br\/wp-content\/uploads\/2025\/12\/editor_antonio_ferro-150x150.jpg\",\"url\":\"https:\/\/revistaautobus.com.br\/wp-content\/uploads\/2025\/12\/editor_antonio_ferro-150x150.jpg\",\"contentUrl\":\"https:\/\/revistaautobus.com.br\/wp-content\/uploads\/2025\/12\/editor_antonio_ferro-150x150.jpg\",\"caption\":\"Antonio Ferro\"},\"description\":\"infobus@uol.com.br\",\"url\":\"https:\/\/revistaautobus.com.br\/?author=2\"}]}<\/script>\n<!-- \/ Yoast SEO plugin. -->","yoast_head_json":{"title":"Ap\u00f3s dois anos juntas, empresas destacam a otimiza\u00e7\u00e3o - Revista AutoBus","robots":{"index":"index","follow":"follow","max-snippet":"max-snippet:-1","max-image-preview":"max-image-preview:large","max-video-preview":"max-video-preview:-1"},"canonical":"https:\/\/revistaautobus.com.br\/?p=9361","og_locale":"pt_BR","og_type":"article","og_title":"Ap\u00f3s dois anos juntas, empresas destacam a otimiza\u00e7\u00e3o - Revista AutoBus","og_description":"O uso da tecnologia como ferramenta para oferecer os melhores servi\u00e7os de transporte revela-se como estrat\u00e9gia comercial de sucesso","og_url":"https:\/\/revistaautobus.com.br\/?p=9361","og_site_name":"Revista AutoBus","article_publisher":"https:\/\/www.facebook.com\/antonio.ferro.3150","article_published_time":"2023-07-19T13:22:22+00:00","og_image":[{"width":1000,"height":666,"url":"https:\/\/revistaautobus.com.br\/wp-content\/uploads\/2023\/07\/Valmir-Colodrao-CEO-da-Praxio.jpg","type":"image\/jpeg"}],"author":"Antonio Ferro","twitter_card":"summary_large_image","twitter_misc":{"Escrito por":"Antonio Ferro","Est. tempo de leitura":"2 minutos"},"schema":{"@context":"https:\/\/schema.org","@graph":[{"@type":"Article","@id":"https:\/\/revistaautobus.com.br\/?p=9361#article","isPartOf":{"@id":"https:\/\/revistaautobus.com.br\/?p=9361"},"author":{"name":"Antonio Ferro","@id":"https:\/\/revistaautobus.com.br\/#\/schema\/person\/54af7c3eb83a310e42ef686ef6d16f50"},"headline":"Ap\u00f3s dois anos juntas, empresas destacam a otimiza\u00e7\u00e3o","datePublished":"2023-07-19T13:22:22+00:00","mainEntityOfPage":{"@id":"https:\/\/revistaautobus.com.br\/?p=9361"},"wordCount":423,"commentCount":0,"publisher":{"@id":"https:\/\/revistaautobus.com.br\/#organization"},"image":{"@id":"https:\/\/revistaautobus.com.br\/?p=9361#primaryimage"},"thumbnailUrl":"https:\/\/revistaautobus.com.br\/wp-content\/uploads\/2023\/07\/Valmir-Colodrao-CEO-da-Praxio.jpg","keywords":["Praxio"],"articleSection":["Mobilidade Urbana","Tecnologia"],"inLanguage":"pt-BR","potentialAction":[{"@type":"CommentAction","name":"Comment","target":["https:\/\/revistaautobus.com.br\/?p=9361#respond"]}]},{"@type":"WebPage","@id":"https:\/\/revistaautobus.com.br\/?p=9361","url":"https:\/\/revistaautobus.com.br\/?p=9361","name":"Ap\u00f3s dois anos juntas, empresas destacam a otimiza\u00e7\u00e3o - Revista AutoBus","isPartOf":{"@id":"https:\/\/revistaautobus.com.br\/#website"},"primaryImageOfPage":{"@id":"https:\/\/revistaautobus.com.br\/?p=9361#primaryimage"},"image":{"@id":"https:\/\/revistaautobus.com.br\/?p=9361#primaryimage"},"thumbnailUrl":"https:\/\/revistaautobus.com.br\/wp-content\/uploads\/2023\/07\/Valmir-Colodrao-CEO-da-Praxio.jpg","datePublished":"2023-07-19T13:22:22+00:00","breadcrumb":{"@id":"https:\/\/revistaautobus.com.br\/?p=9361#breadcrumb"},"inLanguage":"pt-BR","potentialAction":[{"@type":"ReadAction","target":["https:\/\/revistaautobus.com.br\/?p=9361"]}]},{"@type":"ImageObject","inLanguage":"pt-BR","@id":"https:\/\/revistaautobus.com.br\/?p=9361#primaryimage","url":"https:\/\/revistaautobus.com.br\/wp-content\/uploads\/2023\/07\/Valmir-Colodrao-CEO-da-Praxio.jpg","contentUrl":"https:\/\/revistaautobus.com.br\/wp-content\/uploads\/2023\/07\/Valmir-Colodrao-CEO-da-Praxio.jpg","width":1000,"height":666},{"@type":"BreadcrumbList","@id":"https:\/\/revistaautobus.com.br\/?p=9361#breadcrumb","itemListElement":[{"@type":"ListItem","position":1,"name":"In\u00edcio","item":"https:\/\/revistaautobus.com.br\/"},{"@type":"ListItem","position":2,"name":"Ap\u00f3s dois anos juntas, empresas destacam a otimiza\u00e7\u00e3o"}]},{"@type":"WebSite","@id":"https:\/\/revistaautobus.com.br\/#website","url":"https:\/\/revistaautobus.com.br\/","name":"Revista AutoBus","description":"","publisher":{"@id":"https:\/\/revistaautobus.com.br\/#organization"},"potentialAction":[{"@type":"SearchAction","target":{"@type":"EntryPoint","urlTemplate":"https:\/\/revistaautobus.com.br\/?s={search_term_string}"},"query-input":{"@type":"PropertyValueSpecification","valueRequired":true,"valueName":"search_term_string"}}],"inLanguage":"pt-BR"},{"@type":"Organization","@id":"https:\/\/revistaautobus.com.br\/#organization","name":"Revista AutoBus","url":"https:\/\/revistaautobus.com.br\/","logo":{"@type":"ImageObject","inLanguage":"pt-BR","@id":"https:\/\/revistaautobus.com.br\/#\/schema\/logo\/image\/","url":"https:\/\/revistaautobus.com.br\/wp-content\/uploads\/2024\/11\/logo_revista_autobus_fb.png","contentUrl":"https:\/\/revistaautobus.com.br\/wp-content\/uploads\/2024\/11\/logo_revista_autobus_fb.png","width":836,"height":227,"caption":"Revista AutoBus"},"image":{"@id":"https:\/\/revistaautobus.com.br\/#\/schema\/logo\/image\/"},"sameAs":["https:\/\/www.facebook.com\/antonio.ferro.3150","https:\/\/www.instagram.com\/revistaautobus\/"]},{"@type":"Person","@id":"https:\/\/revistaautobus.com.br\/#\/schema\/person\/54af7c3eb83a310e42ef686ef6d16f50","name":"Antonio Ferro","image":{"@type":"ImageObject","inLanguage":"pt-BR","@id":"https:\/\/revistaautobus.com.br\/wp-content\/uploads\/2025\/12\/editor_antonio_ferro-150x150.jpg","url":"https:\/\/revistaautobus.com.br\/wp-content\/uploads\/2025\/12\/editor_antonio_ferro-150x150.jpg","contentUrl":"https:\/\/revistaautobus.com.br\/wp-content\/uploads\/2025\/12\/editor_antonio_ferro-150x150.jpg","caption":"Antonio Ferro"},"description":"infobus@uol.com.br","url":"https:\/\/revistaautobus.com.br\/?author=2"}]}},"jetpack_featured_media_url":"https:\/\/revistaautobus.com.br\/wp-content\/uploads\/2023\/07\/Valmir-Colodrao-CEO-da-Praxio.jpg","jetpack_sharing_enabled":true,"_links":{"self":[{"href":"https:\/\/revistaautobus.com.br\/index.php?rest_route=\/wp\/v2\/posts\/9361","targetHints":{"allow":["GET"]}}],"collection":[{"href":"https:\/\/revistaautobus.com.br\/index.php?rest_route=\/wp\/v2\/posts"}],"about":[{"href":"https:\/\/revistaautobus.com.br\/index.php?rest_route=\/wp\/v2\/types\/post"}],"author":[{"embeddable":true,"href":"https:\/\/revistaautobus.com.br\/index.php?rest_route=\/wp\/v2\/users\/2"}],"replies":[{"embeddable":true,"href":"https:\/\/revistaautobus.com.br\/index.php?rest_route=%2Fwp%2Fv2%2Fcomments&post=9361"}],"version-history":[{"count":3,"href":"https:\/\/revistaautobus.com.br\/index.php?rest_route=\/wp\/v2\/posts\/9361\/revisions"}],"predecessor-version":[{"id":9365,"href":"https:\/\/revistaautobus.com.br\/index.php?rest_route=\/wp\/v2\/posts\/9361\/revisions\/9365"}],"wp:featuredmedia":[{"embeddable":true,"href":"https:\/\/revistaautobus.com.br\/index.php?rest_route=\/wp\/v2\/media\/9362"}],"wp:attachment":[{"href":"https:\/\/revistaautobus.com.br\/index.php?rest_route=%2Fwp%2Fv2%2Fmedia&parent=9361"}],"wp:term":[{"taxonomy":"category","embeddable":true,"href":"https:\/\/revistaautobus.com.br\/index.php?rest_route=%2Fwp%2Fv2%2Fcategories&post=9361"},{"taxonomy":"post_tag","embeddable":true,"href":"https:\/\/revistaautobus.com.br\/index.php?rest_route=%2Fwp%2Fv2%2Ftags&post=9361"}],"curies":[{"name":"wp","href":"https:\/\/api.w.org\/{rel}","templated":true}]}}