{"id":9407,"date":"2023-07-21T14:05:10","date_gmt":"2023-07-21T17:05:10","guid":{"rendered":"https:\/\/revistaautobus.com.br\/?p=9407"},"modified":"2023-07-21T14:06:30","modified_gmt":"2023-07-21T17:06:30","slug":"renovacao-no-oeste-paulista","status":"publish","type":"post","link":"https:\/\/revistaautobus.com.br\/?p=9407","title":{"rendered":"Renova\u00e7\u00e3o no oeste paulista"},"content":{"rendered":"<p>Com quase 400 \u00f4nibus, a Empresa de Transporte Andorinha, da cidade de Presidente Prudente, SP, recebeu, recentemente, novos \u00f4nibus, visando a renova\u00e7\u00e3o e moderniza\u00e7\u00e3o de sua frota. S\u00e3o seis unidades do Paradiso 1800 DD G8, que trazem alto grau de conforto interno, proporcionado pelas 44 poltronas semileito no pavimento superior e 12 do tipo leito no inferior. Os chassis s\u00e3o Mercedes-Benz, O500 RSD, equipados com a motoriza\u00e7\u00e3o de 428 cv de pot\u00eancia (Euro V), EBS (Sistema Eletr\u00f4nico de Frenagem), ABS (Sistema de Freios Antibloqueio), monitoramento, c\u00e2mbio automatizado e <em>retarder<\/em>, al\u00e9m de LDWS, leitor de faixa.<\/p>\n<p>De acordo com a operadora, a tecnologia embarcada e avan\u00e7ada traz uma s\u00e9rie de atributos para oferecer alta confiabilidade, durabilidade, seguran\u00e7a e conforto. Tamb\u00e9m n\u00e3o se esquecer de ressaltar que a Gera\u00e7\u00e3o 8 da Marcopolo apresenta excelente desempenho econ\u00f4mico e \u00e9 rent\u00e1vel para diversas aplica\u00e7\u00f5es, seja no turismo ou no transporte regular.<\/p>\n<p>O Paradiso 1800 DD ainda conta com conex\u00e3o de internet via Wi-Fi, plataforma de <em>streaming<\/em> com filmes, portas USB, ar-condicionado, geladeira, microfone e interfone, al\u00e9m de bandeja para copos, equipamentos com o objetivo de proporcionar o m\u00e1ximo conforto e comodidade aos passageiros.<\/p>\n<div id=\"attachment_9409\" style=\"width: 1034px\" class=\"wp-caption aligncenter\"><img loading=\"lazy\" decoding=\"async\" aria-describedby=\"caption-attachment-9409\" class=\"wp-image-9409 size-large\" src=\"https:\/\/revistaautobus.com.br\/wp-content\/uploads\/2023\/07\/Andorinha-1024x366.jpg\" alt=\"\" width=\"1024\" height=\"366\" srcset=\"https:\/\/revistaautobus.com.br\/wp-content\/uploads\/2023\/07\/Andorinha-1024x366.jpg 1024w, https:\/\/revistaautobus.com.br\/wp-content\/uploads\/2023\/07\/Andorinha-300x107.jpg 300w, https:\/\/revistaautobus.com.br\/wp-content\/uploads\/2023\/07\/Andorinha-768x274.jpg 768w, https:\/\/revistaautobus.com.br\/wp-content\/uploads\/2023\/07\/Andorinha-1536x548.jpg 1536w, https:\/\/revistaautobus.com.br\/wp-content\/uploads\/2023\/07\/Andorinha-2048x731.jpg 2048w, https:\/\/revistaautobus.com.br\/wp-content\/uploads\/2023\/07\/Andorinha-1080x386.jpg 1080w\" sizes=\"(max-width: 1024px) 100vw, 1024px\" \/><p id=\"caption-attachment-9409\" class=\"wp-caption-text\"><span style=\"color: #666699;\"><em><strong>O passado e o presente &#8211; uma evolu\u00e7\u00e3o constante<\/strong><\/em><\/span><\/p><\/div>\n<p>A Andorinha transporta, em m\u00e9dia, 300 mil passageiros, percorrendo, aproximadamente, tr\u00eas milh\u00f5es de quil\u00f4metros por m\u00eas. Possui 1.100 funcion\u00e1rios e outros 800 indiretos. Sua frota \u00e9 100% Marcopolo, com carro\u00e7arias Paradiso 1200, LD 1600 e DD 1800, com poltronas leito e leito cama, executivo, todos equipados com um moderno sistema de controle por telemetria e dotado de internet Wi-Fi a bordo. Ela tamb\u00e9m realiza os servi\u00e7os suburbanos na regi\u00e3o onde atua.<\/p>\n<p>Em 2023, a operadora comemora seus 75 anos de estrada. Suas atividades foram iniciadas com uma jardineira, para suprir a car\u00eancia do transporte de passageiros numa regi\u00e3o em que dava seus primeiros passos rumo ao desenvolvimento. Aos poucos, a Andorinha foi crescendo, atuando, de forma mais ativa, na integra\u00e7\u00e3o regional, participando da coloniza\u00e7\u00e3o do norte paranaense e, tamb\u00e9m, do estado do Mato Grosso.<\/p>\n<p>A liga\u00e7\u00e3o com a cidade de S\u00e3o Paulo veio na d\u00e9cada de 1960, possibilitando o surgimento de uma rede de conex\u00e3o que s\u00f3 se expandiria, com a abertura de novos mercados, firmando-se no segmento e colaborando, diretamente, com a forma\u00e7\u00e3o do sistema brasileiro do transporte rodovi\u00e1rio.<\/p>\n<p>Imagens &#8211; Divulga\u00e7\u00e3o<\/p>\n","protected":false},"excerpt":{"rendered":"<p>A Empresa Andorinha de Transportes ressalta a import\u00e2ncia de ter novos e modernos \u00f4nibus em suas opera\u00e7\u00f5es<\/p>\n","protected":false},"author":2,"featured_media":9408,"comment_status":"open","ping_status":"open","sticky":false,"template":"","format":"standard","meta":{"_et_pb_use_builder":"","_et_pb_old_content":"","_et_gb_content_width":"","_jetpack_memberships_contains_paid_content":false,"footnotes":""},"categories":[80],"tags":[549,550],"class_list":["post-9407","post","type-post","status-publish","format-standard","has-post-thumbnail","hentry","category-transporte-rodoviario","tag-andorinha","tag-transportes-andorinha","et-has-post-format-content","et_post_format-et-post-format-standard"],"yoast_head":"<!-- This site is optimized with the Yoast SEO plugin v27.2 - https:\/\/yoast.com\/product\/yoast-seo-wordpress\/ -->\n<title>Renova\u00e7\u00e3o no oeste paulista - Revista AutoBus<\/title>\n<meta name=\"robots\" content=\"index, follow, max-snippet:-1, max-image-preview:large, max-video-preview:-1\" \/>\n<link rel=\"canonical\" href=\"https:\/\/revistaautobus.com.br\/?p=9407\" \/>\n<meta property=\"og:locale\" content=\"pt_BR\" \/>\n<meta property=\"og:type\" content=\"article\" \/>\n<meta property=\"og:title\" content=\"Renova\u00e7\u00e3o no oeste paulista - Revista AutoBus\" \/>\n<meta property=\"og:description\" content=\"A Empresa Andorinha de Transportes ressalta a import\u00e2ncia de ter novos e modernos \u00f4nibus em suas opera\u00e7\u00f5es\" \/>\n<meta property=\"og:url\" content=\"https:\/\/revistaautobus.com.br\/?p=9407\" \/>\n<meta property=\"og:site_name\" content=\"Revista AutoBus\" \/>\n<meta property=\"article:publisher\" content=\"https:\/\/www.facebook.com\/antonio.ferro.3150\" \/>\n<meta property=\"article:published_time\" content=\"2023-07-21T17:05:10+00:00\" \/>\n<meta property=\"article:modified_time\" content=\"2023-07-21T17:06:30+00:00\" \/>\n<meta property=\"og:image\" content=\"https:\/\/revistaautobus.com.br\/wp-content\/uploads\/2023\/07\/IMG-20230718-WA0022.jpg\" \/>\n\t<meta property=\"og:image:width\" content=\"1600\" \/>\n\t<meta property=\"og:image:height\" content=\"1100\" \/>\n\t<meta property=\"og:image:type\" content=\"image\/jpeg\" \/>\n<meta name=\"author\" content=\"Antonio Ferro\" \/>\n<meta name=\"twitter:card\" content=\"summary_large_image\" \/>\n<meta name=\"twitter:label1\" content=\"Escrito por\" \/>\n\t<meta name=\"twitter:data1\" content=\"Antonio Ferro\" \/>\n\t<meta name=\"twitter:label2\" content=\"Est. tempo de leitura\" \/>\n\t<meta name=\"twitter:data2\" content=\"2 minutos\" \/>\n<script type=\"application\/ld+json\" class=\"yoast-schema-graph\">{\"@context\":\"https:\/\/schema.org\",\"@graph\":[{\"@type\":\"Article\",\"@id\":\"https:\/\/revistaautobus.com.br\/?p=9407#article\",\"isPartOf\":{\"@id\":\"https:\/\/revistaautobus.com.br\/?p=9407\"},\"author\":{\"name\":\"Antonio Ferro\",\"@id\":\"https:\/\/revistaautobus.com.br\/#\/schema\/person\/54af7c3eb83a310e42ef686ef6d16f50\"},\"headline\":\"Renova\u00e7\u00e3o no oeste paulista\",\"datePublished\":\"2023-07-21T17:05:10+00:00\",\"dateModified\":\"2023-07-21T17:06:30+00:00\",\"mainEntityOfPage\":{\"@id\":\"https:\/\/revistaautobus.com.br\/?p=9407\"},\"wordCount\":418,\"commentCount\":0,\"publisher\":{\"@id\":\"https:\/\/revistaautobus.com.br\/#organization\"},\"image\":{\"@id\":\"https:\/\/revistaautobus.com.br\/?p=9407#primaryimage\"},\"thumbnailUrl\":\"https:\/\/revistaautobus.com.br\/wp-content\/uploads\/2023\/07\/IMG-20230718-WA0022.jpg\",\"keywords\":[\"Andorinha\",\"Transportes Andorinha\"],\"articleSection\":[\"Transporte rodovi\u00e1rio\"],\"inLanguage\":\"pt-BR\",\"potentialAction\":[{\"@type\":\"CommentAction\",\"name\":\"Comment\",\"target\":[\"https:\/\/revistaautobus.com.br\/?p=9407#respond\"]}]},{\"@type\":\"WebPage\",\"@id\":\"https:\/\/revistaautobus.com.br\/?p=9407\",\"url\":\"https:\/\/revistaautobus.com.br\/?p=9407\",\"name\":\"Renova\u00e7\u00e3o no oeste paulista - Revista AutoBus\",\"isPartOf\":{\"@id\":\"https:\/\/revistaautobus.com.br\/#website\"},\"primaryImageOfPage\":{\"@id\":\"https:\/\/revistaautobus.com.br\/?p=9407#primaryimage\"},\"image\":{\"@id\":\"https:\/\/revistaautobus.com.br\/?p=9407#primaryimage\"},\"thumbnailUrl\":\"https:\/\/revistaautobus.com.br\/wp-content\/uploads\/2023\/07\/IMG-20230718-WA0022.jpg\",\"datePublished\":\"2023-07-21T17:05:10+00:00\",\"dateModified\":\"2023-07-21T17:06:30+00:00\",\"breadcrumb\":{\"@id\":\"https:\/\/revistaautobus.com.br\/?p=9407#breadcrumb\"},\"inLanguage\":\"pt-BR\",\"potentialAction\":[{\"@type\":\"ReadAction\",\"target\":[\"https:\/\/revistaautobus.com.br\/?p=9407\"]}]},{\"@type\":\"ImageObject\",\"inLanguage\":\"pt-BR\",\"@id\":\"https:\/\/revistaautobus.com.br\/?p=9407#primaryimage\",\"url\":\"https:\/\/revistaautobus.com.br\/wp-content\/uploads\/2023\/07\/IMG-20230718-WA0022.jpg\",\"contentUrl\":\"https:\/\/revistaautobus.com.br\/wp-content\/uploads\/2023\/07\/IMG-20230718-WA0022.jpg\",\"width\":1600,\"height\":1100},{\"@type\":\"BreadcrumbList\",\"@id\":\"https:\/\/revistaautobus.com.br\/?p=9407#breadcrumb\",\"itemListElement\":[{\"@type\":\"ListItem\",\"position\":1,\"name\":\"In\u00edcio\",\"item\":\"https:\/\/revistaautobus.com.br\/\"},{\"@type\":\"ListItem\",\"position\":2,\"name\":\"Renova\u00e7\u00e3o no oeste paulista\"}]},{\"@type\":\"WebSite\",\"@id\":\"https:\/\/revistaautobus.com.br\/#website\",\"url\":\"https:\/\/revistaautobus.com.br\/\",\"name\":\"Revista AutoBus\",\"description\":\"\",\"publisher\":{\"@id\":\"https:\/\/revistaautobus.com.br\/#organization\"},\"potentialAction\":[{\"@type\":\"SearchAction\",\"target\":{\"@type\":\"EntryPoint\",\"urlTemplate\":\"https:\/\/revistaautobus.com.br\/?s={search_term_string}\"},\"query-input\":{\"@type\":\"PropertyValueSpecification\",\"valueRequired\":true,\"valueName\":\"search_term_string\"}}],\"inLanguage\":\"pt-BR\"},{\"@type\":\"Organization\",\"@id\":\"https:\/\/revistaautobus.com.br\/#organization\",\"name\":\"Revista AutoBus\",\"url\":\"https:\/\/revistaautobus.com.br\/\",\"logo\":{\"@type\":\"ImageObject\",\"inLanguage\":\"pt-BR\",\"@id\":\"https:\/\/revistaautobus.com.br\/#\/schema\/logo\/image\/\",\"url\":\"https:\/\/revistaautobus.com.br\/wp-content\/uploads\/2024\/11\/logo_revista_autobus_fb.png\",\"contentUrl\":\"https:\/\/revistaautobus.com.br\/wp-content\/uploads\/2024\/11\/logo_revista_autobus_fb.png\",\"width\":836,\"height\":227,\"caption\":\"Revista AutoBus\"},\"image\":{\"@id\":\"https:\/\/revistaautobus.com.br\/#\/schema\/logo\/image\/\"},\"sameAs\":[\"https:\/\/www.facebook.com\/antonio.ferro.3150\",\"https:\/\/www.instagram.com\/revistaautobus\/\"]},{\"@type\":\"Person\",\"@id\":\"https:\/\/revistaautobus.com.br\/#\/schema\/person\/54af7c3eb83a310e42ef686ef6d16f50\",\"name\":\"Antonio Ferro\",\"image\":{\"@type\":\"ImageObject\",\"inLanguage\":\"pt-BR\",\"@id\":\"https:\/\/revistaautobus.com.br\/wp-content\/uploads\/2025\/12\/editor_antonio_ferro-150x150.jpg\",\"url\":\"https:\/\/revistaautobus.com.br\/wp-content\/uploads\/2025\/12\/editor_antonio_ferro-150x150.jpg\",\"contentUrl\":\"https:\/\/revistaautobus.com.br\/wp-content\/uploads\/2025\/12\/editor_antonio_ferro-150x150.jpg\",\"caption\":\"Antonio Ferro\"},\"description\":\"infobus@uol.com.br\",\"url\":\"https:\/\/revistaautobus.com.br\/?author=2\"}]}<\/script>\n<!-- \/ Yoast SEO plugin. -->","yoast_head_json":{"title":"Renova\u00e7\u00e3o no oeste paulista - Revista AutoBus","robots":{"index":"index","follow":"follow","max-snippet":"max-snippet:-1","max-image-preview":"max-image-preview:large","max-video-preview":"max-video-preview:-1"},"canonical":"https:\/\/revistaautobus.com.br\/?p=9407","og_locale":"pt_BR","og_type":"article","og_title":"Renova\u00e7\u00e3o no oeste paulista - Revista AutoBus","og_description":"A Empresa Andorinha de Transportes ressalta a import\u00e2ncia de ter novos e modernos \u00f4nibus em suas opera\u00e7\u00f5es","og_url":"https:\/\/revistaautobus.com.br\/?p=9407","og_site_name":"Revista AutoBus","article_publisher":"https:\/\/www.facebook.com\/antonio.ferro.3150","article_published_time":"2023-07-21T17:05:10+00:00","article_modified_time":"2023-07-21T17:06:30+00:00","og_image":[{"width":1600,"height":1100,"url":"https:\/\/revistaautobus.com.br\/wp-content\/uploads\/2023\/07\/IMG-20230718-WA0022.jpg","type":"image\/jpeg"}],"author":"Antonio Ferro","twitter_card":"summary_large_image","twitter_misc":{"Escrito por":"Antonio Ferro","Est. tempo de leitura":"2 minutos"},"schema":{"@context":"https:\/\/schema.org","@graph":[{"@type":"Article","@id":"https:\/\/revistaautobus.com.br\/?p=9407#article","isPartOf":{"@id":"https:\/\/revistaautobus.com.br\/?p=9407"},"author":{"name":"Antonio Ferro","@id":"https:\/\/revistaautobus.com.br\/#\/schema\/person\/54af7c3eb83a310e42ef686ef6d16f50"},"headline":"Renova\u00e7\u00e3o no oeste paulista","datePublished":"2023-07-21T17:05:10+00:00","dateModified":"2023-07-21T17:06:30+00:00","mainEntityOfPage":{"@id":"https:\/\/revistaautobus.com.br\/?p=9407"},"wordCount":418,"commentCount":0,"publisher":{"@id":"https:\/\/revistaautobus.com.br\/#organization"},"image":{"@id":"https:\/\/revistaautobus.com.br\/?p=9407#primaryimage"},"thumbnailUrl":"https:\/\/revistaautobus.com.br\/wp-content\/uploads\/2023\/07\/IMG-20230718-WA0022.jpg","keywords":["Andorinha","Transportes Andorinha"],"articleSection":["Transporte rodovi\u00e1rio"],"inLanguage":"pt-BR","potentialAction":[{"@type":"CommentAction","name":"Comment","target":["https:\/\/revistaautobus.com.br\/?p=9407#respond"]}]},{"@type":"WebPage","@id":"https:\/\/revistaautobus.com.br\/?p=9407","url":"https:\/\/revistaautobus.com.br\/?p=9407","name":"Renova\u00e7\u00e3o no oeste paulista - Revista AutoBus","isPartOf":{"@id":"https:\/\/revistaautobus.com.br\/#website"},"primaryImageOfPage":{"@id":"https:\/\/revistaautobus.com.br\/?p=9407#primaryimage"},"image":{"@id":"https:\/\/revistaautobus.com.br\/?p=9407#primaryimage"},"thumbnailUrl":"https:\/\/revistaautobus.com.br\/wp-content\/uploads\/2023\/07\/IMG-20230718-WA0022.jpg","datePublished":"2023-07-21T17:05:10+00:00","dateModified":"2023-07-21T17:06:30+00:00","breadcrumb":{"@id":"https:\/\/revistaautobus.com.br\/?p=9407#breadcrumb"},"inLanguage":"pt-BR","potentialAction":[{"@type":"ReadAction","target":["https:\/\/revistaautobus.com.br\/?p=9407"]}]},{"@type":"ImageObject","inLanguage":"pt-BR","@id":"https:\/\/revistaautobus.com.br\/?p=9407#primaryimage","url":"https:\/\/revistaautobus.com.br\/wp-content\/uploads\/2023\/07\/IMG-20230718-WA0022.jpg","contentUrl":"https:\/\/revistaautobus.com.br\/wp-content\/uploads\/2023\/07\/IMG-20230718-WA0022.jpg","width":1600,"height":1100},{"@type":"BreadcrumbList","@id":"https:\/\/revistaautobus.com.br\/?p=9407#breadcrumb","itemListElement":[{"@type":"ListItem","position":1,"name":"In\u00edcio","item":"https:\/\/revistaautobus.com.br\/"},{"@type":"ListItem","position":2,"name":"Renova\u00e7\u00e3o no oeste paulista"}]},{"@type":"WebSite","@id":"https:\/\/revistaautobus.com.br\/#website","url":"https:\/\/revistaautobus.com.br\/","name":"Revista AutoBus","description":"","publisher":{"@id":"https:\/\/revistaautobus.com.br\/#organization"},"potentialAction":[{"@type":"SearchAction","target":{"@type":"EntryPoint","urlTemplate":"https:\/\/revistaautobus.com.br\/?s={search_term_string}"},"query-input":{"@type":"PropertyValueSpecification","valueRequired":true,"valueName":"search_term_string"}}],"inLanguage":"pt-BR"},{"@type":"Organization","@id":"https:\/\/revistaautobus.com.br\/#organization","name":"Revista AutoBus","url":"https:\/\/revistaautobus.com.br\/","logo":{"@type":"ImageObject","inLanguage":"pt-BR","@id":"https:\/\/revistaautobus.com.br\/#\/schema\/logo\/image\/","url":"https:\/\/revistaautobus.com.br\/wp-content\/uploads\/2024\/11\/logo_revista_autobus_fb.png","contentUrl":"https:\/\/revistaautobus.com.br\/wp-content\/uploads\/2024\/11\/logo_revista_autobus_fb.png","width":836,"height":227,"caption":"Revista AutoBus"},"image":{"@id":"https:\/\/revistaautobus.com.br\/#\/schema\/logo\/image\/"},"sameAs":["https:\/\/www.facebook.com\/antonio.ferro.3150","https:\/\/www.instagram.com\/revistaautobus\/"]},{"@type":"Person","@id":"https:\/\/revistaautobus.com.br\/#\/schema\/person\/54af7c3eb83a310e42ef686ef6d16f50","name":"Antonio Ferro","image":{"@type":"ImageObject","inLanguage":"pt-BR","@id":"https:\/\/revistaautobus.com.br\/wp-content\/uploads\/2025\/12\/editor_antonio_ferro-150x150.jpg","url":"https:\/\/revistaautobus.com.br\/wp-content\/uploads\/2025\/12\/editor_antonio_ferro-150x150.jpg","contentUrl":"https:\/\/revistaautobus.com.br\/wp-content\/uploads\/2025\/12\/editor_antonio_ferro-150x150.jpg","caption":"Antonio Ferro"},"description":"infobus@uol.com.br","url":"https:\/\/revistaautobus.com.br\/?author=2"}]}},"jetpack_featured_media_url":"https:\/\/revistaautobus.com.br\/wp-content\/uploads\/2023\/07\/IMG-20230718-WA0022.jpg","jetpack_sharing_enabled":true,"_links":{"self":[{"href":"https:\/\/revistaautobus.com.br\/index.php?rest_route=\/wp\/v2\/posts\/9407","targetHints":{"allow":["GET"]}}],"collection":[{"href":"https:\/\/revistaautobus.com.br\/index.php?rest_route=\/wp\/v2\/posts"}],"about":[{"href":"https:\/\/revistaautobus.com.br\/index.php?rest_route=\/wp\/v2\/types\/post"}],"author":[{"embeddable":true,"href":"https:\/\/revistaautobus.com.br\/index.php?rest_route=\/wp\/v2\/users\/2"}],"replies":[{"embeddable":true,"href":"https:\/\/revistaautobus.com.br\/index.php?rest_route=%2Fwp%2Fv2%2Fcomments&post=9407"}],"version-history":[{"count":4,"href":"https:\/\/revistaautobus.com.br\/index.php?rest_route=\/wp\/v2\/posts\/9407\/revisions"}],"predecessor-version":[{"id":9413,"href":"https:\/\/revistaautobus.com.br\/index.php?rest_route=\/wp\/v2\/posts\/9407\/revisions\/9413"}],"wp:featuredmedia":[{"embeddable":true,"href":"https:\/\/revistaautobus.com.br\/index.php?rest_route=\/wp\/v2\/media\/9408"}],"wp:attachment":[{"href":"https:\/\/revistaautobus.com.br\/index.php?rest_route=%2Fwp%2Fv2%2Fmedia&parent=9407"}],"wp:term":[{"taxonomy":"category","embeddable":true,"href":"https:\/\/revistaautobus.com.br\/index.php?rest_route=%2Fwp%2Fv2%2Fcategories&post=9407"},{"taxonomy":"post_tag","embeddable":true,"href":"https:\/\/revistaautobus.com.br\/index.php?rest_route=%2Fwp%2Fv2%2Ftags&post=9407"}],"curies":[{"name":"wp","href":"https:\/\/api.w.org\/{rel}","templated":true}]}}