{"id":9416,"date":"2023-07-24T09:31:12","date_gmt":"2023-07-24T12:31:12","guid":{"rendered":"https:\/\/revistaautobus.com.br\/?p=9416"},"modified":"2023-07-24T09:31:12","modified_gmt":"2023-07-24T12:31:12","slug":"meta-governamental-para-a-renovacao-da-frota","status":"publish","type":"post","link":"https:\/\/revistaautobus.com.br\/?p=9416","title":{"rendered":"Meta governamental para a renova\u00e7\u00e3o da frota"},"content":{"rendered":"<p>O apoio do Governo Federal \u00e0 ind\u00fastria automobil\u00edstica brasileira, por interm\u00e9dio da Medida Provis\u00f3ria n\u00b0 1.175, revela ser um instrumento p\u00fablico que n\u00e3o est\u00e1 ligado apenas \u00e0s vendas de ve\u00edculos, mas sim um mecanismo que visa retirar de ruas e estradas os modelos mais antigos, principalmente os caminh\u00f5es e \u00f4nibus. O programa governamental de renova\u00e7\u00e3o de frota estabelece uma maneira de se aplicar descontos para facilitar a compra de ve\u00edculos mais sustent\u00e1veis por aut\u00f4nomos e pessoas jur\u00eddicas.<\/p>\n<p>A primeira grande venda aconteceu h\u00e1 pouco tempo, com o an\u00fancio de uma operadora paulista que adquiriu 150 novos \u00f4nibus, sendo 110 da marca Mercedes-Benz. Ser\u00e3o 90 unidades do chassi urbano OF 1721, outros 20 chassis rodovi\u00e1rios O 500 RSD para as operadoras Suzantur e Via\u00e7\u00e3o Itapemirim, empresas do mesmo grupo. Roberto Leoncini, vice-presidente de Vendas &amp; Marketing Caminh\u00f5es e \u00d4nibus, comentou que esse \u00e9 um programa tempor\u00e1rio, com prazo determinado, mas importante em v\u00e1rios aspectos, sendo que, do ponto de vista ambiental, h\u00e1 o incentivo \u00e0s a\u00e7\u00f5es de descarboniza\u00e7\u00e3o. \u201cTeremos menos ve\u00edculos antigos e poluentes nas ruas, al\u00e9m da reciclagem e da economia circular, t\u00e3o vitais ao nosso planeta. Do ponto de vista social, a cada renova\u00e7\u00e3o de frota, garantimos mais seguran\u00e7a a quem est\u00e1 sendo transportado e a todos que est\u00e3o nas vias, al\u00e9m de promovermos melhores condi\u00e7\u00f5es de trabalho e de conforto aos operadores e aos usu\u00e1rios do transporte. E por fim, mas n\u00e3o menos importante, o benef\u00edcio econ\u00f4mico, porque essa medida \u00e9 fundamental para reestimular as vendas de caminh\u00f5es e \u00f4nibus no Brasil\u201d, explicou.<\/p>\n<p>De acordo com a montadora, os novos chassis trazem a tecnologia BlueTec 6, que atendem ao Proconve P8 (Euro VI), que consomem menos combust\u00edvel, emitem menos poluentes e s\u00e3o muito mais seguros e eficientes.<\/p>\n<p>A iniciativa quer movimentar o mercado do transporte, com investimentos em modelos de ve\u00edculos com menores \u00edndice de polui\u00e7\u00e3o. Walter Barbosa, diretor de Vendas e Marketing \u00d4nibus, disse que a Mercedes-Benz, como l\u00edder destacado e hist\u00f3rico nas vendas de \u00f4nibus no Brasil, tanto do segmento urbano quanto rodovi\u00e1rio, sempre apoia as iniciativas de renova\u00e7\u00e3o de frota. \u201cEstamos ao lado dos clientes para oferecer as melhores solu\u00e7\u00f5es, com o portf\u00f3lio mais completo, atendimento especializado a clientes do setor e servi\u00e7os dedicados. \u00d4nibus novos para a popula\u00e7\u00e3o do ABC Paulista, como para todas as cidades, resultam em benef\u00edcios ambientais, de mobilidade e de qualidade de vida no transporte\u201d, salientou o executivo.<\/p>\n<p>Imagem &#8211; Divulga\u00e7\u00e3o<\/p>\n","protected":false},"excerpt":{"rendered":"<p>Al\u00e9m da estrat\u00e9gia comercial, a meta ambiental \u00e9 um dos temas observados pelo incentivo \u00e0 venda de novos \u00f4nibus<\/p>\n","protected":false},"author":2,"featured_media":9417,"comment_status":"open","ping_status":"open","sticky":false,"template":"","format":"standard","meta":{"_et_pb_use_builder":"","_et_pb_old_content":"","_et_gb_content_width":"","_jetpack_memberships_contains_paid_content":false,"footnotes":""},"categories":[10,90],"tags":[17],"class_list":["post-9416","post","type-post","status-publish","format-standard","has-post-thumbnail","hentry","category-montadoras","category-noticias","tag-mercedes-benz","et-has-post-format-content","et_post_format-et-post-format-standard"],"yoast_head":"<!-- This site is optimized with the Yoast SEO plugin v27.2 - https:\/\/yoast.com\/product\/yoast-seo-wordpress\/ -->\n<title>Meta governamental para a renova\u00e7\u00e3o da frota - Revista AutoBus<\/title>\n<meta name=\"robots\" content=\"index, follow, max-snippet:-1, max-image-preview:large, max-video-preview:-1\" \/>\n<link rel=\"canonical\" href=\"https:\/\/revistaautobus.com.br\/?p=9416\" \/>\n<meta property=\"og:locale\" content=\"pt_BR\" \/>\n<meta property=\"og:type\" content=\"article\" \/>\n<meta property=\"og:title\" content=\"Meta governamental para a renova\u00e7\u00e3o da frota - Revista AutoBus\" \/>\n<meta property=\"og:description\" content=\"Al\u00e9m da estrat\u00e9gia comercial, a meta ambiental \u00e9 um dos temas observados pelo incentivo \u00e0 venda de novos \u00f4nibus\" \/>\n<meta property=\"og:url\" content=\"https:\/\/revistaautobus.com.br\/?p=9416\" \/>\n<meta property=\"og:site_name\" content=\"Revista AutoBus\" \/>\n<meta property=\"article:publisher\" content=\"https:\/\/www.facebook.com\/antonio.ferro.3150\" \/>\n<meta property=\"article:published_time\" content=\"2023-07-24T12:31:12+00:00\" \/>\n<meta property=\"og:image\" content=\"https:\/\/revistaautobus.com.br\/wp-content\/uploads\/2023\/07\/Mercedes-Benz-Onibus.jpeg\" \/>\n\t<meta property=\"og:image:width\" content=\"1000\" \/>\n\t<meta property=\"og:image:height\" content=\"666\" \/>\n\t<meta property=\"og:image:type\" content=\"image\/jpeg\" \/>\n<meta name=\"author\" content=\"Antonio Ferro\" \/>\n<meta name=\"twitter:card\" content=\"summary_large_image\" \/>\n<meta name=\"twitter:label1\" content=\"Escrito por\" \/>\n\t<meta name=\"twitter:data1\" content=\"Antonio Ferro\" \/>\n\t<meta name=\"twitter:label2\" content=\"Est. tempo de leitura\" \/>\n\t<meta name=\"twitter:data2\" content=\"2 minutos\" \/>\n<script type=\"application\/ld+json\" class=\"yoast-schema-graph\">{\"@context\":\"https:\/\/schema.org\",\"@graph\":[{\"@type\":\"Article\",\"@id\":\"https:\/\/revistaautobus.com.br\/?p=9416#article\",\"isPartOf\":{\"@id\":\"https:\/\/revistaautobus.com.br\/?p=9416\"},\"author\":{\"name\":\"Antonio Ferro\",\"@id\":\"https:\/\/revistaautobus.com.br\/#\/schema\/person\/54af7c3eb83a310e42ef686ef6d16f50\"},\"headline\":\"Meta governamental para a renova\u00e7\u00e3o da frota\",\"datePublished\":\"2023-07-24T12:31:12+00:00\",\"mainEntityOfPage\":{\"@id\":\"https:\/\/revistaautobus.com.br\/?p=9416\"},\"wordCount\":447,\"commentCount\":0,\"publisher\":{\"@id\":\"https:\/\/revistaautobus.com.br\/#organization\"},\"image\":{\"@id\":\"https:\/\/revistaautobus.com.br\/?p=9416#primaryimage\"},\"thumbnailUrl\":\"https:\/\/revistaautobus.com.br\/wp-content\/uploads\/2023\/07\/Mercedes-Benz-Onibus.jpeg\",\"keywords\":[\"mercedes-benz\"],\"articleSection\":[\"Montadoras\",\"Not\u00edcias\"],\"inLanguage\":\"pt-BR\",\"potentialAction\":[{\"@type\":\"CommentAction\",\"name\":\"Comment\",\"target\":[\"https:\/\/revistaautobus.com.br\/?p=9416#respond\"]}]},{\"@type\":\"WebPage\",\"@id\":\"https:\/\/revistaautobus.com.br\/?p=9416\",\"url\":\"https:\/\/revistaautobus.com.br\/?p=9416\",\"name\":\"Meta governamental para a renova\u00e7\u00e3o da frota - Revista AutoBus\",\"isPartOf\":{\"@id\":\"https:\/\/revistaautobus.com.br\/#website\"},\"primaryImageOfPage\":{\"@id\":\"https:\/\/revistaautobus.com.br\/?p=9416#primaryimage\"},\"image\":{\"@id\":\"https:\/\/revistaautobus.com.br\/?p=9416#primaryimage\"},\"thumbnailUrl\":\"https:\/\/revistaautobus.com.br\/wp-content\/uploads\/2023\/07\/Mercedes-Benz-Onibus.jpeg\",\"datePublished\":\"2023-07-24T12:31:12+00:00\",\"breadcrumb\":{\"@id\":\"https:\/\/revistaautobus.com.br\/?p=9416#breadcrumb\"},\"inLanguage\":\"pt-BR\",\"potentialAction\":[{\"@type\":\"ReadAction\",\"target\":[\"https:\/\/revistaautobus.com.br\/?p=9416\"]}]},{\"@type\":\"ImageObject\",\"inLanguage\":\"pt-BR\",\"@id\":\"https:\/\/revistaautobus.com.br\/?p=9416#primaryimage\",\"url\":\"https:\/\/revistaautobus.com.br\/wp-content\/uploads\/2023\/07\/Mercedes-Benz-Onibus.jpeg\",\"contentUrl\":\"https:\/\/revistaautobus.com.br\/wp-content\/uploads\/2023\/07\/Mercedes-Benz-Onibus.jpeg\",\"width\":1000,\"height\":666},{\"@type\":\"BreadcrumbList\",\"@id\":\"https:\/\/revistaautobus.com.br\/?p=9416#breadcrumb\",\"itemListElement\":[{\"@type\":\"ListItem\",\"position\":1,\"name\":\"In\u00edcio\",\"item\":\"https:\/\/revistaautobus.com.br\/\"},{\"@type\":\"ListItem\",\"position\":2,\"name\":\"Meta governamental para a renova\u00e7\u00e3o da frota\"}]},{\"@type\":\"WebSite\",\"@id\":\"https:\/\/revistaautobus.com.br\/#website\",\"url\":\"https:\/\/revistaautobus.com.br\/\",\"name\":\"Revista AutoBus\",\"description\":\"\",\"publisher\":{\"@id\":\"https:\/\/revistaautobus.com.br\/#organization\"},\"potentialAction\":[{\"@type\":\"SearchAction\",\"target\":{\"@type\":\"EntryPoint\",\"urlTemplate\":\"https:\/\/revistaautobus.com.br\/?s={search_term_string}\"},\"query-input\":{\"@type\":\"PropertyValueSpecification\",\"valueRequired\":true,\"valueName\":\"search_term_string\"}}],\"inLanguage\":\"pt-BR\"},{\"@type\":\"Organization\",\"@id\":\"https:\/\/revistaautobus.com.br\/#organization\",\"name\":\"Revista AutoBus\",\"url\":\"https:\/\/revistaautobus.com.br\/\",\"logo\":{\"@type\":\"ImageObject\",\"inLanguage\":\"pt-BR\",\"@id\":\"https:\/\/revistaautobus.com.br\/#\/schema\/logo\/image\/\",\"url\":\"https:\/\/revistaautobus.com.br\/wp-content\/uploads\/2024\/11\/logo_revista_autobus_fb.png\",\"contentUrl\":\"https:\/\/revistaautobus.com.br\/wp-content\/uploads\/2024\/11\/logo_revista_autobus_fb.png\",\"width\":836,\"height\":227,\"caption\":\"Revista AutoBus\"},\"image\":{\"@id\":\"https:\/\/revistaautobus.com.br\/#\/schema\/logo\/image\/\"},\"sameAs\":[\"https:\/\/www.facebook.com\/antonio.ferro.3150\",\"https:\/\/www.instagram.com\/revistaautobus\/\"]},{\"@type\":\"Person\",\"@id\":\"https:\/\/revistaautobus.com.br\/#\/schema\/person\/54af7c3eb83a310e42ef686ef6d16f50\",\"name\":\"Antonio Ferro\",\"image\":{\"@type\":\"ImageObject\",\"inLanguage\":\"pt-BR\",\"@id\":\"https:\/\/revistaautobus.com.br\/wp-content\/uploads\/2025\/12\/editor_antonio_ferro-150x150.jpg\",\"url\":\"https:\/\/revistaautobus.com.br\/wp-content\/uploads\/2025\/12\/editor_antonio_ferro-150x150.jpg\",\"contentUrl\":\"https:\/\/revistaautobus.com.br\/wp-content\/uploads\/2025\/12\/editor_antonio_ferro-150x150.jpg\",\"caption\":\"Antonio Ferro\"},\"description\":\"infobus@uol.com.br\",\"url\":\"https:\/\/revistaautobus.com.br\/?author=2\"}]}<\/script>\n<!-- \/ Yoast SEO plugin. -->","yoast_head_json":{"title":"Meta governamental para a renova\u00e7\u00e3o da frota - Revista AutoBus","robots":{"index":"index","follow":"follow","max-snippet":"max-snippet:-1","max-image-preview":"max-image-preview:large","max-video-preview":"max-video-preview:-1"},"canonical":"https:\/\/revistaautobus.com.br\/?p=9416","og_locale":"pt_BR","og_type":"article","og_title":"Meta governamental para a renova\u00e7\u00e3o da frota - Revista AutoBus","og_description":"Al\u00e9m da estrat\u00e9gia comercial, a meta ambiental \u00e9 um dos temas observados pelo incentivo \u00e0 venda de novos \u00f4nibus","og_url":"https:\/\/revistaautobus.com.br\/?p=9416","og_site_name":"Revista AutoBus","article_publisher":"https:\/\/www.facebook.com\/antonio.ferro.3150","article_published_time":"2023-07-24T12:31:12+00:00","og_image":[{"width":1000,"height":666,"url":"https:\/\/revistaautobus.com.br\/wp-content\/uploads\/2023\/07\/Mercedes-Benz-Onibus.jpeg","type":"image\/jpeg"}],"author":"Antonio Ferro","twitter_card":"summary_large_image","twitter_misc":{"Escrito por":"Antonio Ferro","Est. tempo de leitura":"2 minutos"},"schema":{"@context":"https:\/\/schema.org","@graph":[{"@type":"Article","@id":"https:\/\/revistaautobus.com.br\/?p=9416#article","isPartOf":{"@id":"https:\/\/revistaautobus.com.br\/?p=9416"},"author":{"name":"Antonio Ferro","@id":"https:\/\/revistaautobus.com.br\/#\/schema\/person\/54af7c3eb83a310e42ef686ef6d16f50"},"headline":"Meta governamental para a renova\u00e7\u00e3o da frota","datePublished":"2023-07-24T12:31:12+00:00","mainEntityOfPage":{"@id":"https:\/\/revistaautobus.com.br\/?p=9416"},"wordCount":447,"commentCount":0,"publisher":{"@id":"https:\/\/revistaautobus.com.br\/#organization"},"image":{"@id":"https:\/\/revistaautobus.com.br\/?p=9416#primaryimage"},"thumbnailUrl":"https:\/\/revistaautobus.com.br\/wp-content\/uploads\/2023\/07\/Mercedes-Benz-Onibus.jpeg","keywords":["mercedes-benz"],"articleSection":["Montadoras","Not\u00edcias"],"inLanguage":"pt-BR","potentialAction":[{"@type":"CommentAction","name":"Comment","target":["https:\/\/revistaautobus.com.br\/?p=9416#respond"]}]},{"@type":"WebPage","@id":"https:\/\/revistaautobus.com.br\/?p=9416","url":"https:\/\/revistaautobus.com.br\/?p=9416","name":"Meta governamental para a renova\u00e7\u00e3o da frota - Revista AutoBus","isPartOf":{"@id":"https:\/\/revistaautobus.com.br\/#website"},"primaryImageOfPage":{"@id":"https:\/\/revistaautobus.com.br\/?p=9416#primaryimage"},"image":{"@id":"https:\/\/revistaautobus.com.br\/?p=9416#primaryimage"},"thumbnailUrl":"https:\/\/revistaautobus.com.br\/wp-content\/uploads\/2023\/07\/Mercedes-Benz-Onibus.jpeg","datePublished":"2023-07-24T12:31:12+00:00","breadcrumb":{"@id":"https:\/\/revistaautobus.com.br\/?p=9416#breadcrumb"},"inLanguage":"pt-BR","potentialAction":[{"@type":"ReadAction","target":["https:\/\/revistaautobus.com.br\/?p=9416"]}]},{"@type":"ImageObject","inLanguage":"pt-BR","@id":"https:\/\/revistaautobus.com.br\/?p=9416#primaryimage","url":"https:\/\/revistaautobus.com.br\/wp-content\/uploads\/2023\/07\/Mercedes-Benz-Onibus.jpeg","contentUrl":"https:\/\/revistaautobus.com.br\/wp-content\/uploads\/2023\/07\/Mercedes-Benz-Onibus.jpeg","width":1000,"height":666},{"@type":"BreadcrumbList","@id":"https:\/\/revistaautobus.com.br\/?p=9416#breadcrumb","itemListElement":[{"@type":"ListItem","position":1,"name":"In\u00edcio","item":"https:\/\/revistaautobus.com.br\/"},{"@type":"ListItem","position":2,"name":"Meta governamental para a renova\u00e7\u00e3o da frota"}]},{"@type":"WebSite","@id":"https:\/\/revistaautobus.com.br\/#website","url":"https:\/\/revistaautobus.com.br\/","name":"Revista AutoBus","description":"","publisher":{"@id":"https:\/\/revistaautobus.com.br\/#organization"},"potentialAction":[{"@type":"SearchAction","target":{"@type":"EntryPoint","urlTemplate":"https:\/\/revistaautobus.com.br\/?s={search_term_string}"},"query-input":{"@type":"PropertyValueSpecification","valueRequired":true,"valueName":"search_term_string"}}],"inLanguage":"pt-BR"},{"@type":"Organization","@id":"https:\/\/revistaautobus.com.br\/#organization","name":"Revista AutoBus","url":"https:\/\/revistaautobus.com.br\/","logo":{"@type":"ImageObject","inLanguage":"pt-BR","@id":"https:\/\/revistaautobus.com.br\/#\/schema\/logo\/image\/","url":"https:\/\/revistaautobus.com.br\/wp-content\/uploads\/2024\/11\/logo_revista_autobus_fb.png","contentUrl":"https:\/\/revistaautobus.com.br\/wp-content\/uploads\/2024\/11\/logo_revista_autobus_fb.png","width":836,"height":227,"caption":"Revista AutoBus"},"image":{"@id":"https:\/\/revistaautobus.com.br\/#\/schema\/logo\/image\/"},"sameAs":["https:\/\/www.facebook.com\/antonio.ferro.3150","https:\/\/www.instagram.com\/revistaautobus\/"]},{"@type":"Person","@id":"https:\/\/revistaautobus.com.br\/#\/schema\/person\/54af7c3eb83a310e42ef686ef6d16f50","name":"Antonio Ferro","image":{"@type":"ImageObject","inLanguage":"pt-BR","@id":"https:\/\/revistaautobus.com.br\/wp-content\/uploads\/2025\/12\/editor_antonio_ferro-150x150.jpg","url":"https:\/\/revistaautobus.com.br\/wp-content\/uploads\/2025\/12\/editor_antonio_ferro-150x150.jpg","contentUrl":"https:\/\/revistaautobus.com.br\/wp-content\/uploads\/2025\/12\/editor_antonio_ferro-150x150.jpg","caption":"Antonio Ferro"},"description":"infobus@uol.com.br","url":"https:\/\/revistaautobus.com.br\/?author=2"}]}},"jetpack_featured_media_url":"https:\/\/revistaautobus.com.br\/wp-content\/uploads\/2023\/07\/Mercedes-Benz-Onibus.jpeg","jetpack_sharing_enabled":true,"_links":{"self":[{"href":"https:\/\/revistaautobus.com.br\/index.php?rest_route=\/wp\/v2\/posts\/9416","targetHints":{"allow":["GET"]}}],"collection":[{"href":"https:\/\/revistaautobus.com.br\/index.php?rest_route=\/wp\/v2\/posts"}],"about":[{"href":"https:\/\/revistaautobus.com.br\/index.php?rest_route=\/wp\/v2\/types\/post"}],"author":[{"embeddable":true,"href":"https:\/\/revistaautobus.com.br\/index.php?rest_route=\/wp\/v2\/users\/2"}],"replies":[{"embeddable":true,"href":"https:\/\/revistaautobus.com.br\/index.php?rest_route=%2Fwp%2Fv2%2Fcomments&post=9416"}],"version-history":[{"count":3,"href":"https:\/\/revistaautobus.com.br\/index.php?rest_route=\/wp\/v2\/posts\/9416\/revisions"}],"predecessor-version":[{"id":9420,"href":"https:\/\/revistaautobus.com.br\/index.php?rest_route=\/wp\/v2\/posts\/9416\/revisions\/9420"}],"wp:featuredmedia":[{"embeddable":true,"href":"https:\/\/revistaautobus.com.br\/index.php?rest_route=\/wp\/v2\/media\/9417"}],"wp:attachment":[{"href":"https:\/\/revistaautobus.com.br\/index.php?rest_route=%2Fwp%2Fv2%2Fmedia&parent=9416"}],"wp:term":[{"taxonomy":"category","embeddable":true,"href":"https:\/\/revistaautobus.com.br\/index.php?rest_route=%2Fwp%2Fv2%2Fcategories&post=9416"},{"taxonomy":"post_tag","embeddable":true,"href":"https:\/\/revistaautobus.com.br\/index.php?rest_route=%2Fwp%2Fv2%2Ftags&post=9416"}],"curies":[{"name":"wp","href":"https:\/\/api.w.org\/{rel}","templated":true}]}}