{"id":9421,"date":"2023-07-26T11:01:19","date_gmt":"2023-07-26T14:01:19","guid":{"rendered":"https:\/\/revistaautobus.com.br\/?p=9421"},"modified":"2023-07-26T11:01:19","modified_gmt":"2023-07-26T14:01:19","slug":"nas-alturas-com-um-possante-motor","status":"publish","type":"post","link":"https:\/\/revistaautobus.com.br\/?p=9421","title":{"rendered":"Nas alturas, com um possante motor"},"content":{"rendered":"<p>Com uma vis\u00e3o de neg\u00f3cios que objetiva o protagonismo, a Mercedes-Benz reafirmou, recentemente, a sua estrat\u00e9gia de oferecer produtos adequados com as demandas de seus mercados latino-americanos, que v\u00e3o da Guatemala at\u00e9 o Chile, excluindo a Argentina e o M\u00e9xico. Para isso, ressalta em seus chassis estradeiros da linha O500 a maior pot\u00eancia e os novos recursos tecnol\u00f3gicos, visando a aplica\u00e7\u00e3o severa em \u00e1reas andinas, principalmente.<\/p>\n<p>Seus dois modelos, O 500 RSD 2448 (6&#215;2) e O 500 RS 1945 (4&#215;2), possuem motoriza\u00e7\u00e3o OM 460 LA (Euro V), 13 litros, com 478 cv e 448 cv, respectivamente, e s\u00e3o equipados com itens de avan\u00e7ada tecnologia de seguran\u00e7a, como o ABA 5 (recurso que interv\u00e9m em caso de colis\u00e3o iminente com ve\u00edculos em movimento ou parados na via, al\u00e9m de reconhecer ciclistas e pedestres), assistente de ponto cego (SGA) e LDWS, leitor de faixa.<\/p>\n<p>Mauricio Yamamoto, gerente S\u00eanior de Vendas e P\u00f3s-Vendas e Atendimento Cliente \u00d4nibus da Daimler Latina, comentou que os respectivos chassis O500 receberam uma s\u00e9rie de inova\u00e7\u00f5es para que possa operar nas alturas, em condi\u00e7\u00f5es que ultrapassam quatro mil metros de altitude. \u201cEspecificamos um tipo de produto robusto para os desafios e aplica\u00e7\u00f5es severas, tendo um bom desempenho em estradas localizadas em altitudes bem elevadas, com tra\u00e7ados que n\u00e3o apresentam boas condi\u00e7\u00f5es de uso. Posso afirmar que os chassis tamb\u00e9m promovem o menor custo operacional da categoria\u201d, ressaltou.<\/p>\n<p>Os modelos foram testados nas mais rigorosas condi\u00e7\u00f5es de altitude e temperatura no Brasil, Peru, Chile e M\u00e9xico. Augusto Fran\u00e7a, gerente de Vendas e Exporta\u00e7\u00e3o da Daimler Latina, observou que todas as tecnologias de seguran\u00e7a, agora presentes nas vers\u00f5es Euro VI, foram incorporadas nos dois chassis a fim de promover viagens eficientes. \u201cQueremos adequar as nossas tecnologias com as vers\u00f5es estipuladas em cada mercado. Assim, tamb\u00e9m teremos os mencionados chassis com motoriza\u00e7\u00e3o Euro III, que ainda est\u00e1 em vig\u00eancia em alguns pa\u00edses da Am\u00e9rica Latina\u201d, lembrou.<\/p>\n<p>A estrutura do motor OM 460 \u00e9 a mesma, nas vers\u00f5es Euro III, V ou VI. O que muda \u00e9 a arquitetura eletr\u00f4nica de cada uma e o sistema de p\u00f3s-tratamento das emiss\u00f5es.<\/p>\n<p>Outro detalhe destacado por Fran\u00e7a foi a presen\u00e7a da caixa de transmiss\u00e3o automatizada ZF Traxon com 12 marchas, com<em> Over Drive <\/em>e <em>Direct Drive<\/em>, e com possibilidade de receber <em>Intarder,<\/em> sistema de freio auxiliar <em>Retarder<\/em>. \u201cPor poder operar em rodovias com longas rotas constantes de subida e descida, \u00e9 poss\u00edvel obter economia de combust\u00edvel e desempenho, com troca de marchas mais suaves e corretas\u201d, disse.<\/p>\n<p>Nos diversos testes promovidos pela montadora, em muitas e diversificadas rotas, obteve-se, com os chassis, uma economia de combust\u00edvel que pode chegar a 10%, desde que respeitada a opera\u00e7\u00e3o segura e eficiente. \u201cA combina\u00e7\u00e3o e a otimiza\u00e7\u00e3o das tecnologias do motor e da caixa de transmiss\u00e3o foram fundamentais para se alcan\u00e7ar essa economia. Fizemos a adequa\u00e7\u00e3o de diversos componentes que resultam nessa vantagem econ\u00f4mica, bem como introduzimos um gerenciamento eletr\u00f4nico da caixa e do propulsor\u201d, explicou Mauricio Yamamoto.<\/p>\n<p>Em condi\u00e7\u00f5es de grandes altitudes, h\u00e1 a quest\u00e3o do ar rarefeito, que reduz a pot\u00eancia dos propulsores em torno de 10% a cada mil metros, a partir dos dois mil metros de altura. Na medida em que h\u00e1 uma falta de oxigena\u00e7\u00e3o, a parametriza\u00e7\u00e3o do motor atua, dispondo de pot\u00eancia suficiente para que alcance o seu desempenho.<\/p>\n<p>Imagem &#8211; Divulga\u00e7\u00e3o<\/p>\n","protected":false},"excerpt":{"rendered":"<p>Nos diversos testes promovidos pela montadora, em muitas e diversificadas rotas, obteve-se, com os chassis, uma economia de combust\u00edvel que pode chegar a 10%, desde que respeitada a opera\u00e7\u00e3o segura e eficiente<\/p>\n","protected":false},"author":2,"featured_media":9422,"comment_status":"open","ping_status":"open","sticky":false,"template":"","format":"standard","meta":{"_et_pb_use_builder":"","_et_pb_old_content":"","_et_gb_content_width":"","_jetpack_memberships_contains_paid_content":false,"footnotes":""},"categories":[53,10],"tags":[17,125],"class_list":["post-9421","post","type-post","status-publish","format-standard","has-post-thumbnail","hentry","category-internacional","category-montadoras","tag-mercedes-benz","tag-mercedes-benz-onibus","et-has-post-format-content","et_post_format-et-post-format-standard"],"yoast_head":"<!-- This site is optimized with the Yoast SEO plugin v27.2 - https:\/\/yoast.com\/product\/yoast-seo-wordpress\/ -->\n<title>Nas alturas, com um possante motor - Revista AutoBus<\/title>\n<meta name=\"robots\" content=\"index, follow, max-snippet:-1, max-image-preview:large, max-video-preview:-1\" \/>\n<link rel=\"canonical\" href=\"https:\/\/revistaautobus.com.br\/?p=9421\" \/>\n<meta property=\"og:locale\" content=\"pt_BR\" \/>\n<meta property=\"og:type\" content=\"article\" \/>\n<meta property=\"og:title\" content=\"Nas alturas, com um possante motor - Revista AutoBus\" \/>\n<meta property=\"og:description\" content=\"Nos diversos testes promovidos pela montadora, em muitas e diversificadas rotas, obteve-se, com os chassis, uma economia de combust\u00edvel que pode chegar a 10%, desde que respeitada a opera\u00e7\u00e3o segura e eficiente\" \/>\n<meta property=\"og:url\" content=\"https:\/\/revistaautobus.com.br\/?p=9421\" \/>\n<meta property=\"og:site_name\" content=\"Revista AutoBus\" \/>\n<meta property=\"article:publisher\" content=\"https:\/\/www.facebook.com\/antonio.ferro.3150\" \/>\n<meta property=\"article:published_time\" content=\"2023-07-26T14:01:19+00:00\" \/>\n<meta property=\"og:image\" content=\"https:\/\/revistaautobus.com.br\/wp-content\/uploads\/2023\/07\/IMG-20230713-WA0080.jpg\" \/>\n\t<meta property=\"og:image:width\" content=\"1600\" \/>\n\t<meta property=\"og:image:height\" content=\"1066\" \/>\n\t<meta property=\"og:image:type\" content=\"image\/jpeg\" \/>\n<meta name=\"author\" content=\"Antonio Ferro\" \/>\n<meta name=\"twitter:card\" content=\"summary_large_image\" \/>\n<meta name=\"twitter:label1\" content=\"Escrito por\" \/>\n\t<meta name=\"twitter:data1\" content=\"Antonio Ferro\" \/>\n\t<meta name=\"twitter:label2\" content=\"Est. tempo de leitura\" \/>\n\t<meta name=\"twitter:data2\" content=\"3 minutos\" \/>\n<script type=\"application\/ld+json\" class=\"yoast-schema-graph\">{\"@context\":\"https:\/\/schema.org\",\"@graph\":[{\"@type\":\"Article\",\"@id\":\"https:\/\/revistaautobus.com.br\/?p=9421#article\",\"isPartOf\":{\"@id\":\"https:\/\/revistaautobus.com.br\/?p=9421\"},\"author\":{\"name\":\"Antonio Ferro\",\"@id\":\"https:\/\/revistaautobus.com.br\/#\/schema\/person\/54af7c3eb83a310e42ef686ef6d16f50\"},\"headline\":\"Nas alturas, com um possante motor\",\"datePublished\":\"2023-07-26T14:01:19+00:00\",\"mainEntityOfPage\":{\"@id\":\"https:\/\/revistaautobus.com.br\/?p=9421\"},\"wordCount\":604,\"commentCount\":0,\"publisher\":{\"@id\":\"https:\/\/revistaautobus.com.br\/#organization\"},\"image\":{\"@id\":\"https:\/\/revistaautobus.com.br\/?p=9421#primaryimage\"},\"thumbnailUrl\":\"https:\/\/revistaautobus.com.br\/wp-content\/uploads\/2023\/07\/IMG-20230713-WA0080.jpg\",\"keywords\":[\"mercedes-benz\",\"mercedes-benz \u00f4nibus\"],\"articleSection\":[\"Internacional\",\"Montadoras\"],\"inLanguage\":\"pt-BR\",\"potentialAction\":[{\"@type\":\"CommentAction\",\"name\":\"Comment\",\"target\":[\"https:\/\/revistaautobus.com.br\/?p=9421#respond\"]}]},{\"@type\":\"WebPage\",\"@id\":\"https:\/\/revistaautobus.com.br\/?p=9421\",\"url\":\"https:\/\/revistaautobus.com.br\/?p=9421\",\"name\":\"Nas alturas, com um possante motor - Revista AutoBus\",\"isPartOf\":{\"@id\":\"https:\/\/revistaautobus.com.br\/#website\"},\"primaryImageOfPage\":{\"@id\":\"https:\/\/revistaautobus.com.br\/?p=9421#primaryimage\"},\"image\":{\"@id\":\"https:\/\/revistaautobus.com.br\/?p=9421#primaryimage\"},\"thumbnailUrl\":\"https:\/\/revistaautobus.com.br\/wp-content\/uploads\/2023\/07\/IMG-20230713-WA0080.jpg\",\"datePublished\":\"2023-07-26T14:01:19+00:00\",\"breadcrumb\":{\"@id\":\"https:\/\/revistaautobus.com.br\/?p=9421#breadcrumb\"},\"inLanguage\":\"pt-BR\",\"potentialAction\":[{\"@type\":\"ReadAction\",\"target\":[\"https:\/\/revistaautobus.com.br\/?p=9421\"]}]},{\"@type\":\"ImageObject\",\"inLanguage\":\"pt-BR\",\"@id\":\"https:\/\/revistaautobus.com.br\/?p=9421#primaryimage\",\"url\":\"https:\/\/revistaautobus.com.br\/wp-content\/uploads\/2023\/07\/IMG-20230713-WA0080.jpg\",\"contentUrl\":\"https:\/\/revistaautobus.com.br\/wp-content\/uploads\/2023\/07\/IMG-20230713-WA0080.jpg\",\"width\":1600,\"height\":1066},{\"@type\":\"BreadcrumbList\",\"@id\":\"https:\/\/revistaautobus.com.br\/?p=9421#breadcrumb\",\"itemListElement\":[{\"@type\":\"ListItem\",\"position\":1,\"name\":\"In\u00edcio\",\"item\":\"https:\/\/revistaautobus.com.br\/\"},{\"@type\":\"ListItem\",\"position\":2,\"name\":\"Nas alturas, com um possante motor\"}]},{\"@type\":\"WebSite\",\"@id\":\"https:\/\/revistaautobus.com.br\/#website\",\"url\":\"https:\/\/revistaautobus.com.br\/\",\"name\":\"Revista AutoBus\",\"description\":\"\",\"publisher\":{\"@id\":\"https:\/\/revistaautobus.com.br\/#organization\"},\"potentialAction\":[{\"@type\":\"SearchAction\",\"target\":{\"@type\":\"EntryPoint\",\"urlTemplate\":\"https:\/\/revistaautobus.com.br\/?s={search_term_string}\"},\"query-input\":{\"@type\":\"PropertyValueSpecification\",\"valueRequired\":true,\"valueName\":\"search_term_string\"}}],\"inLanguage\":\"pt-BR\"},{\"@type\":\"Organization\",\"@id\":\"https:\/\/revistaautobus.com.br\/#organization\",\"name\":\"Revista AutoBus\",\"url\":\"https:\/\/revistaautobus.com.br\/\",\"logo\":{\"@type\":\"ImageObject\",\"inLanguage\":\"pt-BR\",\"@id\":\"https:\/\/revistaautobus.com.br\/#\/schema\/logo\/image\/\",\"url\":\"https:\/\/revistaautobus.com.br\/wp-content\/uploads\/2024\/11\/logo_revista_autobus_fb.png\",\"contentUrl\":\"https:\/\/revistaautobus.com.br\/wp-content\/uploads\/2024\/11\/logo_revista_autobus_fb.png\",\"width\":836,\"height\":227,\"caption\":\"Revista AutoBus\"},\"image\":{\"@id\":\"https:\/\/revistaautobus.com.br\/#\/schema\/logo\/image\/\"},\"sameAs\":[\"https:\/\/www.facebook.com\/antonio.ferro.3150\",\"https:\/\/www.instagram.com\/revistaautobus\/\"]},{\"@type\":\"Person\",\"@id\":\"https:\/\/revistaautobus.com.br\/#\/schema\/person\/54af7c3eb83a310e42ef686ef6d16f50\",\"name\":\"Antonio Ferro\",\"image\":{\"@type\":\"ImageObject\",\"inLanguage\":\"pt-BR\",\"@id\":\"https:\/\/revistaautobus.com.br\/wp-content\/uploads\/2025\/12\/editor_antonio_ferro-150x150.jpg\",\"url\":\"https:\/\/revistaautobus.com.br\/wp-content\/uploads\/2025\/12\/editor_antonio_ferro-150x150.jpg\",\"contentUrl\":\"https:\/\/revistaautobus.com.br\/wp-content\/uploads\/2025\/12\/editor_antonio_ferro-150x150.jpg\",\"caption\":\"Antonio Ferro\"},\"description\":\"infobus@uol.com.br\",\"url\":\"https:\/\/revistaautobus.com.br\/?author=2\"}]}<\/script>\n<!-- \/ Yoast SEO plugin. -->","yoast_head_json":{"title":"Nas alturas, com um possante motor - Revista AutoBus","robots":{"index":"index","follow":"follow","max-snippet":"max-snippet:-1","max-image-preview":"max-image-preview:large","max-video-preview":"max-video-preview:-1"},"canonical":"https:\/\/revistaautobus.com.br\/?p=9421","og_locale":"pt_BR","og_type":"article","og_title":"Nas alturas, com um possante motor - Revista AutoBus","og_description":"Nos diversos testes promovidos pela montadora, em muitas e diversificadas rotas, obteve-se, com os chassis, uma economia de combust\u00edvel que pode chegar a 10%, desde que respeitada a opera\u00e7\u00e3o segura e eficiente","og_url":"https:\/\/revistaautobus.com.br\/?p=9421","og_site_name":"Revista AutoBus","article_publisher":"https:\/\/www.facebook.com\/antonio.ferro.3150","article_published_time":"2023-07-26T14:01:19+00:00","og_image":[{"width":1600,"height":1066,"url":"https:\/\/revistaautobus.com.br\/wp-content\/uploads\/2023\/07\/IMG-20230713-WA0080.jpg","type":"image\/jpeg"}],"author":"Antonio Ferro","twitter_card":"summary_large_image","twitter_misc":{"Escrito por":"Antonio Ferro","Est. tempo de leitura":"3 minutos"},"schema":{"@context":"https:\/\/schema.org","@graph":[{"@type":"Article","@id":"https:\/\/revistaautobus.com.br\/?p=9421#article","isPartOf":{"@id":"https:\/\/revistaautobus.com.br\/?p=9421"},"author":{"name":"Antonio Ferro","@id":"https:\/\/revistaautobus.com.br\/#\/schema\/person\/54af7c3eb83a310e42ef686ef6d16f50"},"headline":"Nas alturas, com um possante motor","datePublished":"2023-07-26T14:01:19+00:00","mainEntityOfPage":{"@id":"https:\/\/revistaautobus.com.br\/?p=9421"},"wordCount":604,"commentCount":0,"publisher":{"@id":"https:\/\/revistaautobus.com.br\/#organization"},"image":{"@id":"https:\/\/revistaautobus.com.br\/?p=9421#primaryimage"},"thumbnailUrl":"https:\/\/revistaautobus.com.br\/wp-content\/uploads\/2023\/07\/IMG-20230713-WA0080.jpg","keywords":["mercedes-benz","mercedes-benz \u00f4nibus"],"articleSection":["Internacional","Montadoras"],"inLanguage":"pt-BR","potentialAction":[{"@type":"CommentAction","name":"Comment","target":["https:\/\/revistaautobus.com.br\/?p=9421#respond"]}]},{"@type":"WebPage","@id":"https:\/\/revistaautobus.com.br\/?p=9421","url":"https:\/\/revistaautobus.com.br\/?p=9421","name":"Nas alturas, com um possante motor - Revista AutoBus","isPartOf":{"@id":"https:\/\/revistaautobus.com.br\/#website"},"primaryImageOfPage":{"@id":"https:\/\/revistaautobus.com.br\/?p=9421#primaryimage"},"image":{"@id":"https:\/\/revistaautobus.com.br\/?p=9421#primaryimage"},"thumbnailUrl":"https:\/\/revistaautobus.com.br\/wp-content\/uploads\/2023\/07\/IMG-20230713-WA0080.jpg","datePublished":"2023-07-26T14:01:19+00:00","breadcrumb":{"@id":"https:\/\/revistaautobus.com.br\/?p=9421#breadcrumb"},"inLanguage":"pt-BR","potentialAction":[{"@type":"ReadAction","target":["https:\/\/revistaautobus.com.br\/?p=9421"]}]},{"@type":"ImageObject","inLanguage":"pt-BR","@id":"https:\/\/revistaautobus.com.br\/?p=9421#primaryimage","url":"https:\/\/revistaautobus.com.br\/wp-content\/uploads\/2023\/07\/IMG-20230713-WA0080.jpg","contentUrl":"https:\/\/revistaautobus.com.br\/wp-content\/uploads\/2023\/07\/IMG-20230713-WA0080.jpg","width":1600,"height":1066},{"@type":"BreadcrumbList","@id":"https:\/\/revistaautobus.com.br\/?p=9421#breadcrumb","itemListElement":[{"@type":"ListItem","position":1,"name":"In\u00edcio","item":"https:\/\/revistaautobus.com.br\/"},{"@type":"ListItem","position":2,"name":"Nas alturas, com um possante motor"}]},{"@type":"WebSite","@id":"https:\/\/revistaautobus.com.br\/#website","url":"https:\/\/revistaautobus.com.br\/","name":"Revista AutoBus","description":"","publisher":{"@id":"https:\/\/revistaautobus.com.br\/#organization"},"potentialAction":[{"@type":"SearchAction","target":{"@type":"EntryPoint","urlTemplate":"https:\/\/revistaautobus.com.br\/?s={search_term_string}"},"query-input":{"@type":"PropertyValueSpecification","valueRequired":true,"valueName":"search_term_string"}}],"inLanguage":"pt-BR"},{"@type":"Organization","@id":"https:\/\/revistaautobus.com.br\/#organization","name":"Revista AutoBus","url":"https:\/\/revistaautobus.com.br\/","logo":{"@type":"ImageObject","inLanguage":"pt-BR","@id":"https:\/\/revistaautobus.com.br\/#\/schema\/logo\/image\/","url":"https:\/\/revistaautobus.com.br\/wp-content\/uploads\/2024\/11\/logo_revista_autobus_fb.png","contentUrl":"https:\/\/revistaautobus.com.br\/wp-content\/uploads\/2024\/11\/logo_revista_autobus_fb.png","width":836,"height":227,"caption":"Revista AutoBus"},"image":{"@id":"https:\/\/revistaautobus.com.br\/#\/schema\/logo\/image\/"},"sameAs":["https:\/\/www.facebook.com\/antonio.ferro.3150","https:\/\/www.instagram.com\/revistaautobus\/"]},{"@type":"Person","@id":"https:\/\/revistaautobus.com.br\/#\/schema\/person\/54af7c3eb83a310e42ef686ef6d16f50","name":"Antonio Ferro","image":{"@type":"ImageObject","inLanguage":"pt-BR","@id":"https:\/\/revistaautobus.com.br\/wp-content\/uploads\/2025\/12\/editor_antonio_ferro-150x150.jpg","url":"https:\/\/revistaautobus.com.br\/wp-content\/uploads\/2025\/12\/editor_antonio_ferro-150x150.jpg","contentUrl":"https:\/\/revistaautobus.com.br\/wp-content\/uploads\/2025\/12\/editor_antonio_ferro-150x150.jpg","caption":"Antonio Ferro"},"description":"infobus@uol.com.br","url":"https:\/\/revistaautobus.com.br\/?author=2"}]}},"jetpack_featured_media_url":"https:\/\/revistaautobus.com.br\/wp-content\/uploads\/2023\/07\/IMG-20230713-WA0080.jpg","jetpack_sharing_enabled":true,"_links":{"self":[{"href":"https:\/\/revistaautobus.com.br\/index.php?rest_route=\/wp\/v2\/posts\/9421","targetHints":{"allow":["GET"]}}],"collection":[{"href":"https:\/\/revistaautobus.com.br\/index.php?rest_route=\/wp\/v2\/posts"}],"about":[{"href":"https:\/\/revistaautobus.com.br\/index.php?rest_route=\/wp\/v2\/types\/post"}],"author":[{"embeddable":true,"href":"https:\/\/revistaautobus.com.br\/index.php?rest_route=\/wp\/v2\/users\/2"}],"replies":[{"embeddable":true,"href":"https:\/\/revistaautobus.com.br\/index.php?rest_route=%2Fwp%2Fv2%2Fcomments&post=9421"}],"version-history":[{"count":2,"href":"https:\/\/revistaautobus.com.br\/index.php?rest_route=\/wp\/v2\/posts\/9421\/revisions"}],"predecessor-version":[{"id":9424,"href":"https:\/\/revistaautobus.com.br\/index.php?rest_route=\/wp\/v2\/posts\/9421\/revisions\/9424"}],"wp:featuredmedia":[{"embeddable":true,"href":"https:\/\/revistaautobus.com.br\/index.php?rest_route=\/wp\/v2\/media\/9422"}],"wp:attachment":[{"href":"https:\/\/revistaautobus.com.br\/index.php?rest_route=%2Fwp%2Fv2%2Fmedia&parent=9421"}],"wp:term":[{"taxonomy":"category","embeddable":true,"href":"https:\/\/revistaautobus.com.br\/index.php?rest_route=%2Fwp%2Fv2%2Fcategories&post=9421"},{"taxonomy":"post_tag","embeddable":true,"href":"https:\/\/revistaautobus.com.br\/index.php?rest_route=%2Fwp%2Fv2%2Ftags&post=9421"}],"curies":[{"name":"wp","href":"https:\/\/api.w.org\/{rel}","templated":true}]}}