{"id":9505,"date":"2023-08-04T08:12:20","date_gmt":"2023-08-04T11:12:20","guid":{"rendered":"https:\/\/revistaautobus.com.br\/?p=9505"},"modified":"2023-08-04T08:13:13","modified_gmt":"2023-08-04T11:13:13","slug":"scania-continua-incentivando-o-onibus-a-gas","status":"publish","type":"post","link":"https:\/\/revistaautobus.com.br\/?p=9505","title":{"rendered":"Scania continua incentivando o \u00f4nibus a g\u00e1s"},"content":{"rendered":"<p>Em sua quarta a\u00e7\u00e3o realizada dentro do estado do Paran\u00e1, a fabricante de chassis Scania reafirma o potencial de \u00f4nibus com motoriza\u00e7\u00e3o a g\u00e1s natural ou biometano. Desta vez, \u00e9 na cidade Ponta Grossa, com a opera\u00e7\u00e3o urbana realizada pela Via\u00e7\u00e3o Campos Gerais (VCG), tendo o suporte da concession\u00e1ria Cotrasa. Segundo a montadora, a demonstra\u00e7\u00e3o faz parte do projeto ligado \u00e0 mobilidade urbana mais sustent\u00e1vel, que vem sendo desenvolvido nas principais cidades do Paran\u00e1, e que tem por objetivo certificar os indicadores de efici\u00eancia, em especial, a redu\u00e7\u00e3o nas emiss\u00f5es de poluentes na utiliza\u00e7\u00e3o do ve\u00edculo e a contribui\u00e7\u00e3o para as metas de sustentabilidade.<\/p>\n<p>Parceira nesse projeto, a distribuidora de g\u00e1s Compagas, destacou que, com os primeiros testes realizados em outros munic\u00edpios foi poss\u00edvel comprovar os n\u00fameros apresentados pelo fabricante e demonstrar na pr\u00e1tica a efici\u00eancia do ve\u00edculo. \u201cEm Curitiba, a competitividade do GNV frente ao diesel foi maior, garantindo uma redu\u00e7\u00e3o de custos de opera\u00e7\u00e3o em cerca de 10%, j\u00e1 a emiss\u00e3o de poluentes foi 20% menor. Ou seja, mais economia e sustentabilidade para o transporte urbano\u201d, disse Rafael Lamastra Jr., CEO da empresa.<\/p>\n<p>Ele ainda refor\u00e7ou que esses resultados foram obtidos com apenas um \u00f4nibus em rota e que uma opera\u00e7\u00e3o concentrada com mais ve\u00edculos pode garantir ainda mais vantagens \u00e0 economia local. \u201cOs ve\u00edculos de transporte coletivo a g\u00e1s s\u00e3o uma realidade nas principais cidades do mundo, e n\u00f3s precisamos aplicar essa tecnologia em nosso Estado, realizando a substitui\u00e7\u00e3o de ve\u00edculos a diesel por modelos a g\u00e1s, capazes de contribuir com o meio ambiente, com a sa\u00fade da popula\u00e7\u00e3o e com a economia\u201d, destacou.<\/p>\n<div id=\"attachment_9507\" style=\"width: 910px\" class=\"wp-caption aligncenter\"><img loading=\"lazy\" decoding=\"async\" aria-describedby=\"caption-attachment-9507\" class=\"wp-image-9507 size-full\" src=\"https:\/\/revistaautobus.com.br\/wp-content\/uploads\/2023\/08\/ba95be60e2e95b386d8327f9d1cac4c6.jpeg\" alt=\"\" width=\"900\" height=\"1032\" srcset=\"https:\/\/revistaautobus.com.br\/wp-content\/uploads\/2023\/08\/ba95be60e2e95b386d8327f9d1cac4c6.jpeg 900w, https:\/\/revistaautobus.com.br\/wp-content\/uploads\/2023\/08\/ba95be60e2e95b386d8327f9d1cac4c6-262x300.jpeg 262w, https:\/\/revistaautobus.com.br\/wp-content\/uploads\/2023\/08\/ba95be60e2e95b386d8327f9d1cac4c6-893x1024.jpeg 893w, https:\/\/revistaautobus.com.br\/wp-content\/uploads\/2023\/08\/ba95be60e2e95b386d8327f9d1cac4c6-768x881.jpeg 768w\" sizes=\"(max-width: 900px) 100vw, 900px\" \/><p id=\"caption-attachment-9507\" class=\"wp-caption-text\"><span style=\"color: #008080;\"><em><strong>A op\u00e7\u00e3o pelo g\u00e1s natural ou biometano pode ser vi\u00e1vel em termos econ\u00f4micos e ambientais<\/strong><\/em><\/span><\/p><\/div>\n<p>Lembrando que, durante todo o m\u00eas de junho passado, o mesmo ve\u00edculo rodou em Londrina (PR), sendo abastecido 100% com biometano, na primeira experi\u00eancia do tipo da hist\u00f3ria do Brasil numa completa opera\u00e7\u00e3o real. Para a Scania, a demonstra\u00e7\u00e3o foi muito positiva, pois ressaltou a viabilidade da utiliza\u00e7\u00e3o do ve\u00edculo a g\u00e1s em linhas complexas e extensas, garantindo a autonomia e a menor emiss\u00e3o de polui\u00e7\u00e3o na atmosfera. \u201cEstamos comprovando com nossas demonstra\u00e7\u00f5es a viabilidade do \u00f4nibus a g\u00e1s como solu\u00e7\u00e3o para uma mobilidade mais sustent\u00e1vel. Precisamos de outras fontes de energia para n\u00e3o termos mais a matriz 100% a diesel. Seguimos cumprindo nossa miss\u00e3o de liderar a transi\u00e7\u00e3o para um sistema de transporte de passageiros mais sustent\u00e1vel. Temos certeza de que em Ponta Grossa teremos sucesso em mostrar todos os benef\u00edcios do modelo a g\u00e1s para esta cidade de tamanho potencial, vis\u00e3o de futuro e desenvolvimento inteligente\u201d, observou Celso Mendon\u00e7a, gerente de Vendas de Solu\u00e7\u00f5es para Mobilidade da Scania Opera\u00e7\u00f5es Comerciais Brasil.<\/p>\n<p>O diretor de Rela\u00e7\u00f5es Institucionais da VCG, Rodrigo Venske, disse que a operadora considera de fundamental import\u00e2ncia essas iniciativas, com o uso de combust\u00edveis alternativos, como \u00e9 o caso deste ve\u00edculo a g\u00e1s da Scania. \u201cA partir desse teste teremos condi\u00e7\u00f5es de avaliar a performance e o desempenho para analisar a viabilidade de implanta\u00e7\u00e3o\u201d, sintetizou.<\/p>\n<p>J\u00e1 Cristiano Locatelli, diretor da Cotrasa, concession\u00e1ria que atende a regi\u00e3o, afirmou que, estar na quarta demonstra\u00e7\u00e3o do \u00f4nibus a g\u00e1s no Paran\u00e1, sendo tr\u00eas delas na regi\u00e3o de atendimento da Cotrasa, \u00e9 muito importante. \u201c\u00c9 fundamental, mais uma vez, colocar esse ve\u00edculo nas ruas para provar na pr\u00e1tica sua viabilidade e sustentabilidade. Ponta Grossa possui o quarto maior PIB do estado. Trazer uma solu\u00e7\u00e3o como essa para a regi\u00e3o dos Campos Gerais fortalece a mobilidade urbana e o compromisso com o meio ambiente\u201d, explicou.<\/p>\n<p>Imagens &#8211; Divulga\u00e7\u00e3o<\/p>\n","protected":false},"excerpt":{"rendered":"<p>O transporte coletivo tem mais op\u00e7\u00f5es em termos de tra\u00e7\u00e3o limpa<\/p>\n","protected":false},"author":2,"featured_media":9506,"comment_status":"open","ping_status":"open","sticky":false,"template":"","format":"standard","meta":{"_et_pb_use_builder":"","_et_pb_old_content":"","_et_gb_content_width":"","_jetpack_memberships_contains_paid_content":false,"footnotes":""},"categories":[485,7,10],"tags":[133,100],"class_list":["post-9505","post","type-post","status-publish","format-standard","has-post-thumbnail","hentry","category-biometano","category-mobilidade-urbana","category-montadoras","tag-onibus-a-gas","tag-scania","et-has-post-format-content","et_post_format-et-post-format-standard"],"yoast_head":"<!-- This site is optimized with the Yoast SEO plugin v27.2 - https:\/\/yoast.com\/product\/yoast-seo-wordpress\/ -->\n<title>Scania continua incentivando o \u00f4nibus a g\u00e1s - Revista AutoBus<\/title>\n<meta name=\"robots\" content=\"index, follow, max-snippet:-1, max-image-preview:large, max-video-preview:-1\" \/>\n<link rel=\"canonical\" href=\"https:\/\/revistaautobus.com.br\/?p=9505\" \/>\n<meta property=\"og:locale\" content=\"pt_BR\" \/>\n<meta property=\"og:type\" content=\"article\" \/>\n<meta property=\"og:title\" content=\"Scania continua incentivando o \u00f4nibus a g\u00e1s - Revista AutoBus\" \/>\n<meta property=\"og:description\" content=\"O transporte coletivo tem mais op\u00e7\u00f5es em termos de tra\u00e7\u00e3o limpa\" \/>\n<meta property=\"og:url\" content=\"https:\/\/revistaautobus.com.br\/?p=9505\" \/>\n<meta property=\"og:site_name\" content=\"Revista AutoBus\" \/>\n<meta property=\"article:publisher\" content=\"https:\/\/www.facebook.com\/antonio.ferro.3150\" \/>\n<meta property=\"article:published_time\" content=\"2023-08-04T11:12:20+00:00\" \/>\n<meta property=\"article:modified_time\" content=\"2023-08-04T11:13:13+00:00\" \/>\n<meta property=\"og:image\" content=\"https:\/\/revistaautobus.com.br\/wp-content\/uploads\/2023\/08\/Gas-Scania-Ponta-Grossa.jpeg\" \/>\n\t<meta property=\"og:image:width\" content=\"1000\" \/>\n\t<meta property=\"og:image:height\" content=\"666\" \/>\n\t<meta property=\"og:image:type\" content=\"image\/jpeg\" \/>\n<meta name=\"author\" content=\"Antonio Ferro\" \/>\n<meta name=\"twitter:card\" content=\"summary_large_image\" \/>\n<meta name=\"twitter:label1\" content=\"Escrito por\" \/>\n\t<meta name=\"twitter:data1\" content=\"Antonio Ferro\" \/>\n\t<meta name=\"twitter:label2\" content=\"Est. tempo de leitura\" \/>\n\t<meta name=\"twitter:data2\" content=\"3 minutos\" \/>\n<script type=\"application\/ld+json\" class=\"yoast-schema-graph\">{\"@context\":\"https:\/\/schema.org\",\"@graph\":[{\"@type\":\"Article\",\"@id\":\"https:\/\/revistaautobus.com.br\/?p=9505#article\",\"isPartOf\":{\"@id\":\"https:\/\/revistaautobus.com.br\/?p=9505\"},\"author\":{\"name\":\"Antonio Ferro\",\"@id\":\"https:\/\/revistaautobus.com.br\/#\/schema\/person\/54af7c3eb83a310e42ef686ef6d16f50\"},\"headline\":\"Scania continua incentivando o \u00f4nibus a g\u00e1s\",\"datePublished\":\"2023-08-04T11:12:20+00:00\",\"dateModified\":\"2023-08-04T11:13:13+00:00\",\"mainEntityOfPage\":{\"@id\":\"https:\/\/revistaautobus.com.br\/?p=9505\"},\"wordCount\":676,\"commentCount\":0,\"publisher\":{\"@id\":\"https:\/\/revistaautobus.com.br\/#organization\"},\"image\":{\"@id\":\"https:\/\/revistaautobus.com.br\/?p=9505#primaryimage\"},\"thumbnailUrl\":\"https:\/\/revistaautobus.com.br\/wp-content\/uploads\/2023\/08\/Gas-Scania-Ponta-Grossa.jpeg\",\"keywords\":[\"\u00f4nibus a g\u00e1s\",\"Scania\"],\"articleSection\":[\"Biometano\",\"Mobilidade Urbana\",\"Montadoras\"],\"inLanguage\":\"pt-BR\",\"potentialAction\":[{\"@type\":\"CommentAction\",\"name\":\"Comment\",\"target\":[\"https:\/\/revistaautobus.com.br\/?p=9505#respond\"]}]},{\"@type\":\"WebPage\",\"@id\":\"https:\/\/revistaautobus.com.br\/?p=9505\",\"url\":\"https:\/\/revistaautobus.com.br\/?p=9505\",\"name\":\"Scania continua incentivando o \u00f4nibus a g\u00e1s - Revista AutoBus\",\"isPartOf\":{\"@id\":\"https:\/\/revistaautobus.com.br\/#website\"},\"primaryImageOfPage\":{\"@id\":\"https:\/\/revistaautobus.com.br\/?p=9505#primaryimage\"},\"image\":{\"@id\":\"https:\/\/revistaautobus.com.br\/?p=9505#primaryimage\"},\"thumbnailUrl\":\"https:\/\/revistaautobus.com.br\/wp-content\/uploads\/2023\/08\/Gas-Scania-Ponta-Grossa.jpeg\",\"datePublished\":\"2023-08-04T11:12:20+00:00\",\"dateModified\":\"2023-08-04T11:13:13+00:00\",\"breadcrumb\":{\"@id\":\"https:\/\/revistaautobus.com.br\/?p=9505#breadcrumb\"},\"inLanguage\":\"pt-BR\",\"potentialAction\":[{\"@type\":\"ReadAction\",\"target\":[\"https:\/\/revistaautobus.com.br\/?p=9505\"]}]},{\"@type\":\"ImageObject\",\"inLanguage\":\"pt-BR\",\"@id\":\"https:\/\/revistaautobus.com.br\/?p=9505#primaryimage\",\"url\":\"https:\/\/revistaautobus.com.br\/wp-content\/uploads\/2023\/08\/Gas-Scania-Ponta-Grossa.jpeg\",\"contentUrl\":\"https:\/\/revistaautobus.com.br\/wp-content\/uploads\/2023\/08\/Gas-Scania-Ponta-Grossa.jpeg\",\"width\":1000,\"height\":666},{\"@type\":\"BreadcrumbList\",\"@id\":\"https:\/\/revistaautobus.com.br\/?p=9505#breadcrumb\",\"itemListElement\":[{\"@type\":\"ListItem\",\"position\":1,\"name\":\"In\u00edcio\",\"item\":\"https:\/\/revistaautobus.com.br\/\"},{\"@type\":\"ListItem\",\"position\":2,\"name\":\"Scania continua incentivando o \u00f4nibus a g\u00e1s\"}]},{\"@type\":\"WebSite\",\"@id\":\"https:\/\/revistaautobus.com.br\/#website\",\"url\":\"https:\/\/revistaautobus.com.br\/\",\"name\":\"Revista AutoBus\",\"description\":\"\",\"publisher\":{\"@id\":\"https:\/\/revistaautobus.com.br\/#organization\"},\"potentialAction\":[{\"@type\":\"SearchAction\",\"target\":{\"@type\":\"EntryPoint\",\"urlTemplate\":\"https:\/\/revistaautobus.com.br\/?s={search_term_string}\"},\"query-input\":{\"@type\":\"PropertyValueSpecification\",\"valueRequired\":true,\"valueName\":\"search_term_string\"}}],\"inLanguage\":\"pt-BR\"},{\"@type\":\"Organization\",\"@id\":\"https:\/\/revistaautobus.com.br\/#organization\",\"name\":\"Revista AutoBus\",\"url\":\"https:\/\/revistaautobus.com.br\/\",\"logo\":{\"@type\":\"ImageObject\",\"inLanguage\":\"pt-BR\",\"@id\":\"https:\/\/revistaautobus.com.br\/#\/schema\/logo\/image\/\",\"url\":\"https:\/\/revistaautobus.com.br\/wp-content\/uploads\/2024\/11\/logo_revista_autobus_fb.png\",\"contentUrl\":\"https:\/\/revistaautobus.com.br\/wp-content\/uploads\/2024\/11\/logo_revista_autobus_fb.png\",\"width\":836,\"height\":227,\"caption\":\"Revista AutoBus\"},\"image\":{\"@id\":\"https:\/\/revistaautobus.com.br\/#\/schema\/logo\/image\/\"},\"sameAs\":[\"https:\/\/www.facebook.com\/antonio.ferro.3150\",\"https:\/\/www.instagram.com\/revistaautobus\/\"]},{\"@type\":\"Person\",\"@id\":\"https:\/\/revistaautobus.com.br\/#\/schema\/person\/54af7c3eb83a310e42ef686ef6d16f50\",\"name\":\"Antonio Ferro\",\"image\":{\"@type\":\"ImageObject\",\"inLanguage\":\"pt-BR\",\"@id\":\"https:\/\/revistaautobus.com.br\/wp-content\/uploads\/2025\/12\/editor_antonio_ferro-150x150.jpg\",\"url\":\"https:\/\/revistaautobus.com.br\/wp-content\/uploads\/2025\/12\/editor_antonio_ferro-150x150.jpg\",\"contentUrl\":\"https:\/\/revistaautobus.com.br\/wp-content\/uploads\/2025\/12\/editor_antonio_ferro-150x150.jpg\",\"caption\":\"Antonio Ferro\"},\"description\":\"infobus@uol.com.br\",\"url\":\"https:\/\/revistaautobus.com.br\/?author=2\"}]}<\/script>\n<!-- \/ Yoast SEO plugin. -->","yoast_head_json":{"title":"Scania continua incentivando o \u00f4nibus a g\u00e1s - Revista AutoBus","robots":{"index":"index","follow":"follow","max-snippet":"max-snippet:-1","max-image-preview":"max-image-preview:large","max-video-preview":"max-video-preview:-1"},"canonical":"https:\/\/revistaautobus.com.br\/?p=9505","og_locale":"pt_BR","og_type":"article","og_title":"Scania continua incentivando o \u00f4nibus a g\u00e1s - Revista AutoBus","og_description":"O transporte coletivo tem mais op\u00e7\u00f5es em termos de tra\u00e7\u00e3o limpa","og_url":"https:\/\/revistaautobus.com.br\/?p=9505","og_site_name":"Revista AutoBus","article_publisher":"https:\/\/www.facebook.com\/antonio.ferro.3150","article_published_time":"2023-08-04T11:12:20+00:00","article_modified_time":"2023-08-04T11:13:13+00:00","og_image":[{"width":1000,"height":666,"url":"https:\/\/revistaautobus.com.br\/wp-content\/uploads\/2023\/08\/Gas-Scania-Ponta-Grossa.jpeg","type":"image\/jpeg"}],"author":"Antonio Ferro","twitter_card":"summary_large_image","twitter_misc":{"Escrito por":"Antonio Ferro","Est. tempo de leitura":"3 minutos"},"schema":{"@context":"https:\/\/schema.org","@graph":[{"@type":"Article","@id":"https:\/\/revistaautobus.com.br\/?p=9505#article","isPartOf":{"@id":"https:\/\/revistaautobus.com.br\/?p=9505"},"author":{"name":"Antonio Ferro","@id":"https:\/\/revistaautobus.com.br\/#\/schema\/person\/54af7c3eb83a310e42ef686ef6d16f50"},"headline":"Scania continua incentivando o \u00f4nibus a g\u00e1s","datePublished":"2023-08-04T11:12:20+00:00","dateModified":"2023-08-04T11:13:13+00:00","mainEntityOfPage":{"@id":"https:\/\/revistaautobus.com.br\/?p=9505"},"wordCount":676,"commentCount":0,"publisher":{"@id":"https:\/\/revistaautobus.com.br\/#organization"},"image":{"@id":"https:\/\/revistaautobus.com.br\/?p=9505#primaryimage"},"thumbnailUrl":"https:\/\/revistaautobus.com.br\/wp-content\/uploads\/2023\/08\/Gas-Scania-Ponta-Grossa.jpeg","keywords":["\u00f4nibus a g\u00e1s","Scania"],"articleSection":["Biometano","Mobilidade Urbana","Montadoras"],"inLanguage":"pt-BR","potentialAction":[{"@type":"CommentAction","name":"Comment","target":["https:\/\/revistaautobus.com.br\/?p=9505#respond"]}]},{"@type":"WebPage","@id":"https:\/\/revistaautobus.com.br\/?p=9505","url":"https:\/\/revistaautobus.com.br\/?p=9505","name":"Scania continua incentivando o \u00f4nibus a g\u00e1s - Revista AutoBus","isPartOf":{"@id":"https:\/\/revistaautobus.com.br\/#website"},"primaryImageOfPage":{"@id":"https:\/\/revistaautobus.com.br\/?p=9505#primaryimage"},"image":{"@id":"https:\/\/revistaautobus.com.br\/?p=9505#primaryimage"},"thumbnailUrl":"https:\/\/revistaautobus.com.br\/wp-content\/uploads\/2023\/08\/Gas-Scania-Ponta-Grossa.jpeg","datePublished":"2023-08-04T11:12:20+00:00","dateModified":"2023-08-04T11:13:13+00:00","breadcrumb":{"@id":"https:\/\/revistaautobus.com.br\/?p=9505#breadcrumb"},"inLanguage":"pt-BR","potentialAction":[{"@type":"ReadAction","target":["https:\/\/revistaautobus.com.br\/?p=9505"]}]},{"@type":"ImageObject","inLanguage":"pt-BR","@id":"https:\/\/revistaautobus.com.br\/?p=9505#primaryimage","url":"https:\/\/revistaautobus.com.br\/wp-content\/uploads\/2023\/08\/Gas-Scania-Ponta-Grossa.jpeg","contentUrl":"https:\/\/revistaautobus.com.br\/wp-content\/uploads\/2023\/08\/Gas-Scania-Ponta-Grossa.jpeg","width":1000,"height":666},{"@type":"BreadcrumbList","@id":"https:\/\/revistaautobus.com.br\/?p=9505#breadcrumb","itemListElement":[{"@type":"ListItem","position":1,"name":"In\u00edcio","item":"https:\/\/revistaautobus.com.br\/"},{"@type":"ListItem","position":2,"name":"Scania continua incentivando o \u00f4nibus a g\u00e1s"}]},{"@type":"WebSite","@id":"https:\/\/revistaautobus.com.br\/#website","url":"https:\/\/revistaautobus.com.br\/","name":"Revista AutoBus","description":"","publisher":{"@id":"https:\/\/revistaautobus.com.br\/#organization"},"potentialAction":[{"@type":"SearchAction","target":{"@type":"EntryPoint","urlTemplate":"https:\/\/revistaautobus.com.br\/?s={search_term_string}"},"query-input":{"@type":"PropertyValueSpecification","valueRequired":true,"valueName":"search_term_string"}}],"inLanguage":"pt-BR"},{"@type":"Organization","@id":"https:\/\/revistaautobus.com.br\/#organization","name":"Revista AutoBus","url":"https:\/\/revistaautobus.com.br\/","logo":{"@type":"ImageObject","inLanguage":"pt-BR","@id":"https:\/\/revistaautobus.com.br\/#\/schema\/logo\/image\/","url":"https:\/\/revistaautobus.com.br\/wp-content\/uploads\/2024\/11\/logo_revista_autobus_fb.png","contentUrl":"https:\/\/revistaautobus.com.br\/wp-content\/uploads\/2024\/11\/logo_revista_autobus_fb.png","width":836,"height":227,"caption":"Revista AutoBus"},"image":{"@id":"https:\/\/revistaautobus.com.br\/#\/schema\/logo\/image\/"},"sameAs":["https:\/\/www.facebook.com\/antonio.ferro.3150","https:\/\/www.instagram.com\/revistaautobus\/"]},{"@type":"Person","@id":"https:\/\/revistaautobus.com.br\/#\/schema\/person\/54af7c3eb83a310e42ef686ef6d16f50","name":"Antonio Ferro","image":{"@type":"ImageObject","inLanguage":"pt-BR","@id":"https:\/\/revistaautobus.com.br\/wp-content\/uploads\/2025\/12\/editor_antonio_ferro-150x150.jpg","url":"https:\/\/revistaautobus.com.br\/wp-content\/uploads\/2025\/12\/editor_antonio_ferro-150x150.jpg","contentUrl":"https:\/\/revistaautobus.com.br\/wp-content\/uploads\/2025\/12\/editor_antonio_ferro-150x150.jpg","caption":"Antonio Ferro"},"description":"infobus@uol.com.br","url":"https:\/\/revistaautobus.com.br\/?author=2"}]}},"jetpack_featured_media_url":"https:\/\/revistaautobus.com.br\/wp-content\/uploads\/2023\/08\/Gas-Scania-Ponta-Grossa.jpeg","jetpack_sharing_enabled":true,"_links":{"self":[{"href":"https:\/\/revistaautobus.com.br\/index.php?rest_route=\/wp\/v2\/posts\/9505","targetHints":{"allow":["GET"]}}],"collection":[{"href":"https:\/\/revistaautobus.com.br\/index.php?rest_route=\/wp\/v2\/posts"}],"about":[{"href":"https:\/\/revistaautobus.com.br\/index.php?rest_route=\/wp\/v2\/types\/post"}],"author":[{"embeddable":true,"href":"https:\/\/revistaautobus.com.br\/index.php?rest_route=\/wp\/v2\/users\/2"}],"replies":[{"embeddable":true,"href":"https:\/\/revistaautobus.com.br\/index.php?rest_route=%2Fwp%2Fv2%2Fcomments&post=9505"}],"version-history":[{"count":5,"href":"https:\/\/revistaautobus.com.br\/index.php?rest_route=\/wp\/v2\/posts\/9505\/revisions"}],"predecessor-version":[{"id":9512,"href":"https:\/\/revistaautobus.com.br\/index.php?rest_route=\/wp\/v2\/posts\/9505\/revisions\/9512"}],"wp:featuredmedia":[{"embeddable":true,"href":"https:\/\/revistaautobus.com.br\/index.php?rest_route=\/wp\/v2\/media\/9506"}],"wp:attachment":[{"href":"https:\/\/revistaautobus.com.br\/index.php?rest_route=%2Fwp%2Fv2%2Fmedia&parent=9505"}],"wp:term":[{"taxonomy":"category","embeddable":true,"href":"https:\/\/revistaautobus.com.br\/index.php?rest_route=%2Fwp%2Fv2%2Fcategories&post=9505"},{"taxonomy":"post_tag","embeddable":true,"href":"https:\/\/revistaautobus.com.br\/index.php?rest_route=%2Fwp%2Fv2%2Ftags&post=9505"}],"curies":[{"name":"wp","href":"https:\/\/api.w.org\/{rel}","templated":true}]}}