{"id":9513,"date":"2023-08-04T08:16:18","date_gmt":"2023-08-04T11:16:18","guid":{"rendered":"https:\/\/revistaautobus.com.br\/?p=9513"},"modified":"2023-08-07T07:21:40","modified_gmt":"2023-08-07T10:21:40","slug":"trimestre-positivo","status":"publish","type":"post","link":"https:\/\/revistaautobus.com.br\/?p=9513","title":{"rendered":"Trimestre positivo"},"content":{"rendered":"<p>Com receita l\u00edquida consolidada de R$ 1,4 bilh\u00e3o no segundo trimestre de 2023, representando crescimento de 18,5% em rela\u00e7\u00e3o ao mesmo per\u00edodo do ano passado, a encarro\u00e7adora Marcopolo revelou crescimento em seus neg\u00f3cios. Desse total, R$ 721,8 milh\u00f5es s\u00e3o provenientes do mercado interno, R$ 246,9 milh\u00f5es das exporta\u00e7\u00f5es a partir do Brasil e R$ 395,8 milh\u00f5es das opera\u00e7\u00f5es internacionais da companhia.<\/p>\n<p>Segundo a empresa, no per\u00edodo, o segmento de maior representatividade para ela foi o de \u00f4nibus rodovi\u00e1rios, com o sucesso de vendas dos modelos G8, resultando em entregas de ve\u00edculos de maior valor agregado. A estrat\u00e9gia rendeu \u00e0 companhia uma receita l\u00edquida total consolidada de rodovi\u00e1rios de R$ 530,9 milh\u00f5es, contra R$ 331,8 milh\u00f5es no 2T22.<\/p>\n<p>Andr\u00e9 Armaganijan, CEO da Marcopolo, destacou que a fabricante tem uma estrat\u00e9gia para o seu fortalecimento na atua\u00e7\u00e3o no segmento de rodovi\u00e1rios, com investimento em solu\u00e7\u00f5es cada vez mais completas e com tecnologias de ponta, pensadas no conforto e seguran\u00e7a dos passageiros. \u201cA estrat\u00e9gia rendeu um acr\u00e9scimo do volume de vendas de produtos com maior valor agregado\u201d, sintetizou.<\/p>\n<p>Quanto a volumes produzidos de carro\u00e7arias, a marca afirmou que o segundo trimestre de 2023 marcou o in\u00edcio da transi\u00e7\u00e3o da motoriza\u00e7\u00e3o Euro V para Euro VI, impactando na redu\u00e7\u00e3o da fabrica\u00e7\u00e3o consolidada, alcan\u00e7ando 3.010 unidades no per\u00edodo, sendo 2.459 unidades feitas no Brasil, 12,6% inferior \u00e0 do 2T22. J\u00e1, no exterior, a produ\u00e7\u00e3o foi de 551 unidades, 5,5% inferior \u00e0s unidades produzidas no mesmo per\u00edodo do ano anterior. Neste per\u00edodo, a participa\u00e7\u00e3o de mercado da Marcopolo na produ\u00e7\u00e3o brasileira de carrocerias foi de 44,5%. \u201cAp\u00f3s os primeiros meses da transi\u00e7\u00e3o da motoriza\u00e7\u00e3o, j\u00e1 observamos uma normaliza\u00e7\u00e3o do mercado brasileiro de \u00f4nibus. Temos programado grandes pacotes de vendas para o segundo semestre deste ano e o primeiro trimestre de 2024, com foco nas viagens de final de ano e f\u00e9rias escolares\u201d, comentou Armaganijan.<\/p>\n<p>No exterior, sua unidade M\u00e9xico manteve o bom desempenho ao focar nas entregas de rodovi\u00e1rios, incluindo modelos G8. Houve um avan\u00e7o de 25,6% no volume de unidades faturadas no 2T23, na compara\u00e7\u00e3o com o mesmo per\u00edodo do ano anterior. Sua planta localizada na \u00c1frica do Sul registrou crescimento de 57,1% nas unidades faturadas, na compara\u00e7\u00e3o entre o 2T23 e 2T22 e a Marcopolo Argentina concluiu a depura\u00e7\u00e3o dos pedidos antigos no 2T23, alcan\u00e7ando resultado pr\u00f3ximo ao <em>break-even (ponto de equil\u00edbrio)<\/em>, com novas e saud\u00e1veis margens dos pedidos em carteira.<\/p>\n<p>Imagem &#8211; Divulga\u00e7\u00e3o<\/p>\n","protected":false},"excerpt":{"rendered":"<p>Mercado rodovi\u00e1rio foi o destaque da encarro\u00e7adora no mencionado per\u00edodo<\/p>\n","protected":false},"author":2,"featured_media":9514,"comment_status":"open","ping_status":"open","sticky":false,"template":"","format":"standard","meta":{"_et_pb_use_builder":"","_et_pb_old_content":"","_et_gb_content_width":"","_jetpack_memberships_contains_paid_content":false,"footnotes":""},"categories":[55,90],"tags":[84,555],"class_list":["post-9513","post","type-post","status-publish","format-standard","has-post-thumbnail","hentry","category-encarrocadora","category-noticias","tag-marcopolo","tag-marcopolo-segundo-trimestre-de-2023","et-has-post-format-content","et_post_format-et-post-format-standard"],"yoast_head":"<!-- This site is optimized with the Yoast SEO plugin v27.2 - https:\/\/yoast.com\/product\/yoast-seo-wordpress\/ -->\n<title>Trimestre positivo - Revista AutoBus<\/title>\n<meta name=\"robots\" content=\"index, follow, max-snippet:-1, max-image-preview:large, max-video-preview:-1\" \/>\n<link rel=\"canonical\" href=\"https:\/\/revistaautobus.com.br\/?p=9513\" \/>\n<meta property=\"og:locale\" content=\"pt_BR\" \/>\n<meta property=\"og:type\" content=\"article\" \/>\n<meta property=\"og:title\" content=\"Trimestre positivo - Revista AutoBus\" \/>\n<meta property=\"og:description\" content=\"Mercado rodovi\u00e1rio foi o destaque da encarro\u00e7adora no mencionado per\u00edodo\" \/>\n<meta property=\"og:url\" content=\"https:\/\/revistaautobus.com.br\/?p=9513\" \/>\n<meta property=\"og:site_name\" content=\"Revista AutoBus\" \/>\n<meta property=\"article:publisher\" content=\"https:\/\/www.facebook.com\/antonio.ferro.3150\" \/>\n<meta property=\"article:published_time\" content=\"2023-08-04T11:16:18+00:00\" \/>\n<meta property=\"article:modified_time\" content=\"2023-08-07T10:21:40+00:00\" \/>\n<meta property=\"og:image\" content=\"https:\/\/revistaautobus.com.br\/wp-content\/uploads\/2023\/08\/G8-a-noite-efeitos.jpg\" \/>\n\t<meta property=\"og:image:width\" content=\"1000\" \/>\n\t<meta property=\"og:image:height\" content=\"666\" \/>\n\t<meta property=\"og:image:type\" content=\"image\/jpeg\" \/>\n<meta name=\"author\" content=\"Antonio Ferro\" \/>\n<meta name=\"twitter:card\" content=\"summary_large_image\" \/>\n<meta name=\"twitter:label1\" content=\"Escrito por\" \/>\n\t<meta name=\"twitter:data1\" content=\"Antonio Ferro\" \/>\n\t<meta name=\"twitter:label2\" content=\"Est. tempo de leitura\" \/>\n\t<meta name=\"twitter:data2\" content=\"2 minutos\" \/>\n<script type=\"application\/ld+json\" class=\"yoast-schema-graph\">{\"@context\":\"https:\/\/schema.org\",\"@graph\":[{\"@type\":\"Article\",\"@id\":\"https:\/\/revistaautobus.com.br\/?p=9513#article\",\"isPartOf\":{\"@id\":\"https:\/\/revistaautobus.com.br\/?p=9513\"},\"author\":{\"name\":\"Antonio Ferro\",\"@id\":\"https:\/\/revistaautobus.com.br\/#\/schema\/person\/54af7c3eb83a310e42ef686ef6d16f50\"},\"headline\":\"Trimestre positivo\",\"datePublished\":\"2023-08-04T11:16:18+00:00\",\"dateModified\":\"2023-08-07T10:21:40+00:00\",\"mainEntityOfPage\":{\"@id\":\"https:\/\/revistaautobus.com.br\/?p=9513\"},\"wordCount\":439,\"commentCount\":0,\"publisher\":{\"@id\":\"https:\/\/revistaautobus.com.br\/#organization\"},\"image\":{\"@id\":\"https:\/\/revistaautobus.com.br\/?p=9513#primaryimage\"},\"thumbnailUrl\":\"https:\/\/revistaautobus.com.br\/wp-content\/uploads\/2023\/08\/G8-a-noite-efeitos.jpg\",\"keywords\":[\"Marcopolo\",\"Marcopolo segundo trimestre de 2023\"],\"articleSection\":[\"Encarro\u00e7adora\",\"Not\u00edcias\"],\"inLanguage\":\"pt-BR\",\"potentialAction\":[{\"@type\":\"CommentAction\",\"name\":\"Comment\",\"target\":[\"https:\/\/revistaautobus.com.br\/?p=9513#respond\"]}]},{\"@type\":\"WebPage\",\"@id\":\"https:\/\/revistaautobus.com.br\/?p=9513\",\"url\":\"https:\/\/revistaautobus.com.br\/?p=9513\",\"name\":\"Trimestre positivo - Revista AutoBus\",\"isPartOf\":{\"@id\":\"https:\/\/revistaautobus.com.br\/#website\"},\"primaryImageOfPage\":{\"@id\":\"https:\/\/revistaautobus.com.br\/?p=9513#primaryimage\"},\"image\":{\"@id\":\"https:\/\/revistaautobus.com.br\/?p=9513#primaryimage\"},\"thumbnailUrl\":\"https:\/\/revistaautobus.com.br\/wp-content\/uploads\/2023\/08\/G8-a-noite-efeitos.jpg\",\"datePublished\":\"2023-08-04T11:16:18+00:00\",\"dateModified\":\"2023-08-07T10:21:40+00:00\",\"breadcrumb\":{\"@id\":\"https:\/\/revistaautobus.com.br\/?p=9513#breadcrumb\"},\"inLanguage\":\"pt-BR\",\"potentialAction\":[{\"@type\":\"ReadAction\",\"target\":[\"https:\/\/revistaautobus.com.br\/?p=9513\"]}]},{\"@type\":\"ImageObject\",\"inLanguage\":\"pt-BR\",\"@id\":\"https:\/\/revistaautobus.com.br\/?p=9513#primaryimage\",\"url\":\"https:\/\/revistaautobus.com.br\/wp-content\/uploads\/2023\/08\/G8-a-noite-efeitos.jpg\",\"contentUrl\":\"https:\/\/revistaautobus.com.br\/wp-content\/uploads\/2023\/08\/G8-a-noite-efeitos.jpg\",\"width\":1000,\"height\":666},{\"@type\":\"BreadcrumbList\",\"@id\":\"https:\/\/revistaautobus.com.br\/?p=9513#breadcrumb\",\"itemListElement\":[{\"@type\":\"ListItem\",\"position\":1,\"name\":\"In\u00edcio\",\"item\":\"https:\/\/revistaautobus.com.br\/\"},{\"@type\":\"ListItem\",\"position\":2,\"name\":\"Trimestre positivo\"}]},{\"@type\":\"WebSite\",\"@id\":\"https:\/\/revistaautobus.com.br\/#website\",\"url\":\"https:\/\/revistaautobus.com.br\/\",\"name\":\"Revista AutoBus\",\"description\":\"\",\"publisher\":{\"@id\":\"https:\/\/revistaautobus.com.br\/#organization\"},\"potentialAction\":[{\"@type\":\"SearchAction\",\"target\":{\"@type\":\"EntryPoint\",\"urlTemplate\":\"https:\/\/revistaautobus.com.br\/?s={search_term_string}\"},\"query-input\":{\"@type\":\"PropertyValueSpecification\",\"valueRequired\":true,\"valueName\":\"search_term_string\"}}],\"inLanguage\":\"pt-BR\"},{\"@type\":\"Organization\",\"@id\":\"https:\/\/revistaautobus.com.br\/#organization\",\"name\":\"Revista AutoBus\",\"url\":\"https:\/\/revistaautobus.com.br\/\",\"logo\":{\"@type\":\"ImageObject\",\"inLanguage\":\"pt-BR\",\"@id\":\"https:\/\/revistaautobus.com.br\/#\/schema\/logo\/image\/\",\"url\":\"https:\/\/revistaautobus.com.br\/wp-content\/uploads\/2024\/11\/logo_revista_autobus_fb.png\",\"contentUrl\":\"https:\/\/revistaautobus.com.br\/wp-content\/uploads\/2024\/11\/logo_revista_autobus_fb.png\",\"width\":836,\"height\":227,\"caption\":\"Revista AutoBus\"},\"image\":{\"@id\":\"https:\/\/revistaautobus.com.br\/#\/schema\/logo\/image\/\"},\"sameAs\":[\"https:\/\/www.facebook.com\/antonio.ferro.3150\",\"https:\/\/www.instagram.com\/revistaautobus\/\"]},{\"@type\":\"Person\",\"@id\":\"https:\/\/revistaautobus.com.br\/#\/schema\/person\/54af7c3eb83a310e42ef686ef6d16f50\",\"name\":\"Antonio Ferro\",\"image\":{\"@type\":\"ImageObject\",\"inLanguage\":\"pt-BR\",\"@id\":\"https:\/\/revistaautobus.com.br\/wp-content\/uploads\/2025\/12\/editor_antonio_ferro-150x150.jpg\",\"url\":\"https:\/\/revistaautobus.com.br\/wp-content\/uploads\/2025\/12\/editor_antonio_ferro-150x150.jpg\",\"contentUrl\":\"https:\/\/revistaautobus.com.br\/wp-content\/uploads\/2025\/12\/editor_antonio_ferro-150x150.jpg\",\"caption\":\"Antonio Ferro\"},\"description\":\"infobus@uol.com.br\",\"url\":\"https:\/\/revistaautobus.com.br\/?author=2\"}]}<\/script>\n<!-- \/ Yoast SEO plugin. -->","yoast_head_json":{"title":"Trimestre positivo - Revista AutoBus","robots":{"index":"index","follow":"follow","max-snippet":"max-snippet:-1","max-image-preview":"max-image-preview:large","max-video-preview":"max-video-preview:-1"},"canonical":"https:\/\/revistaautobus.com.br\/?p=9513","og_locale":"pt_BR","og_type":"article","og_title":"Trimestre positivo - Revista AutoBus","og_description":"Mercado rodovi\u00e1rio foi o destaque da encarro\u00e7adora no mencionado per\u00edodo","og_url":"https:\/\/revistaautobus.com.br\/?p=9513","og_site_name":"Revista AutoBus","article_publisher":"https:\/\/www.facebook.com\/antonio.ferro.3150","article_published_time":"2023-08-04T11:16:18+00:00","article_modified_time":"2023-08-07T10:21:40+00:00","og_image":[{"width":1000,"height":666,"url":"https:\/\/revistaautobus.com.br\/wp-content\/uploads\/2023\/08\/G8-a-noite-efeitos.jpg","type":"image\/jpeg"}],"author":"Antonio Ferro","twitter_card":"summary_large_image","twitter_misc":{"Escrito por":"Antonio Ferro","Est. tempo de leitura":"2 minutos"},"schema":{"@context":"https:\/\/schema.org","@graph":[{"@type":"Article","@id":"https:\/\/revistaautobus.com.br\/?p=9513#article","isPartOf":{"@id":"https:\/\/revistaautobus.com.br\/?p=9513"},"author":{"name":"Antonio Ferro","@id":"https:\/\/revistaautobus.com.br\/#\/schema\/person\/54af7c3eb83a310e42ef686ef6d16f50"},"headline":"Trimestre positivo","datePublished":"2023-08-04T11:16:18+00:00","dateModified":"2023-08-07T10:21:40+00:00","mainEntityOfPage":{"@id":"https:\/\/revistaautobus.com.br\/?p=9513"},"wordCount":439,"commentCount":0,"publisher":{"@id":"https:\/\/revistaautobus.com.br\/#organization"},"image":{"@id":"https:\/\/revistaautobus.com.br\/?p=9513#primaryimage"},"thumbnailUrl":"https:\/\/revistaautobus.com.br\/wp-content\/uploads\/2023\/08\/G8-a-noite-efeitos.jpg","keywords":["Marcopolo","Marcopolo segundo trimestre de 2023"],"articleSection":["Encarro\u00e7adora","Not\u00edcias"],"inLanguage":"pt-BR","potentialAction":[{"@type":"CommentAction","name":"Comment","target":["https:\/\/revistaautobus.com.br\/?p=9513#respond"]}]},{"@type":"WebPage","@id":"https:\/\/revistaautobus.com.br\/?p=9513","url":"https:\/\/revistaautobus.com.br\/?p=9513","name":"Trimestre positivo - Revista AutoBus","isPartOf":{"@id":"https:\/\/revistaautobus.com.br\/#website"},"primaryImageOfPage":{"@id":"https:\/\/revistaautobus.com.br\/?p=9513#primaryimage"},"image":{"@id":"https:\/\/revistaautobus.com.br\/?p=9513#primaryimage"},"thumbnailUrl":"https:\/\/revistaautobus.com.br\/wp-content\/uploads\/2023\/08\/G8-a-noite-efeitos.jpg","datePublished":"2023-08-04T11:16:18+00:00","dateModified":"2023-08-07T10:21:40+00:00","breadcrumb":{"@id":"https:\/\/revistaautobus.com.br\/?p=9513#breadcrumb"},"inLanguage":"pt-BR","potentialAction":[{"@type":"ReadAction","target":["https:\/\/revistaautobus.com.br\/?p=9513"]}]},{"@type":"ImageObject","inLanguage":"pt-BR","@id":"https:\/\/revistaautobus.com.br\/?p=9513#primaryimage","url":"https:\/\/revistaautobus.com.br\/wp-content\/uploads\/2023\/08\/G8-a-noite-efeitos.jpg","contentUrl":"https:\/\/revistaautobus.com.br\/wp-content\/uploads\/2023\/08\/G8-a-noite-efeitos.jpg","width":1000,"height":666},{"@type":"BreadcrumbList","@id":"https:\/\/revistaautobus.com.br\/?p=9513#breadcrumb","itemListElement":[{"@type":"ListItem","position":1,"name":"In\u00edcio","item":"https:\/\/revistaautobus.com.br\/"},{"@type":"ListItem","position":2,"name":"Trimestre positivo"}]},{"@type":"WebSite","@id":"https:\/\/revistaautobus.com.br\/#website","url":"https:\/\/revistaautobus.com.br\/","name":"Revista AutoBus","description":"","publisher":{"@id":"https:\/\/revistaautobus.com.br\/#organization"},"potentialAction":[{"@type":"SearchAction","target":{"@type":"EntryPoint","urlTemplate":"https:\/\/revistaautobus.com.br\/?s={search_term_string}"},"query-input":{"@type":"PropertyValueSpecification","valueRequired":true,"valueName":"search_term_string"}}],"inLanguage":"pt-BR"},{"@type":"Organization","@id":"https:\/\/revistaautobus.com.br\/#organization","name":"Revista AutoBus","url":"https:\/\/revistaautobus.com.br\/","logo":{"@type":"ImageObject","inLanguage":"pt-BR","@id":"https:\/\/revistaautobus.com.br\/#\/schema\/logo\/image\/","url":"https:\/\/revistaautobus.com.br\/wp-content\/uploads\/2024\/11\/logo_revista_autobus_fb.png","contentUrl":"https:\/\/revistaautobus.com.br\/wp-content\/uploads\/2024\/11\/logo_revista_autobus_fb.png","width":836,"height":227,"caption":"Revista AutoBus"},"image":{"@id":"https:\/\/revistaautobus.com.br\/#\/schema\/logo\/image\/"},"sameAs":["https:\/\/www.facebook.com\/antonio.ferro.3150","https:\/\/www.instagram.com\/revistaautobus\/"]},{"@type":"Person","@id":"https:\/\/revistaautobus.com.br\/#\/schema\/person\/54af7c3eb83a310e42ef686ef6d16f50","name":"Antonio Ferro","image":{"@type":"ImageObject","inLanguage":"pt-BR","@id":"https:\/\/revistaautobus.com.br\/wp-content\/uploads\/2025\/12\/editor_antonio_ferro-150x150.jpg","url":"https:\/\/revistaautobus.com.br\/wp-content\/uploads\/2025\/12\/editor_antonio_ferro-150x150.jpg","contentUrl":"https:\/\/revistaautobus.com.br\/wp-content\/uploads\/2025\/12\/editor_antonio_ferro-150x150.jpg","caption":"Antonio Ferro"},"description":"infobus@uol.com.br","url":"https:\/\/revistaautobus.com.br\/?author=2"}]}},"jetpack_featured_media_url":"https:\/\/revistaautobus.com.br\/wp-content\/uploads\/2023\/08\/G8-a-noite-efeitos.jpg","jetpack_sharing_enabled":true,"_links":{"self":[{"href":"https:\/\/revistaautobus.com.br\/index.php?rest_route=\/wp\/v2\/posts\/9513","targetHints":{"allow":["GET"]}}],"collection":[{"href":"https:\/\/revistaautobus.com.br\/index.php?rest_route=\/wp\/v2\/posts"}],"about":[{"href":"https:\/\/revistaautobus.com.br\/index.php?rest_route=\/wp\/v2\/types\/post"}],"author":[{"embeddable":true,"href":"https:\/\/revistaautobus.com.br\/index.php?rest_route=\/wp\/v2\/users\/2"}],"replies":[{"embeddable":true,"href":"https:\/\/revistaautobus.com.br\/index.php?rest_route=%2Fwp%2Fv2%2Fcomments&post=9513"}],"version-history":[{"count":4,"href":"https:\/\/revistaautobus.com.br\/index.php?rest_route=\/wp\/v2\/posts\/9513\/revisions"}],"predecessor-version":[{"id":9587,"href":"https:\/\/revistaautobus.com.br\/index.php?rest_route=\/wp\/v2\/posts\/9513\/revisions\/9587"}],"wp:featuredmedia":[{"embeddable":true,"href":"https:\/\/revistaautobus.com.br\/index.php?rest_route=\/wp\/v2\/media\/9514"}],"wp:attachment":[{"href":"https:\/\/revistaautobus.com.br\/index.php?rest_route=%2Fwp%2Fv2%2Fmedia&parent=9513"}],"wp:term":[{"taxonomy":"category","embeddable":true,"href":"https:\/\/revistaautobus.com.br\/index.php?rest_route=%2Fwp%2Fv2%2Fcategories&post=9513"},{"taxonomy":"post_tag","embeddable":true,"href":"https:\/\/revistaautobus.com.br\/index.php?rest_route=%2Fwp%2Fv2%2Ftags&post=9513"}],"curies":[{"name":"wp","href":"https:\/\/api.w.org\/{rel}","templated":true}]}}