{"id":9518,"date":"2023-08-04T08:22:46","date_gmt":"2023-08-04T11:22:46","guid":{"rendered":"https:\/\/revistaautobus.com.br\/?p=9518"},"modified":"2023-08-04T08:22:46","modified_gmt":"2023-08-04T11:22:46","slug":"grupo-jca-renova-a-frota-e-escolhe-a-mercedes-benz-como-fornecedora-dos-onibus","status":"publish","type":"post","link":"https:\/\/revistaautobus.com.br\/?p=9518","title":{"rendered":"Grupo JCA renova a frota e escolhe a Mercedes-Benz como fornecedora dos \u00f4nibus"},"content":{"rendered":"<p>N\u00e3o \u00e9 por acaso que a Mercedes-Benz \u00e9 l\u00edder na comercializa\u00e7\u00e3o de \u00f4nibus no Brasil. A montadora trabalhou muito forte para conquistar, em 2023, uma expressiva venda que soma 485 chassis \u00e0 um conhecido cliente do segmento do transporte rodovi\u00e1rio &#8211; o Grupo JCA -, fluminense de origem e que opera a maior frota de \u00f4nibus <em>Double Decker<\/em> do Pa\u00eds em linhas regulares.<\/p>\n<p>Na escolha pela marca, h\u00e1 um mix de modelos de chassis que atender\u00e3o diversos nichos de servi\u00e7os realizados pelo grupo \u2013 transporte rodovi\u00e1rio, fretamento e urbano. E todos os novos \u00f4nibus vir\u00e3o com a motoriza\u00e7\u00e3o Euro VI, a mais moderna e com \u00edndices de emiss\u00f5es poluentes muito pr\u00f3ximo de zero. Dentre os novos \u00f4nibus, 124 unidades s\u00e3o do modelo O500 RSDD (8&#215;2), 277 do chassi OF 1721 L (com suspens\u00e3o a ar) e outras 84 do micro-\u00f4nibus LO 916.<\/p>\n<p>Segundo Walter Barbosa, diretor de Vendas e Marketing \u00d4nibus da Mercedes-Benz do Brasil, a venda \u00e9 resultado de uma s\u00e9rie de considera\u00e7\u00f5es, comerciais e tecnol\u00f3gicas, que foram fundamentais na conclus\u00e3o do neg\u00f3cio. \u201cO Grupo JCA identificou, para a sua opera\u00e7\u00e3o, os benef\u00edcios econ\u00f4micos que podem ser alcan\u00e7ados com os nossos produtos. Tamb\u00e9m n\u00e3o posso esquecer do trabalho realizado pelo p\u00f3s-vendas da marca e da nossa engenharia, que desenvolveu os melhores ve\u00edculos\u201d, ressaltou.<\/p>\n<p>A Mercedes-Benz salienta sua linha 2023 de chassis de \u00f4nibus, com a exclusiva tecnologia BlueTec 6 de p\u00f3s-tratamento de emiss\u00f5es, que atende a legisla\u00e7\u00e3o Euro VI, sendo reconhecida como uma solu\u00e7\u00e3o robusta, eficiente e confi\u00e1vel para assegurar a redu\u00e7\u00e3o de 80% nas emiss\u00f5es de \u00f3xido de nitrog\u00eanio e de 50% nas de material particulado, isso em rela\u00e7\u00e3o ao Proconve P7, equivalente Euro V.<\/p>\n<p>Walter Barbosa lembrou que, al\u00e9m da quest\u00e3o ambiental, os novos \u00f4nibus, neste caso os rodovi\u00e1rios, trazem muita tecnologia embarcada, que proporciona viagens mais seguras e confort\u00e1veis, fator preponderante na escolha da marca. \u201cDentre os recursos incorporados, destaco o sistema de frenagem de emerg\u00eancia ABA 5, que est\u00e1 em sua quinta gera\u00e7\u00e3o e que agora detecta ciclistas e pedestres em movimento; o SGA, assistente de ponto cego, que alerta o motorista quanto \u00e0 presen\u00e7a de obst\u00e1culos do lado direito do ve\u00edculo; o sistema IHC, controle inteligente de farol alto, reduzindo, automaticamente, a intensidade da luz e a transmiss\u00e3o automatizada Traxon com 12 marchas, com dimensionamento espec\u00edfico para a opera\u00e7\u00e3o\u201d, observou Barbosa.<\/p>\n<div id=\"attachment_9520\" style=\"width: 885px\" class=\"wp-caption aligncenter\"><img loading=\"lazy\" decoding=\"async\" aria-describedby=\"caption-attachment-9520\" class=\"wp-image-9520 size-full\" src=\"https:\/\/revistaautobus.com.br\/wp-content\/uploads\/2023\/08\/20230619_aecb754a6b3e4812a238ab901a778645_release-1.png\" alt=\"\" width=\"875\" height=\"657\" srcset=\"https:\/\/revistaautobus.com.br\/wp-content\/uploads\/2023\/08\/20230619_aecb754a6b3e4812a238ab901a778645_release-1.png 875w, https:\/\/revistaautobus.com.br\/wp-content\/uploads\/2023\/08\/20230619_aecb754a6b3e4812a238ab901a778645_release-1-300x225.png 300w, https:\/\/revistaautobus.com.br\/wp-content\/uploads\/2023\/08\/20230619_aecb754a6b3e4812a238ab901a778645_release-1-768x577.png 768w\" sizes=\"(max-width: 875px) 100vw, 875px\" \/><p id=\"caption-attachment-9520\" class=\"wp-caption-text\"><span style=\"color: #333399;\"><em><strong>O Grupo JCA \u00e9 uma refer\u00eancia e escolheu a Mercedes-Benz, outra empresa refer\u00eancia em ve\u00edculos, para a renova\u00e7\u00e3o de sua frota<\/strong><\/em><\/span><\/p><\/div>\n<p>Relacionado aos ve\u00edculos com motoriza\u00e7\u00e3o dianteira, al\u00e9m da pr\u00f3pria suspens\u00e3o pneum\u00e1tica, eles tamb\u00e9m possuem sistema de assist\u00eancia de partida em rampa (travamento do freio por pouqu\u00edssimo tempo at\u00e9 o motorista pisar no acelerador).<\/p>\n<p>Outrossim, com essa nova aquisi\u00e7\u00e3o, principalmente de \u00f4nibus rodovi\u00e1rios, a Mercedes-Benz nunca desistiu de acreditar que poderia realizar novos neg\u00f3cios nesse segmento ao Grupo JCA, refor\u00e7ando sua presen\u00e7a no mercado. \u201cTeve momentos que deixamos de fornecer nossos chassis rodovi\u00e1rios para o grupo, especialmente de 2018 para c\u00e1. Contudo, n\u00e3o entregamos os pontos, sempre insistindo para estarmos presentes na frota. Lembro, claro, que nunca ficamos de fora das renova\u00e7\u00f5es das empresas do grupo, em se tratando de chassis com motores dianteiros\u201d, afirmou Walter.<\/p>\n<p><span style=\"color: #333399;\"><em><strong>Alto investimento na frota<\/strong><\/em><\/span><\/p>\n<p>O Grupo JCA investiu cerca de R$ 500 milh\u00f5es na renova\u00e7\u00e3o de parte de sua frota, incorporando solu\u00e7\u00f5es para tornar ela ainda mais segura, confort\u00e1vel e sustent\u00e1vel. A escolha pela tecnologia BlueTec 6 da motoriza\u00e7\u00e3o Mercedes-Benz atenta para a redu\u00e7\u00e3o de mais de 60% nas emiss\u00f5es de materiais particulados e quase 80% de \u00f3xido de nitrog\u00eanio, quando comparado a ve\u00edculos fabricados entre 2012 e 2022.<\/p>\n<p>Todos os novos chassis receber\u00e3o carro\u00e7arias da Marcopolo, tradicional fornecedor para o Grupo. Dentre os modelos adquiridos est\u00e3o o Paradiso 1800 DD G8, Viaggio 900, Ideale, Torino e Micro S\u00eanior. Ricardo Portolan, diretor de Opera\u00e7\u00f5es Comerciais MI &amp; Marketing da Marcopolo, ressaltou a aquisi\u00e7\u00e3o e disse que a encarro\u00e7adora est\u00e1 em um per\u00edodo positivo, acompanhando a expans\u00e3o dos neg\u00f3cios de empresas focadas no transporte de passageiros. \u201cO aumento da procura por viagens rodovi\u00e1rias, o retorno das pessoas \u00e0s atividades presenciais e o otimismo gerado pelo fim do isolamento, s\u00e3o oportunidades para compra de novos \u00f4nibus e a renova\u00e7\u00e3o das frotas para garantir o conforto e seguran\u00e7a dos passageiros\u201d, observou ele.<\/p>\n<p>J\u00e1 o conselheiro do Grupo JCA, Marcelo Antunes, disse que a seguran\u00e7a e conforto, aliados \u00e0 sustentabilidade, s\u00e3o pilares das opera\u00e7\u00f5es conglomerado de empresas. \u201cHav\u00edamos planejado parte desta renova\u00e7\u00e3o para o ano passado, mas decidimos aguardar a implanta\u00e7\u00e3o do padr\u00e3o Euro VI e optamos nessa compra pelos chassis da Mercedes-Benz, j\u00e1 equipados com a nova motoriza\u00e7\u00e3o, capaz de oferecer uma redu\u00e7\u00e3o significativa em emiss\u00f5es, com a mesma confiabilidade, robustez e desempenho, para oferecermos o que h\u00e1 de mais moderno em nossas viagens\u201d, salientou.<\/p>\n<p>Imagens &#8211; Divulga\u00e7\u00e3o<\/p>\n","protected":false},"excerpt":{"rendered":"<p>A tecnologia embarcada, a seguran\u00e7a e o conforto foram alguns dos aspectos observados na renova\u00e7\u00e3o da frota<\/p>\n","protected":false},"author":2,"featured_media":9519,"comment_status":"open","ping_status":"open","sticky":false,"template":"","format":"standard","meta":{"_et_pb_use_builder":"","_et_pb_old_content":"","_et_gb_content_width":"","_jetpack_memberships_contains_paid_content":false,"footnotes":""},"categories":[1],"tags":[89,17],"class_list":["post-9518","post","type-post","status-publish","format-standard","has-post-thumbnail","hentry","category-sem-categoria","tag-grupo-jca","tag-mercedes-benz","et-has-post-format-content","et_post_format-et-post-format-standard"],"yoast_head":"<!-- This site is optimized with the Yoast SEO plugin v27.2 - https:\/\/yoast.com\/product\/yoast-seo-wordpress\/ -->\n<title>Grupo JCA renova a frota e escolhe a Mercedes-Benz como fornecedora dos \u00f4nibus - Revista AutoBus<\/title>\n<meta name=\"robots\" content=\"index, follow, max-snippet:-1, max-image-preview:large, max-video-preview:-1\" \/>\n<link rel=\"canonical\" href=\"https:\/\/revistaautobus.com.br\/?p=9518\" \/>\n<meta property=\"og:locale\" content=\"pt_BR\" \/>\n<meta property=\"og:type\" content=\"article\" \/>\n<meta property=\"og:title\" content=\"Grupo JCA renova a frota e escolhe a Mercedes-Benz como fornecedora dos \u00f4nibus - Revista AutoBus\" \/>\n<meta property=\"og:description\" content=\"A tecnologia embarcada, a seguran\u00e7a e o conforto foram alguns dos aspectos observados na renova\u00e7\u00e3o da frota\" \/>\n<meta property=\"og:url\" content=\"https:\/\/revistaautobus.com.br\/?p=9518\" \/>\n<meta property=\"og:site_name\" content=\"Revista AutoBus\" \/>\n<meta property=\"article:publisher\" content=\"https:\/\/www.facebook.com\/antonio.ferro.3150\" \/>\n<meta property=\"article:published_time\" content=\"2023-08-04T11:22:46+00:00\" \/>\n<meta property=\"og:image\" content=\"https:\/\/revistaautobus.com.br\/wp-content\/uploads\/2023\/08\/Sit-Macae-23.jpg\" \/>\n\t<meta property=\"og:image:width\" content=\"1000\" \/>\n\t<meta property=\"og:image:height\" content=\"666\" \/>\n\t<meta property=\"og:image:type\" content=\"image\/jpeg\" \/>\n<meta name=\"author\" content=\"Antonio Ferro\" \/>\n<meta name=\"twitter:card\" content=\"summary_large_image\" \/>\n<meta name=\"twitter:label1\" content=\"Escrito por\" \/>\n\t<meta name=\"twitter:data1\" content=\"Antonio Ferro\" \/>\n\t<meta name=\"twitter:label2\" content=\"Est. tempo de leitura\" \/>\n\t<meta name=\"twitter:data2\" content=\"4 minutos\" \/>\n<script type=\"application\/ld+json\" class=\"yoast-schema-graph\">{\"@context\":\"https:\/\/schema.org\",\"@graph\":[{\"@type\":\"Article\",\"@id\":\"https:\/\/revistaautobus.com.br\/?p=9518#article\",\"isPartOf\":{\"@id\":\"https:\/\/revistaautobus.com.br\/?p=9518\"},\"author\":{\"name\":\"Antonio Ferro\",\"@id\":\"https:\/\/revistaautobus.com.br\/#\/schema\/person\/54af7c3eb83a310e42ef686ef6d16f50\"},\"headline\":\"Grupo JCA renova a frota e escolhe a Mercedes-Benz como fornecedora dos \u00f4nibus\",\"datePublished\":\"2023-08-04T11:22:46+00:00\",\"mainEntityOfPage\":{\"@id\":\"https:\/\/revistaautobus.com.br\/?p=9518\"},\"wordCount\":883,\"commentCount\":0,\"publisher\":{\"@id\":\"https:\/\/revistaautobus.com.br\/#organization\"},\"image\":{\"@id\":\"https:\/\/revistaautobus.com.br\/?p=9518#primaryimage\"},\"thumbnailUrl\":\"https:\/\/revistaautobus.com.br\/wp-content\/uploads\/2023\/08\/Sit-Macae-23.jpg\",\"keywords\":[\"Grupo JCA\",\"mercedes-benz\"],\"inLanguage\":\"pt-BR\",\"potentialAction\":[{\"@type\":\"CommentAction\",\"name\":\"Comment\",\"target\":[\"https:\/\/revistaautobus.com.br\/?p=9518#respond\"]}]},{\"@type\":\"WebPage\",\"@id\":\"https:\/\/revistaautobus.com.br\/?p=9518\",\"url\":\"https:\/\/revistaautobus.com.br\/?p=9518\",\"name\":\"Grupo JCA renova a frota e escolhe a Mercedes-Benz como fornecedora dos \u00f4nibus - Revista AutoBus\",\"isPartOf\":{\"@id\":\"https:\/\/revistaautobus.com.br\/#website\"},\"primaryImageOfPage\":{\"@id\":\"https:\/\/revistaautobus.com.br\/?p=9518#primaryimage\"},\"image\":{\"@id\":\"https:\/\/revistaautobus.com.br\/?p=9518#primaryimage\"},\"thumbnailUrl\":\"https:\/\/revistaautobus.com.br\/wp-content\/uploads\/2023\/08\/Sit-Macae-23.jpg\",\"datePublished\":\"2023-08-04T11:22:46+00:00\",\"breadcrumb\":{\"@id\":\"https:\/\/revistaautobus.com.br\/?p=9518#breadcrumb\"},\"inLanguage\":\"pt-BR\",\"potentialAction\":[{\"@type\":\"ReadAction\",\"target\":[\"https:\/\/revistaautobus.com.br\/?p=9518\"]}]},{\"@type\":\"ImageObject\",\"inLanguage\":\"pt-BR\",\"@id\":\"https:\/\/revistaautobus.com.br\/?p=9518#primaryimage\",\"url\":\"https:\/\/revistaautobus.com.br\/wp-content\/uploads\/2023\/08\/Sit-Macae-23.jpg\",\"contentUrl\":\"https:\/\/revistaautobus.com.br\/wp-content\/uploads\/2023\/08\/Sit-Macae-23.jpg\",\"width\":1000,\"height\":666},{\"@type\":\"BreadcrumbList\",\"@id\":\"https:\/\/revistaautobus.com.br\/?p=9518#breadcrumb\",\"itemListElement\":[{\"@type\":\"ListItem\",\"position\":1,\"name\":\"In\u00edcio\",\"item\":\"https:\/\/revistaautobus.com.br\/\"},{\"@type\":\"ListItem\",\"position\":2,\"name\":\"Grupo JCA renova a frota e escolhe a Mercedes-Benz como fornecedora dos \u00f4nibus\"}]},{\"@type\":\"WebSite\",\"@id\":\"https:\/\/revistaautobus.com.br\/#website\",\"url\":\"https:\/\/revistaautobus.com.br\/\",\"name\":\"Revista AutoBus\",\"description\":\"\",\"publisher\":{\"@id\":\"https:\/\/revistaautobus.com.br\/#organization\"},\"potentialAction\":[{\"@type\":\"SearchAction\",\"target\":{\"@type\":\"EntryPoint\",\"urlTemplate\":\"https:\/\/revistaautobus.com.br\/?s={search_term_string}\"},\"query-input\":{\"@type\":\"PropertyValueSpecification\",\"valueRequired\":true,\"valueName\":\"search_term_string\"}}],\"inLanguage\":\"pt-BR\"},{\"@type\":\"Organization\",\"@id\":\"https:\/\/revistaautobus.com.br\/#organization\",\"name\":\"Revista AutoBus\",\"url\":\"https:\/\/revistaautobus.com.br\/\",\"logo\":{\"@type\":\"ImageObject\",\"inLanguage\":\"pt-BR\",\"@id\":\"https:\/\/revistaautobus.com.br\/#\/schema\/logo\/image\/\",\"url\":\"https:\/\/revistaautobus.com.br\/wp-content\/uploads\/2024\/11\/logo_revista_autobus_fb.png\",\"contentUrl\":\"https:\/\/revistaautobus.com.br\/wp-content\/uploads\/2024\/11\/logo_revista_autobus_fb.png\",\"width\":836,\"height\":227,\"caption\":\"Revista AutoBus\"},\"image\":{\"@id\":\"https:\/\/revistaautobus.com.br\/#\/schema\/logo\/image\/\"},\"sameAs\":[\"https:\/\/www.facebook.com\/antonio.ferro.3150\",\"https:\/\/www.instagram.com\/revistaautobus\/\"]},{\"@type\":\"Person\",\"@id\":\"https:\/\/revistaautobus.com.br\/#\/schema\/person\/54af7c3eb83a310e42ef686ef6d16f50\",\"name\":\"Antonio Ferro\",\"image\":{\"@type\":\"ImageObject\",\"inLanguage\":\"pt-BR\",\"@id\":\"https:\/\/revistaautobus.com.br\/wp-content\/uploads\/2025\/12\/editor_antonio_ferro-150x150.jpg\",\"url\":\"https:\/\/revistaautobus.com.br\/wp-content\/uploads\/2025\/12\/editor_antonio_ferro-150x150.jpg\",\"contentUrl\":\"https:\/\/revistaautobus.com.br\/wp-content\/uploads\/2025\/12\/editor_antonio_ferro-150x150.jpg\",\"caption\":\"Antonio Ferro\"},\"description\":\"infobus@uol.com.br\",\"url\":\"https:\/\/revistaautobus.com.br\/?author=2\"}]}<\/script>\n<!-- \/ Yoast SEO plugin. -->","yoast_head_json":{"title":"Grupo JCA renova a frota e escolhe a Mercedes-Benz como fornecedora dos \u00f4nibus - Revista AutoBus","robots":{"index":"index","follow":"follow","max-snippet":"max-snippet:-1","max-image-preview":"max-image-preview:large","max-video-preview":"max-video-preview:-1"},"canonical":"https:\/\/revistaautobus.com.br\/?p=9518","og_locale":"pt_BR","og_type":"article","og_title":"Grupo JCA renova a frota e escolhe a Mercedes-Benz como fornecedora dos \u00f4nibus - Revista AutoBus","og_description":"A tecnologia embarcada, a seguran\u00e7a e o conforto foram alguns dos aspectos observados na renova\u00e7\u00e3o da frota","og_url":"https:\/\/revistaautobus.com.br\/?p=9518","og_site_name":"Revista AutoBus","article_publisher":"https:\/\/www.facebook.com\/antonio.ferro.3150","article_published_time":"2023-08-04T11:22:46+00:00","og_image":[{"width":1000,"height":666,"url":"https:\/\/revistaautobus.com.br\/wp-content\/uploads\/2023\/08\/Sit-Macae-23.jpg","type":"image\/jpeg"}],"author":"Antonio Ferro","twitter_card":"summary_large_image","twitter_misc":{"Escrito por":"Antonio Ferro","Est. tempo de leitura":"4 minutos"},"schema":{"@context":"https:\/\/schema.org","@graph":[{"@type":"Article","@id":"https:\/\/revistaautobus.com.br\/?p=9518#article","isPartOf":{"@id":"https:\/\/revistaautobus.com.br\/?p=9518"},"author":{"name":"Antonio Ferro","@id":"https:\/\/revistaautobus.com.br\/#\/schema\/person\/54af7c3eb83a310e42ef686ef6d16f50"},"headline":"Grupo JCA renova a frota e escolhe a Mercedes-Benz como fornecedora dos \u00f4nibus","datePublished":"2023-08-04T11:22:46+00:00","mainEntityOfPage":{"@id":"https:\/\/revistaautobus.com.br\/?p=9518"},"wordCount":883,"commentCount":0,"publisher":{"@id":"https:\/\/revistaautobus.com.br\/#organization"},"image":{"@id":"https:\/\/revistaautobus.com.br\/?p=9518#primaryimage"},"thumbnailUrl":"https:\/\/revistaautobus.com.br\/wp-content\/uploads\/2023\/08\/Sit-Macae-23.jpg","keywords":["Grupo JCA","mercedes-benz"],"inLanguage":"pt-BR","potentialAction":[{"@type":"CommentAction","name":"Comment","target":["https:\/\/revistaautobus.com.br\/?p=9518#respond"]}]},{"@type":"WebPage","@id":"https:\/\/revistaautobus.com.br\/?p=9518","url":"https:\/\/revistaautobus.com.br\/?p=9518","name":"Grupo JCA renova a frota e escolhe a Mercedes-Benz como fornecedora dos \u00f4nibus - Revista AutoBus","isPartOf":{"@id":"https:\/\/revistaautobus.com.br\/#website"},"primaryImageOfPage":{"@id":"https:\/\/revistaautobus.com.br\/?p=9518#primaryimage"},"image":{"@id":"https:\/\/revistaautobus.com.br\/?p=9518#primaryimage"},"thumbnailUrl":"https:\/\/revistaautobus.com.br\/wp-content\/uploads\/2023\/08\/Sit-Macae-23.jpg","datePublished":"2023-08-04T11:22:46+00:00","breadcrumb":{"@id":"https:\/\/revistaautobus.com.br\/?p=9518#breadcrumb"},"inLanguage":"pt-BR","potentialAction":[{"@type":"ReadAction","target":["https:\/\/revistaautobus.com.br\/?p=9518"]}]},{"@type":"ImageObject","inLanguage":"pt-BR","@id":"https:\/\/revistaautobus.com.br\/?p=9518#primaryimage","url":"https:\/\/revistaautobus.com.br\/wp-content\/uploads\/2023\/08\/Sit-Macae-23.jpg","contentUrl":"https:\/\/revistaautobus.com.br\/wp-content\/uploads\/2023\/08\/Sit-Macae-23.jpg","width":1000,"height":666},{"@type":"BreadcrumbList","@id":"https:\/\/revistaautobus.com.br\/?p=9518#breadcrumb","itemListElement":[{"@type":"ListItem","position":1,"name":"In\u00edcio","item":"https:\/\/revistaautobus.com.br\/"},{"@type":"ListItem","position":2,"name":"Grupo JCA renova a frota e escolhe a Mercedes-Benz como fornecedora dos \u00f4nibus"}]},{"@type":"WebSite","@id":"https:\/\/revistaautobus.com.br\/#website","url":"https:\/\/revistaautobus.com.br\/","name":"Revista AutoBus","description":"","publisher":{"@id":"https:\/\/revistaautobus.com.br\/#organization"},"potentialAction":[{"@type":"SearchAction","target":{"@type":"EntryPoint","urlTemplate":"https:\/\/revistaautobus.com.br\/?s={search_term_string}"},"query-input":{"@type":"PropertyValueSpecification","valueRequired":true,"valueName":"search_term_string"}}],"inLanguage":"pt-BR"},{"@type":"Organization","@id":"https:\/\/revistaautobus.com.br\/#organization","name":"Revista AutoBus","url":"https:\/\/revistaautobus.com.br\/","logo":{"@type":"ImageObject","inLanguage":"pt-BR","@id":"https:\/\/revistaautobus.com.br\/#\/schema\/logo\/image\/","url":"https:\/\/revistaautobus.com.br\/wp-content\/uploads\/2024\/11\/logo_revista_autobus_fb.png","contentUrl":"https:\/\/revistaautobus.com.br\/wp-content\/uploads\/2024\/11\/logo_revista_autobus_fb.png","width":836,"height":227,"caption":"Revista AutoBus"},"image":{"@id":"https:\/\/revistaautobus.com.br\/#\/schema\/logo\/image\/"},"sameAs":["https:\/\/www.facebook.com\/antonio.ferro.3150","https:\/\/www.instagram.com\/revistaautobus\/"]},{"@type":"Person","@id":"https:\/\/revistaautobus.com.br\/#\/schema\/person\/54af7c3eb83a310e42ef686ef6d16f50","name":"Antonio Ferro","image":{"@type":"ImageObject","inLanguage":"pt-BR","@id":"https:\/\/revistaautobus.com.br\/wp-content\/uploads\/2025\/12\/editor_antonio_ferro-150x150.jpg","url":"https:\/\/revistaautobus.com.br\/wp-content\/uploads\/2025\/12\/editor_antonio_ferro-150x150.jpg","contentUrl":"https:\/\/revistaautobus.com.br\/wp-content\/uploads\/2025\/12\/editor_antonio_ferro-150x150.jpg","caption":"Antonio Ferro"},"description":"infobus@uol.com.br","url":"https:\/\/revistaautobus.com.br\/?author=2"}]}},"jetpack_featured_media_url":"https:\/\/revistaautobus.com.br\/wp-content\/uploads\/2023\/08\/Sit-Macae-23.jpg","jetpack_sharing_enabled":true,"_links":{"self":[{"href":"https:\/\/revistaautobus.com.br\/index.php?rest_route=\/wp\/v2\/posts\/9518","targetHints":{"allow":["GET"]}}],"collection":[{"href":"https:\/\/revistaautobus.com.br\/index.php?rest_route=\/wp\/v2\/posts"}],"about":[{"href":"https:\/\/revistaautobus.com.br\/index.php?rest_route=\/wp\/v2\/types\/post"}],"author":[{"embeddable":true,"href":"https:\/\/revistaautobus.com.br\/index.php?rest_route=\/wp\/v2\/users\/2"}],"replies":[{"embeddable":true,"href":"https:\/\/revistaautobus.com.br\/index.php?rest_route=%2Fwp%2Fv2%2Fcomments&post=9518"}],"version-history":[{"count":3,"href":"https:\/\/revistaautobus.com.br\/index.php?rest_route=\/wp\/v2\/posts\/9518\/revisions"}],"predecessor-version":[{"id":9523,"href":"https:\/\/revistaautobus.com.br\/index.php?rest_route=\/wp\/v2\/posts\/9518\/revisions\/9523"}],"wp:featuredmedia":[{"embeddable":true,"href":"https:\/\/revistaautobus.com.br\/index.php?rest_route=\/wp\/v2\/media\/9519"}],"wp:attachment":[{"href":"https:\/\/revistaautobus.com.br\/index.php?rest_route=%2Fwp%2Fv2%2Fmedia&parent=9518"}],"wp:term":[{"taxonomy":"category","embeddable":true,"href":"https:\/\/revistaautobus.com.br\/index.php?rest_route=%2Fwp%2Fv2%2Fcategories&post=9518"},{"taxonomy":"post_tag","embeddable":true,"href":"https:\/\/revistaautobus.com.br\/index.php?rest_route=%2Fwp%2Fv2%2Ftags&post=9518"}],"curies":[{"name":"wp","href":"https:\/\/api.w.org\/{rel}","templated":true}]}}