{"id":9524,"date":"2023-08-04T11:15:57","date_gmt":"2023-08-04T14:15:57","guid":{"rendered":"https:\/\/revistaautobus.com.br\/?p=9524"},"modified":"2023-08-04T11:16:49","modified_gmt":"2023-08-04T14:16:49","slug":"novas-perspectivas-para-o-transporte-publico-de-belo-horizonte","status":"publish","type":"post","link":"https:\/\/revistaautobus.com.br\/?p=9524","title":{"rendered":"Novas perspectivas para o transporte p\u00fablico de Belo Horizonte"},"content":{"rendered":"<p>Por\u00a0<em><span style=\"color: #003366;\"><strong>Andr\u00e9 Dantas<\/strong><\/span>,<\/em> superintendente de Mobilidade do Mun\u00edcipio de Belo Horizonte<\/p>\n<p>Depois de momentos dif\u00edceis nos \u00faltimos anos, a cidade de Belo Horizonte se encaminha para profundas transforma\u00e7\u00f5es e com uma s\u00e9rie de melhorias na qualidade do transporte p\u00fablico. Enfrentamos o agravamento da crise de mobilidade urbana, com congestionamentos e impactos diversos na efici\u00eancia do transporte coletivo, e tamb\u00e9m as graves consequ\u00eancias da pandemia COVID-19, que resultou em redu\u00e7\u00f5es nos servi\u00e7os prestados e tamb\u00e9m na demanda de passageiros, impactando imensamente o \u00a0equil\u00edbrio econ\u00f4mico-financeiro dos contratos. Essa situa\u00e7\u00e3o provocou a ado\u00e7\u00e3o de a\u00e7\u00f5es emergenciais, para garantir a continuidade dos servi\u00e7os at\u00e9 que medidas estruturantes fossem implementadas. Em Belo Horizonte, ap\u00f3s um processo de debate amplo e tecnicamente criterioso, a san\u00e7\u00e3o da Lei Municipal 11.458\/2023 representou uma abertura a novas perspectivas para\u00a0 um sistema mais eficiente, confi\u00e1vel e abrangente.<\/p>\n<p>A Lei 11.458\/2023 marcou um importante avan\u00e7o na melhoria do transporte p\u00fablico de Belo Horizonte. Essa legisla\u00e7\u00e3o alterou a forma de remunera\u00e7\u00e3o pela presta\u00e7\u00e3o dos servi\u00e7os, introduzindo um modelo inovador baseado na receita tarif\u00e1ria direta e na remunera\u00e7\u00e3o complementar por quil\u00f4metro realizado. A remunera\u00e7\u00e3o complementar representa cerca de 33% do custo total e est\u00e1 vinculada ao cumprimento dos crit\u00e9rios estabelecidos pela Prefeitura para cada viagem realizada. Essa mudan\u00e7a impacta diretamente na motiva\u00e7\u00e3o das concession\u00e1rias e dos permission\u00e1rios de realizar as viagens programadas com confiabilidade e pontualidade. Se os crit\u00e9rios estabelecidos pela Prefeitura de Belo Horizonte n\u00e3o s\u00e3o atendidos para cada viagem, ent\u00e3o n\u00e3o h\u00e1 o pagamento da remunera\u00e7\u00e3o complementar.<\/p>\n<p>A lei ainda estabelece que a Prefeitura de Belo Horizonte passa a ter responsabilidade de planejar os servi\u00e7os, que anteriormente eram dimensionados pelas concession\u00e1rias,\u00a0 o que possibilita atendimentos em hor\u00e1rios e locais antes n\u00e3o contemplados, proporcionando maior cobertura social. Finalmente, a lei determina que haver\u00e1, anualmente, a provis\u00e3o or\u00e7ament\u00e1ria para garantir que existam recursos para cobrir a remunera\u00e7\u00e3o complementar, ou seja, a lei vai al\u00e9m do investimento de R$512 milh\u00f5es em 2023, uma garantia para o melhoramento cont\u00ednuo do transporte p\u00fablico da cidade.<\/p>\n<div id=\"attachment_9526\" style=\"width: 1010px\" class=\"wp-caption aligncenter\"><img loading=\"lazy\" decoding=\"async\" aria-describedby=\"caption-attachment-9526\" class=\"wp-image-9526 size-full\" src=\"https:\/\/revistaautobus.com.br\/wp-content\/uploads\/2023\/08\/andredantas02.jpg\" alt=\"\" width=\"1000\" height=\"666\" srcset=\"https:\/\/revistaautobus.com.br\/wp-content\/uploads\/2023\/08\/andredantas02.jpg 1000w, https:\/\/revistaautobus.com.br\/wp-content\/uploads\/2023\/08\/andredantas02-300x200.jpg 300w, https:\/\/revistaautobus.com.br\/wp-content\/uploads\/2023\/08\/andredantas02-768x511.jpg 768w\" sizes=\"(max-width: 1000px) 100vw, 1000px\" \/><p id=\"caption-attachment-9526\" class=\"wp-caption-text\"><span style=\"color: #000080;\"><em><strong>Andr\u00e9 Dantas<\/strong><\/em><\/span><\/p><\/div>\n<p>Na pr\u00e1tica, j\u00e1 podemos observar muitas melhorias no sistema. A principal delas \u00e9 que refizemos o dimensionamento do quadro de hor\u00e1rios para inserir mais viagens. At\u00e9 o final de dezembro de 2023, haver\u00e1 um acr\u00e9scimo de 10% de viagens em rela\u00e7\u00e3o ao que vinha sendo praticado. Essas viagens v\u00e3o reduzir significativamente a superlota\u00e7\u00e3o nos \u00f4nibus, pois escolhemos os hor\u00e1rios mais cr\u00edticos com base no acolhimento da popula\u00e7\u00e3o usu\u00e1ria e nos dados coletados pelos nossos sistemas de monitoramento. H\u00e1 tamb\u00e9m melhorias no atendimento de bairros que tinham cobertura limitada e passaram a ter melhores itiner\u00e1rios que reduzem a caminhada at\u00e9 o ponto de embarque e desembarque. Finalmente, temos a satisfa\u00e7\u00e3o de apontar que a frota ser\u00e1 renovada em 420 novos ve\u00edculos, sendo 240 relacionados \u00e0 reposi\u00e7\u00e3o de ve\u00edculos com idade superior a 12 anos e outros 180 adicionais. E podemos acrescentar , como um benef\u00edcio para a popula\u00e7\u00e3o, a manuten\u00e7\u00e3o do\u00a0 valor da tarifa em R$ 4,50, desde 2018.<\/p>\n<p>Al\u00e9m dessas melhorias de curto prazo, as perspectivas futuras s\u00e3o ainda mais interessantes. A equipe da Superintend\u00eancia de Mobilidade (Sumob) est\u00e1 estudando v\u00e1rias possibilidades de investimentos significativos em todas as \u00e1reas: ve\u00edculos; tecnologia; processos e pessoas. Gradualmente, com muita responsabilidade, rigor t\u00e9cnico e investimentos planejados, a cidade caminha em dire\u00e7\u00e3o a um transporte p\u00fablico mais eficiente, confi\u00e1vel e de qualidade para seus cidad\u00e3os.<\/p>\n<p>Imagens &#8211; Divulga\u00e7\u00e3o\/Tulio Ottoni<\/p>\n<p>&nbsp;<\/p>\n","protected":false},"excerpt":{"rendered":"<p>&#8220;Al\u00e9m dessas melhorias de curto prazo, as perspectivas futuras s\u00e3o ainda mais interessantes&#8221;<\/p>\n","protected":false},"author":2,"featured_media":9525,"comment_status":"open","ping_status":"open","sticky":false,"template":"","format":"standard","meta":{"_et_pb_use_builder":"","_et_pb_old_content":"","_et_gb_content_width":"","_jetpack_memberships_contains_paid_content":false,"footnotes":""},"categories":[5,52,7,41],"tags":[556],"class_list":["post-9524","post","type-post","status-publish","format-standard","has-post-thumbnail","hentry","category-conexao-mobilidade","category-especialistas","category-mobilidade-urbana","category-ponto-de-vista","tag-transporte-coletivo-de-belo-horizonte","et-has-post-format-content","et_post_format-et-post-format-standard"],"yoast_head":"<!-- This site is optimized with the Yoast SEO plugin v27.2 - https:\/\/yoast.com\/product\/yoast-seo-wordpress\/ -->\n<title>Novas perspectivas para o transporte p\u00fablico de Belo Horizonte - Revista AutoBus<\/title>\n<meta name=\"robots\" content=\"index, follow, max-snippet:-1, max-image-preview:large, max-video-preview:-1\" \/>\n<link rel=\"canonical\" href=\"https:\/\/revistaautobus.com.br\/?p=9524\" \/>\n<meta property=\"og:locale\" content=\"pt_BR\" \/>\n<meta property=\"og:type\" content=\"article\" \/>\n<meta property=\"og:title\" content=\"Novas perspectivas para o transporte p\u00fablico de Belo Horizonte - Revista AutoBus\" \/>\n<meta property=\"og:description\" content=\"&quot;Al\u00e9m dessas melhorias de curto prazo, as perspectivas futuras s\u00e3o ainda mais interessantes&quot;\" \/>\n<meta property=\"og:url\" content=\"https:\/\/revistaautobus.com.br\/?p=9524\" \/>\n<meta property=\"og:site_name\" content=\"Revista AutoBus\" \/>\n<meta property=\"article:publisher\" content=\"https:\/\/www.facebook.com\/antonio.ferro.3150\" \/>\n<meta property=\"article:published_time\" content=\"2023-08-04T14:15:57+00:00\" \/>\n<meta property=\"article:modified_time\" content=\"2023-08-04T14:16:49+00:00\" \/>\n<meta property=\"og:image\" content=\"https:\/\/revistaautobus.com.br\/wp-content\/uploads\/2023\/08\/CAPA_TULIO-OTTONI-menor2.jpg\" \/>\n\t<meta property=\"og:image:width\" content=\"1000\" \/>\n\t<meta property=\"og:image:height\" content=\"1086\" \/>\n\t<meta property=\"og:image:type\" content=\"image\/jpeg\" \/>\n<meta name=\"author\" content=\"Antonio Ferro\" \/>\n<meta name=\"twitter:card\" content=\"summary_large_image\" \/>\n<meta name=\"twitter:label1\" content=\"Escrito por\" \/>\n\t<meta name=\"twitter:data1\" content=\"Antonio Ferro\" \/>\n\t<meta name=\"twitter:label2\" content=\"Est. tempo de leitura\" \/>\n\t<meta name=\"twitter:data2\" content=\"3 minutos\" \/>\n<script type=\"application\/ld+json\" class=\"yoast-schema-graph\">{\"@context\":\"https:\/\/schema.org\",\"@graph\":[{\"@type\":\"Article\",\"@id\":\"https:\/\/revistaautobus.com.br\/?p=9524#article\",\"isPartOf\":{\"@id\":\"https:\/\/revistaautobus.com.br\/?p=9524\"},\"author\":{\"name\":\"Antonio Ferro\",\"@id\":\"https:\/\/revistaautobus.com.br\/#\/schema\/person\/54af7c3eb83a310e42ef686ef6d16f50\"},\"headline\":\"Novas perspectivas para o transporte p\u00fablico de Belo Horizonte\",\"datePublished\":\"2023-08-04T14:15:57+00:00\",\"dateModified\":\"2023-08-04T14:16:49+00:00\",\"mainEntityOfPage\":{\"@id\":\"https:\/\/revistaautobus.com.br\/?p=9524\"},\"wordCount\":643,\"commentCount\":0,\"publisher\":{\"@id\":\"https:\/\/revistaautobus.com.br\/#organization\"},\"image\":{\"@id\":\"https:\/\/revistaautobus.com.br\/?p=9524#primaryimage\"},\"thumbnailUrl\":\"https:\/\/revistaautobus.com.br\/wp-content\/uploads\/2023\/08\/CAPA_TULIO-OTTONI-menor2.jpg\",\"keywords\":[\"Transporte coletivo de Belo Horizonte\"],\"articleSection\":[\"Conex\u00e3o Mobilidade\",\"Especialistas\",\"Mobilidade Urbana\",\"Ponto de Vista\"],\"inLanguage\":\"pt-BR\",\"potentialAction\":[{\"@type\":\"CommentAction\",\"name\":\"Comment\",\"target\":[\"https:\/\/revistaautobus.com.br\/?p=9524#respond\"]}]},{\"@type\":\"WebPage\",\"@id\":\"https:\/\/revistaautobus.com.br\/?p=9524\",\"url\":\"https:\/\/revistaautobus.com.br\/?p=9524\",\"name\":\"Novas perspectivas para o transporte p\u00fablico de Belo Horizonte - Revista AutoBus\",\"isPartOf\":{\"@id\":\"https:\/\/revistaautobus.com.br\/#website\"},\"primaryImageOfPage\":{\"@id\":\"https:\/\/revistaautobus.com.br\/?p=9524#primaryimage\"},\"image\":{\"@id\":\"https:\/\/revistaautobus.com.br\/?p=9524#primaryimage\"},\"thumbnailUrl\":\"https:\/\/revistaautobus.com.br\/wp-content\/uploads\/2023\/08\/CAPA_TULIO-OTTONI-menor2.jpg\",\"datePublished\":\"2023-08-04T14:15:57+00:00\",\"dateModified\":\"2023-08-04T14:16:49+00:00\",\"breadcrumb\":{\"@id\":\"https:\/\/revistaautobus.com.br\/?p=9524#breadcrumb\"},\"inLanguage\":\"pt-BR\",\"potentialAction\":[{\"@type\":\"ReadAction\",\"target\":[\"https:\/\/revistaautobus.com.br\/?p=9524\"]}]},{\"@type\":\"ImageObject\",\"inLanguage\":\"pt-BR\",\"@id\":\"https:\/\/revistaautobus.com.br\/?p=9524#primaryimage\",\"url\":\"https:\/\/revistaautobus.com.br\/wp-content\/uploads\/2023\/08\/CAPA_TULIO-OTTONI-menor2.jpg\",\"contentUrl\":\"https:\/\/revistaautobus.com.br\/wp-content\/uploads\/2023\/08\/CAPA_TULIO-OTTONI-menor2.jpg\",\"width\":1000,\"height\":1086},{\"@type\":\"BreadcrumbList\",\"@id\":\"https:\/\/revistaautobus.com.br\/?p=9524#breadcrumb\",\"itemListElement\":[{\"@type\":\"ListItem\",\"position\":1,\"name\":\"In\u00edcio\",\"item\":\"https:\/\/revistaautobus.com.br\/\"},{\"@type\":\"ListItem\",\"position\":2,\"name\":\"Novas perspectivas para o transporte p\u00fablico de Belo Horizonte\"}]},{\"@type\":\"WebSite\",\"@id\":\"https:\/\/revistaautobus.com.br\/#website\",\"url\":\"https:\/\/revistaautobus.com.br\/\",\"name\":\"Revista AutoBus\",\"description\":\"\",\"publisher\":{\"@id\":\"https:\/\/revistaautobus.com.br\/#organization\"},\"potentialAction\":[{\"@type\":\"SearchAction\",\"target\":{\"@type\":\"EntryPoint\",\"urlTemplate\":\"https:\/\/revistaautobus.com.br\/?s={search_term_string}\"},\"query-input\":{\"@type\":\"PropertyValueSpecification\",\"valueRequired\":true,\"valueName\":\"search_term_string\"}}],\"inLanguage\":\"pt-BR\"},{\"@type\":\"Organization\",\"@id\":\"https:\/\/revistaautobus.com.br\/#organization\",\"name\":\"Revista AutoBus\",\"url\":\"https:\/\/revistaautobus.com.br\/\",\"logo\":{\"@type\":\"ImageObject\",\"inLanguage\":\"pt-BR\",\"@id\":\"https:\/\/revistaautobus.com.br\/#\/schema\/logo\/image\/\",\"url\":\"https:\/\/revistaautobus.com.br\/wp-content\/uploads\/2024\/11\/logo_revista_autobus_fb.png\",\"contentUrl\":\"https:\/\/revistaautobus.com.br\/wp-content\/uploads\/2024\/11\/logo_revista_autobus_fb.png\",\"width\":836,\"height\":227,\"caption\":\"Revista AutoBus\"},\"image\":{\"@id\":\"https:\/\/revistaautobus.com.br\/#\/schema\/logo\/image\/\"},\"sameAs\":[\"https:\/\/www.facebook.com\/antonio.ferro.3150\",\"https:\/\/www.instagram.com\/revistaautobus\/\"]},{\"@type\":\"Person\",\"@id\":\"https:\/\/revistaautobus.com.br\/#\/schema\/person\/54af7c3eb83a310e42ef686ef6d16f50\",\"name\":\"Antonio Ferro\",\"image\":{\"@type\":\"ImageObject\",\"inLanguage\":\"pt-BR\",\"@id\":\"https:\/\/revistaautobus.com.br\/wp-content\/uploads\/2025\/12\/editor_antonio_ferro-150x150.jpg\",\"url\":\"https:\/\/revistaautobus.com.br\/wp-content\/uploads\/2025\/12\/editor_antonio_ferro-150x150.jpg\",\"contentUrl\":\"https:\/\/revistaautobus.com.br\/wp-content\/uploads\/2025\/12\/editor_antonio_ferro-150x150.jpg\",\"caption\":\"Antonio Ferro\"},\"description\":\"infobus@uol.com.br\",\"url\":\"https:\/\/revistaautobus.com.br\/?author=2\"}]}<\/script>\n<!-- \/ Yoast SEO plugin. -->","yoast_head_json":{"title":"Novas perspectivas para o transporte p\u00fablico de Belo Horizonte - Revista AutoBus","robots":{"index":"index","follow":"follow","max-snippet":"max-snippet:-1","max-image-preview":"max-image-preview:large","max-video-preview":"max-video-preview:-1"},"canonical":"https:\/\/revistaautobus.com.br\/?p=9524","og_locale":"pt_BR","og_type":"article","og_title":"Novas perspectivas para o transporte p\u00fablico de Belo Horizonte - Revista AutoBus","og_description":"\"Al\u00e9m dessas melhorias de curto prazo, as perspectivas futuras s\u00e3o ainda mais interessantes\"","og_url":"https:\/\/revistaautobus.com.br\/?p=9524","og_site_name":"Revista AutoBus","article_publisher":"https:\/\/www.facebook.com\/antonio.ferro.3150","article_published_time":"2023-08-04T14:15:57+00:00","article_modified_time":"2023-08-04T14:16:49+00:00","og_image":[{"width":1000,"height":1086,"url":"https:\/\/revistaautobus.com.br\/wp-content\/uploads\/2023\/08\/CAPA_TULIO-OTTONI-menor2.jpg","type":"image\/jpeg"}],"author":"Antonio Ferro","twitter_card":"summary_large_image","twitter_misc":{"Escrito por":"Antonio Ferro","Est. tempo de leitura":"3 minutos"},"schema":{"@context":"https:\/\/schema.org","@graph":[{"@type":"Article","@id":"https:\/\/revistaautobus.com.br\/?p=9524#article","isPartOf":{"@id":"https:\/\/revistaautobus.com.br\/?p=9524"},"author":{"name":"Antonio Ferro","@id":"https:\/\/revistaautobus.com.br\/#\/schema\/person\/54af7c3eb83a310e42ef686ef6d16f50"},"headline":"Novas perspectivas para o transporte p\u00fablico de Belo Horizonte","datePublished":"2023-08-04T14:15:57+00:00","dateModified":"2023-08-04T14:16:49+00:00","mainEntityOfPage":{"@id":"https:\/\/revistaautobus.com.br\/?p=9524"},"wordCount":643,"commentCount":0,"publisher":{"@id":"https:\/\/revistaautobus.com.br\/#organization"},"image":{"@id":"https:\/\/revistaautobus.com.br\/?p=9524#primaryimage"},"thumbnailUrl":"https:\/\/revistaautobus.com.br\/wp-content\/uploads\/2023\/08\/CAPA_TULIO-OTTONI-menor2.jpg","keywords":["Transporte coletivo de Belo Horizonte"],"articleSection":["Conex\u00e3o Mobilidade","Especialistas","Mobilidade Urbana","Ponto de Vista"],"inLanguage":"pt-BR","potentialAction":[{"@type":"CommentAction","name":"Comment","target":["https:\/\/revistaautobus.com.br\/?p=9524#respond"]}]},{"@type":"WebPage","@id":"https:\/\/revistaautobus.com.br\/?p=9524","url":"https:\/\/revistaautobus.com.br\/?p=9524","name":"Novas perspectivas para o transporte p\u00fablico de Belo Horizonte - Revista AutoBus","isPartOf":{"@id":"https:\/\/revistaautobus.com.br\/#website"},"primaryImageOfPage":{"@id":"https:\/\/revistaautobus.com.br\/?p=9524#primaryimage"},"image":{"@id":"https:\/\/revistaautobus.com.br\/?p=9524#primaryimage"},"thumbnailUrl":"https:\/\/revistaautobus.com.br\/wp-content\/uploads\/2023\/08\/CAPA_TULIO-OTTONI-menor2.jpg","datePublished":"2023-08-04T14:15:57+00:00","dateModified":"2023-08-04T14:16:49+00:00","breadcrumb":{"@id":"https:\/\/revistaautobus.com.br\/?p=9524#breadcrumb"},"inLanguage":"pt-BR","potentialAction":[{"@type":"ReadAction","target":["https:\/\/revistaautobus.com.br\/?p=9524"]}]},{"@type":"ImageObject","inLanguage":"pt-BR","@id":"https:\/\/revistaautobus.com.br\/?p=9524#primaryimage","url":"https:\/\/revistaautobus.com.br\/wp-content\/uploads\/2023\/08\/CAPA_TULIO-OTTONI-menor2.jpg","contentUrl":"https:\/\/revistaautobus.com.br\/wp-content\/uploads\/2023\/08\/CAPA_TULIO-OTTONI-menor2.jpg","width":1000,"height":1086},{"@type":"BreadcrumbList","@id":"https:\/\/revistaautobus.com.br\/?p=9524#breadcrumb","itemListElement":[{"@type":"ListItem","position":1,"name":"In\u00edcio","item":"https:\/\/revistaautobus.com.br\/"},{"@type":"ListItem","position":2,"name":"Novas perspectivas para o transporte p\u00fablico de Belo Horizonte"}]},{"@type":"WebSite","@id":"https:\/\/revistaautobus.com.br\/#website","url":"https:\/\/revistaautobus.com.br\/","name":"Revista AutoBus","description":"","publisher":{"@id":"https:\/\/revistaautobus.com.br\/#organization"},"potentialAction":[{"@type":"SearchAction","target":{"@type":"EntryPoint","urlTemplate":"https:\/\/revistaautobus.com.br\/?s={search_term_string}"},"query-input":{"@type":"PropertyValueSpecification","valueRequired":true,"valueName":"search_term_string"}}],"inLanguage":"pt-BR"},{"@type":"Organization","@id":"https:\/\/revistaautobus.com.br\/#organization","name":"Revista AutoBus","url":"https:\/\/revistaautobus.com.br\/","logo":{"@type":"ImageObject","inLanguage":"pt-BR","@id":"https:\/\/revistaautobus.com.br\/#\/schema\/logo\/image\/","url":"https:\/\/revistaautobus.com.br\/wp-content\/uploads\/2024\/11\/logo_revista_autobus_fb.png","contentUrl":"https:\/\/revistaautobus.com.br\/wp-content\/uploads\/2024\/11\/logo_revista_autobus_fb.png","width":836,"height":227,"caption":"Revista AutoBus"},"image":{"@id":"https:\/\/revistaautobus.com.br\/#\/schema\/logo\/image\/"},"sameAs":["https:\/\/www.facebook.com\/antonio.ferro.3150","https:\/\/www.instagram.com\/revistaautobus\/"]},{"@type":"Person","@id":"https:\/\/revistaautobus.com.br\/#\/schema\/person\/54af7c3eb83a310e42ef686ef6d16f50","name":"Antonio Ferro","image":{"@type":"ImageObject","inLanguage":"pt-BR","@id":"https:\/\/revistaautobus.com.br\/wp-content\/uploads\/2025\/12\/editor_antonio_ferro-150x150.jpg","url":"https:\/\/revistaautobus.com.br\/wp-content\/uploads\/2025\/12\/editor_antonio_ferro-150x150.jpg","contentUrl":"https:\/\/revistaautobus.com.br\/wp-content\/uploads\/2025\/12\/editor_antonio_ferro-150x150.jpg","caption":"Antonio Ferro"},"description":"infobus@uol.com.br","url":"https:\/\/revistaautobus.com.br\/?author=2"}]}},"jetpack_featured_media_url":"https:\/\/revistaautobus.com.br\/wp-content\/uploads\/2023\/08\/CAPA_TULIO-OTTONI-menor2.jpg","jetpack_sharing_enabled":true,"_links":{"self":[{"href":"https:\/\/revistaautobus.com.br\/index.php?rest_route=\/wp\/v2\/posts\/9524","targetHints":{"allow":["GET"]}}],"collection":[{"href":"https:\/\/revistaautobus.com.br\/index.php?rest_route=\/wp\/v2\/posts"}],"about":[{"href":"https:\/\/revistaautobus.com.br\/index.php?rest_route=\/wp\/v2\/types\/post"}],"author":[{"embeddable":true,"href":"https:\/\/revistaautobus.com.br\/index.php?rest_route=\/wp\/v2\/users\/2"}],"replies":[{"embeddable":true,"href":"https:\/\/revistaautobus.com.br\/index.php?rest_route=%2Fwp%2Fv2%2Fcomments&post=9524"}],"version-history":[{"count":4,"href":"https:\/\/revistaautobus.com.br\/index.php?rest_route=\/wp\/v2\/posts\/9524\/revisions"}],"predecessor-version":[{"id":9530,"href":"https:\/\/revistaautobus.com.br\/index.php?rest_route=\/wp\/v2\/posts\/9524\/revisions\/9530"}],"wp:featuredmedia":[{"embeddable":true,"href":"https:\/\/revistaautobus.com.br\/index.php?rest_route=\/wp\/v2\/media\/9525"}],"wp:attachment":[{"href":"https:\/\/revistaautobus.com.br\/index.php?rest_route=%2Fwp%2Fv2%2Fmedia&parent=9524"}],"wp:term":[{"taxonomy":"category","embeddable":true,"href":"https:\/\/revistaautobus.com.br\/index.php?rest_route=%2Fwp%2Fv2%2Fcategories&post=9524"},{"taxonomy":"post_tag","embeddable":true,"href":"https:\/\/revistaautobus.com.br\/index.php?rest_route=%2Fwp%2Fv2%2Ftags&post=9524"}],"curies":[{"name":"wp","href":"https:\/\/api.w.org\/{rel}","templated":true}]}}