{"id":9531,"date":"2023-08-04T14:17:42","date_gmt":"2023-08-04T17:17:42","guid":{"rendered":"https:\/\/revistaautobus.com.br\/?p=9531"},"modified":"2023-08-04T14:17:42","modified_gmt":"2023-08-04T17:17:42","slug":"no-peru-a-geracao-8-otimiza-a-operacao-rodoviaria","status":"publish","type":"post","link":"https:\/\/revistaautobus.com.br\/?p=9531","title":{"rendered":"No Peru, a Gera\u00e7\u00e3o 8 otimiza a opera\u00e7\u00e3o rodovi\u00e1ria"},"content":{"rendered":"<p>A ITTSA BUS, da cidade peruana de Trujillo, acaba de adquirir 10 novas unidades da carro\u00e7aria Paradiso 1800 DD G8, produzidas pelas Marcopolo. Os ve\u00edculos, vendidos por meio da Mercobus, representante local, possuem 14,40 metros de comprimento, com poltronas leito <em>next<\/em>, equipadas com o exclusivo sistema de massageadores, instaladas no piso superior, e leito, no piso inferior, todas com cinto de seguran\u00e7a retr\u00e1til, porta-copos e tomadas USB.<\/p>\n<p>De acordo com a fabricante ga\u00facha, a sofistica\u00e7\u00e3o e a seguran\u00e7a s\u00e3o pontos fortes na configura\u00e7\u00e3o interna. Os ve\u00edculos s\u00e3o equipados com ar-condicionado Valeo CC430 P3 e sanit\u00e1rio com sistema de luz ultravioleta para desinfec\u00e7\u00e3o, interior com cromoterapia, duas geladeiras de 70l e 53l, aquecedor de alimentos de 58l e dois aquecedores de l\u00edquidos de 6,5l.<\/p>\n<p>Al\u00e9m disso, h\u00e1 o sistema de \u00e1udio e v\u00eddeo, com DVD e cinco monitores no piso superior e dois no piso inferior, monitoramento realizado por seis c\u00e2meras internas e uma externa (marcha r\u00e9), como tamb\u00e9m parede de separa\u00e7\u00e3o total, cortinas, itiner\u00e1rio eletr\u00f4nico, bagageiro e porta-pacotes.<\/p>\n<div id=\"attachment_9533\" style=\"width: 1010px\" class=\"wp-caption aligncenter\"><img loading=\"lazy\" decoding=\"async\" aria-describedby=\"caption-attachment-9533\" class=\"wp-image-9533 size-full\" src=\"https:\/\/revistaautobus.com.br\/wp-content\/uploads\/2023\/08\/04082023-Marcopolo-ITTSA-BUS_Peru_3.jpg\" alt=\"\" width=\"1000\" height=\"666\" srcset=\"https:\/\/revistaautobus.com.br\/wp-content\/uploads\/2023\/08\/04082023-Marcopolo-ITTSA-BUS_Peru_3.jpg 1000w, https:\/\/revistaautobus.com.br\/wp-content\/uploads\/2023\/08\/04082023-Marcopolo-ITTSA-BUS_Peru_3-300x200.jpg 300w, https:\/\/revistaautobus.com.br\/wp-content\/uploads\/2023\/08\/04082023-Marcopolo-ITTSA-BUS_Peru_3-768x511.jpg 768w\" sizes=\"(max-width: 1000px) 100vw, 1000px\" \/><p id=\"caption-attachment-9533\" class=\"wp-caption-text\"><span style=\"color: #008000;\"><em><strong>Conforto e muita sofistica\u00e7\u00e3o interna nos novos \u00f4nibus<\/strong><\/em><\/span><\/p><\/div>\n<p>Guilherme Schmidt Neto, consultor de Opera\u00e7\u00f5es Comerciais Mercado Externo respons\u00e1vel pelo mercado peruano, destacou que a Gera\u00e7\u00e3o 8 segue ampliando a sua presen\u00e7a e fortalecimento a participa\u00e7\u00e3o da Marcopolo nas estradas da Am\u00e9rica Latina. \u201cEspecialmente o modelo 1800 DD conquistou os operadores e o mercado, transformando o visual nas ruas das principais cidades do continente\u201d, afirmou.<\/p>\n<p>A operadora peruana ir\u00e1 utilizar seus novos \u00f4nibus, que possuem chassis da marca Scania, nas linhas regulares em que presta os servi\u00e7os.<\/p>\n<p>Imagens &#8211; Divulga\u00e7\u00e3o<\/p>\n","protected":false},"excerpt":{"rendered":"<p>As carro\u00e7arias rodovi\u00e1rias da Marcopolo alcan\u00e7am sucesso em toda a Am\u00e9rica Latina<\/p>\n","protected":false},"author":2,"featured_media":9532,"comment_status":"open","ping_status":"open","sticky":false,"template":"","format":"standard","meta":{"_et_pb_use_builder":"","_et_pb_old_content":"","_et_gb_content_width":"","_jetpack_memberships_contains_paid_content":false,"footnotes":""},"categories":[55,53],"tags":[84],"class_list":["post-9531","post","type-post","status-publish","format-standard","has-post-thumbnail","hentry","category-encarrocadora","category-internacional","tag-marcopolo","et-has-post-format-content","et_post_format-et-post-format-standard"],"yoast_head":"<!-- This site is optimized with the Yoast SEO plugin v27.2 - https:\/\/yoast.com\/product\/yoast-seo-wordpress\/ -->\n<title>No Peru, a Gera\u00e7\u00e3o 8 otimiza a opera\u00e7\u00e3o rodovi\u00e1ria - Revista AutoBus<\/title>\n<meta name=\"robots\" content=\"index, follow, max-snippet:-1, max-image-preview:large, max-video-preview:-1\" \/>\n<link rel=\"canonical\" href=\"https:\/\/revistaautobus.com.br\/?p=9531\" \/>\n<meta property=\"og:locale\" content=\"pt_BR\" \/>\n<meta property=\"og:type\" content=\"article\" \/>\n<meta property=\"og:title\" content=\"No Peru, a Gera\u00e7\u00e3o 8 otimiza a opera\u00e7\u00e3o rodovi\u00e1ria - Revista AutoBus\" \/>\n<meta property=\"og:description\" content=\"As carro\u00e7arias rodovi\u00e1rias da Marcopolo alcan\u00e7am sucesso em toda a Am\u00e9rica Latina\" \/>\n<meta property=\"og:url\" content=\"https:\/\/revistaautobus.com.br\/?p=9531\" \/>\n<meta property=\"og:site_name\" content=\"Revista AutoBus\" \/>\n<meta property=\"article:publisher\" content=\"https:\/\/www.facebook.com\/antonio.ferro.3150\" \/>\n<meta property=\"article:published_time\" content=\"2023-08-04T17:17:42+00:00\" \/>\n<meta property=\"og:image\" content=\"https:\/\/revistaautobus.com.br\/wp-content\/uploads\/2023\/08\/04082023-Marcopolo-ITTSA-BUS_Peru_1.jpg\" \/>\n\t<meta property=\"og:image:width\" content=\"1000\" \/>\n\t<meta property=\"og:image:height\" content=\"666\" \/>\n\t<meta property=\"og:image:type\" content=\"image\/jpeg\" \/>\n<meta name=\"author\" content=\"Antonio Ferro\" \/>\n<meta name=\"twitter:card\" content=\"summary_large_image\" \/>\n<meta name=\"twitter:label1\" content=\"Escrito por\" \/>\n\t<meta name=\"twitter:data1\" content=\"Antonio Ferro\" \/>\n\t<meta name=\"twitter:label2\" content=\"Est. tempo de leitura\" \/>\n\t<meta name=\"twitter:data2\" content=\"1 minuto\" \/>\n<script type=\"application\/ld+json\" class=\"yoast-schema-graph\">{\"@context\":\"https:\/\/schema.org\",\"@graph\":[{\"@type\":\"Article\",\"@id\":\"https:\/\/revistaautobus.com.br\/?p=9531#article\",\"isPartOf\":{\"@id\":\"https:\/\/revistaautobus.com.br\/?p=9531\"},\"author\":{\"name\":\"Antonio Ferro\",\"@id\":\"https:\/\/revistaautobus.com.br\/#\/schema\/person\/54af7c3eb83a310e42ef686ef6d16f50\"},\"headline\":\"No Peru, a Gera\u00e7\u00e3o 8 otimiza a opera\u00e7\u00e3o rodovi\u00e1ria\",\"datePublished\":\"2023-08-04T17:17:42+00:00\",\"mainEntityOfPage\":{\"@id\":\"https:\/\/revistaautobus.com.br\/?p=9531\"},\"wordCount\":300,\"commentCount\":0,\"publisher\":{\"@id\":\"https:\/\/revistaautobus.com.br\/#organization\"},\"image\":{\"@id\":\"https:\/\/revistaautobus.com.br\/?p=9531#primaryimage\"},\"thumbnailUrl\":\"https:\/\/revistaautobus.com.br\/wp-content\/uploads\/2023\/08\/04082023-Marcopolo-ITTSA-BUS_Peru_1.jpg\",\"keywords\":[\"Marcopolo\"],\"articleSection\":[\"Encarro\u00e7adora\",\"Internacional\"],\"inLanguage\":\"pt-BR\",\"potentialAction\":[{\"@type\":\"CommentAction\",\"name\":\"Comment\",\"target\":[\"https:\/\/revistaautobus.com.br\/?p=9531#respond\"]}]},{\"@type\":\"WebPage\",\"@id\":\"https:\/\/revistaautobus.com.br\/?p=9531\",\"url\":\"https:\/\/revistaautobus.com.br\/?p=9531\",\"name\":\"No Peru, a Gera\u00e7\u00e3o 8 otimiza a opera\u00e7\u00e3o rodovi\u00e1ria - Revista AutoBus\",\"isPartOf\":{\"@id\":\"https:\/\/revistaautobus.com.br\/#website\"},\"primaryImageOfPage\":{\"@id\":\"https:\/\/revistaautobus.com.br\/?p=9531#primaryimage\"},\"image\":{\"@id\":\"https:\/\/revistaautobus.com.br\/?p=9531#primaryimage\"},\"thumbnailUrl\":\"https:\/\/revistaautobus.com.br\/wp-content\/uploads\/2023\/08\/04082023-Marcopolo-ITTSA-BUS_Peru_1.jpg\",\"datePublished\":\"2023-08-04T17:17:42+00:00\",\"breadcrumb\":{\"@id\":\"https:\/\/revistaautobus.com.br\/?p=9531#breadcrumb\"},\"inLanguage\":\"pt-BR\",\"potentialAction\":[{\"@type\":\"ReadAction\",\"target\":[\"https:\/\/revistaautobus.com.br\/?p=9531\"]}]},{\"@type\":\"ImageObject\",\"inLanguage\":\"pt-BR\",\"@id\":\"https:\/\/revistaautobus.com.br\/?p=9531#primaryimage\",\"url\":\"https:\/\/revistaautobus.com.br\/wp-content\/uploads\/2023\/08\/04082023-Marcopolo-ITTSA-BUS_Peru_1.jpg\",\"contentUrl\":\"https:\/\/revistaautobus.com.br\/wp-content\/uploads\/2023\/08\/04082023-Marcopolo-ITTSA-BUS_Peru_1.jpg\",\"width\":1000,\"height\":666},{\"@type\":\"BreadcrumbList\",\"@id\":\"https:\/\/revistaautobus.com.br\/?p=9531#breadcrumb\",\"itemListElement\":[{\"@type\":\"ListItem\",\"position\":1,\"name\":\"In\u00edcio\",\"item\":\"https:\/\/revistaautobus.com.br\/\"},{\"@type\":\"ListItem\",\"position\":2,\"name\":\"No Peru, a Gera\u00e7\u00e3o 8 otimiza a opera\u00e7\u00e3o rodovi\u00e1ria\"}]},{\"@type\":\"WebSite\",\"@id\":\"https:\/\/revistaautobus.com.br\/#website\",\"url\":\"https:\/\/revistaautobus.com.br\/\",\"name\":\"Revista AutoBus\",\"description\":\"\",\"publisher\":{\"@id\":\"https:\/\/revistaautobus.com.br\/#organization\"},\"potentialAction\":[{\"@type\":\"SearchAction\",\"target\":{\"@type\":\"EntryPoint\",\"urlTemplate\":\"https:\/\/revistaautobus.com.br\/?s={search_term_string}\"},\"query-input\":{\"@type\":\"PropertyValueSpecification\",\"valueRequired\":true,\"valueName\":\"search_term_string\"}}],\"inLanguage\":\"pt-BR\"},{\"@type\":\"Organization\",\"@id\":\"https:\/\/revistaautobus.com.br\/#organization\",\"name\":\"Revista AutoBus\",\"url\":\"https:\/\/revistaautobus.com.br\/\",\"logo\":{\"@type\":\"ImageObject\",\"inLanguage\":\"pt-BR\",\"@id\":\"https:\/\/revistaautobus.com.br\/#\/schema\/logo\/image\/\",\"url\":\"https:\/\/revistaautobus.com.br\/wp-content\/uploads\/2024\/11\/logo_revista_autobus_fb.png\",\"contentUrl\":\"https:\/\/revistaautobus.com.br\/wp-content\/uploads\/2024\/11\/logo_revista_autobus_fb.png\",\"width\":836,\"height\":227,\"caption\":\"Revista AutoBus\"},\"image\":{\"@id\":\"https:\/\/revistaautobus.com.br\/#\/schema\/logo\/image\/\"},\"sameAs\":[\"https:\/\/www.facebook.com\/antonio.ferro.3150\",\"https:\/\/www.instagram.com\/revistaautobus\/\"]},{\"@type\":\"Person\",\"@id\":\"https:\/\/revistaautobus.com.br\/#\/schema\/person\/54af7c3eb83a310e42ef686ef6d16f50\",\"name\":\"Antonio Ferro\",\"image\":{\"@type\":\"ImageObject\",\"inLanguage\":\"pt-BR\",\"@id\":\"https:\/\/revistaautobus.com.br\/wp-content\/uploads\/2025\/12\/editor_antonio_ferro-150x150.jpg\",\"url\":\"https:\/\/revistaautobus.com.br\/wp-content\/uploads\/2025\/12\/editor_antonio_ferro-150x150.jpg\",\"contentUrl\":\"https:\/\/revistaautobus.com.br\/wp-content\/uploads\/2025\/12\/editor_antonio_ferro-150x150.jpg\",\"caption\":\"Antonio Ferro\"},\"description\":\"infobus@uol.com.br\",\"url\":\"https:\/\/revistaautobus.com.br\/?author=2\"}]}<\/script>\n<!-- \/ Yoast SEO plugin. -->","yoast_head_json":{"title":"No Peru, a Gera\u00e7\u00e3o 8 otimiza a opera\u00e7\u00e3o rodovi\u00e1ria - Revista AutoBus","robots":{"index":"index","follow":"follow","max-snippet":"max-snippet:-1","max-image-preview":"max-image-preview:large","max-video-preview":"max-video-preview:-1"},"canonical":"https:\/\/revistaautobus.com.br\/?p=9531","og_locale":"pt_BR","og_type":"article","og_title":"No Peru, a Gera\u00e7\u00e3o 8 otimiza a opera\u00e7\u00e3o rodovi\u00e1ria - Revista AutoBus","og_description":"As carro\u00e7arias rodovi\u00e1rias da Marcopolo alcan\u00e7am sucesso em toda a Am\u00e9rica Latina","og_url":"https:\/\/revistaautobus.com.br\/?p=9531","og_site_name":"Revista AutoBus","article_publisher":"https:\/\/www.facebook.com\/antonio.ferro.3150","article_published_time":"2023-08-04T17:17:42+00:00","og_image":[{"width":1000,"height":666,"url":"https:\/\/revistaautobus.com.br\/wp-content\/uploads\/2023\/08\/04082023-Marcopolo-ITTSA-BUS_Peru_1.jpg","type":"image\/jpeg"}],"author":"Antonio Ferro","twitter_card":"summary_large_image","twitter_misc":{"Escrito por":"Antonio Ferro","Est. tempo de leitura":"1 minuto"},"schema":{"@context":"https:\/\/schema.org","@graph":[{"@type":"Article","@id":"https:\/\/revistaautobus.com.br\/?p=9531#article","isPartOf":{"@id":"https:\/\/revistaautobus.com.br\/?p=9531"},"author":{"name":"Antonio Ferro","@id":"https:\/\/revistaautobus.com.br\/#\/schema\/person\/54af7c3eb83a310e42ef686ef6d16f50"},"headline":"No Peru, a Gera\u00e7\u00e3o 8 otimiza a opera\u00e7\u00e3o rodovi\u00e1ria","datePublished":"2023-08-04T17:17:42+00:00","mainEntityOfPage":{"@id":"https:\/\/revistaautobus.com.br\/?p=9531"},"wordCount":300,"commentCount":0,"publisher":{"@id":"https:\/\/revistaautobus.com.br\/#organization"},"image":{"@id":"https:\/\/revistaautobus.com.br\/?p=9531#primaryimage"},"thumbnailUrl":"https:\/\/revistaautobus.com.br\/wp-content\/uploads\/2023\/08\/04082023-Marcopolo-ITTSA-BUS_Peru_1.jpg","keywords":["Marcopolo"],"articleSection":["Encarro\u00e7adora","Internacional"],"inLanguage":"pt-BR","potentialAction":[{"@type":"CommentAction","name":"Comment","target":["https:\/\/revistaautobus.com.br\/?p=9531#respond"]}]},{"@type":"WebPage","@id":"https:\/\/revistaautobus.com.br\/?p=9531","url":"https:\/\/revistaautobus.com.br\/?p=9531","name":"No Peru, a Gera\u00e7\u00e3o 8 otimiza a opera\u00e7\u00e3o rodovi\u00e1ria - Revista AutoBus","isPartOf":{"@id":"https:\/\/revistaautobus.com.br\/#website"},"primaryImageOfPage":{"@id":"https:\/\/revistaautobus.com.br\/?p=9531#primaryimage"},"image":{"@id":"https:\/\/revistaautobus.com.br\/?p=9531#primaryimage"},"thumbnailUrl":"https:\/\/revistaautobus.com.br\/wp-content\/uploads\/2023\/08\/04082023-Marcopolo-ITTSA-BUS_Peru_1.jpg","datePublished":"2023-08-04T17:17:42+00:00","breadcrumb":{"@id":"https:\/\/revistaautobus.com.br\/?p=9531#breadcrumb"},"inLanguage":"pt-BR","potentialAction":[{"@type":"ReadAction","target":["https:\/\/revistaautobus.com.br\/?p=9531"]}]},{"@type":"ImageObject","inLanguage":"pt-BR","@id":"https:\/\/revistaautobus.com.br\/?p=9531#primaryimage","url":"https:\/\/revistaautobus.com.br\/wp-content\/uploads\/2023\/08\/04082023-Marcopolo-ITTSA-BUS_Peru_1.jpg","contentUrl":"https:\/\/revistaautobus.com.br\/wp-content\/uploads\/2023\/08\/04082023-Marcopolo-ITTSA-BUS_Peru_1.jpg","width":1000,"height":666},{"@type":"BreadcrumbList","@id":"https:\/\/revistaautobus.com.br\/?p=9531#breadcrumb","itemListElement":[{"@type":"ListItem","position":1,"name":"In\u00edcio","item":"https:\/\/revistaautobus.com.br\/"},{"@type":"ListItem","position":2,"name":"No Peru, a Gera\u00e7\u00e3o 8 otimiza a opera\u00e7\u00e3o rodovi\u00e1ria"}]},{"@type":"WebSite","@id":"https:\/\/revistaautobus.com.br\/#website","url":"https:\/\/revistaautobus.com.br\/","name":"Revista AutoBus","description":"","publisher":{"@id":"https:\/\/revistaautobus.com.br\/#organization"},"potentialAction":[{"@type":"SearchAction","target":{"@type":"EntryPoint","urlTemplate":"https:\/\/revistaautobus.com.br\/?s={search_term_string}"},"query-input":{"@type":"PropertyValueSpecification","valueRequired":true,"valueName":"search_term_string"}}],"inLanguage":"pt-BR"},{"@type":"Organization","@id":"https:\/\/revistaautobus.com.br\/#organization","name":"Revista AutoBus","url":"https:\/\/revistaautobus.com.br\/","logo":{"@type":"ImageObject","inLanguage":"pt-BR","@id":"https:\/\/revistaautobus.com.br\/#\/schema\/logo\/image\/","url":"https:\/\/revistaautobus.com.br\/wp-content\/uploads\/2024\/11\/logo_revista_autobus_fb.png","contentUrl":"https:\/\/revistaautobus.com.br\/wp-content\/uploads\/2024\/11\/logo_revista_autobus_fb.png","width":836,"height":227,"caption":"Revista AutoBus"},"image":{"@id":"https:\/\/revistaautobus.com.br\/#\/schema\/logo\/image\/"},"sameAs":["https:\/\/www.facebook.com\/antonio.ferro.3150","https:\/\/www.instagram.com\/revistaautobus\/"]},{"@type":"Person","@id":"https:\/\/revistaautobus.com.br\/#\/schema\/person\/54af7c3eb83a310e42ef686ef6d16f50","name":"Antonio Ferro","image":{"@type":"ImageObject","inLanguage":"pt-BR","@id":"https:\/\/revistaautobus.com.br\/wp-content\/uploads\/2025\/12\/editor_antonio_ferro-150x150.jpg","url":"https:\/\/revistaautobus.com.br\/wp-content\/uploads\/2025\/12\/editor_antonio_ferro-150x150.jpg","contentUrl":"https:\/\/revistaautobus.com.br\/wp-content\/uploads\/2025\/12\/editor_antonio_ferro-150x150.jpg","caption":"Antonio Ferro"},"description":"infobus@uol.com.br","url":"https:\/\/revistaautobus.com.br\/?author=2"}]}},"jetpack_featured_media_url":"https:\/\/revistaautobus.com.br\/wp-content\/uploads\/2023\/08\/04082023-Marcopolo-ITTSA-BUS_Peru_1.jpg","jetpack_sharing_enabled":true,"_links":{"self":[{"href":"https:\/\/revistaautobus.com.br\/index.php?rest_route=\/wp\/v2\/posts\/9531","targetHints":{"allow":["GET"]}}],"collection":[{"href":"https:\/\/revistaautobus.com.br\/index.php?rest_route=\/wp\/v2\/posts"}],"about":[{"href":"https:\/\/revistaautobus.com.br\/index.php?rest_route=\/wp\/v2\/types\/post"}],"author":[{"embeddable":true,"href":"https:\/\/revistaautobus.com.br\/index.php?rest_route=\/wp\/v2\/users\/2"}],"replies":[{"embeddable":true,"href":"https:\/\/revistaautobus.com.br\/index.php?rest_route=%2Fwp%2Fv2%2Fcomments&post=9531"}],"version-history":[{"count":2,"href":"https:\/\/revistaautobus.com.br\/index.php?rest_route=\/wp\/v2\/posts\/9531\/revisions"}],"predecessor-version":[{"id":9535,"href":"https:\/\/revistaautobus.com.br\/index.php?rest_route=\/wp\/v2\/posts\/9531\/revisions\/9535"}],"wp:featuredmedia":[{"embeddable":true,"href":"https:\/\/revistaautobus.com.br\/index.php?rest_route=\/wp\/v2\/media\/9532"}],"wp:attachment":[{"href":"https:\/\/revistaautobus.com.br\/index.php?rest_route=%2Fwp%2Fv2%2Fmedia&parent=9531"}],"wp:term":[{"taxonomy":"category","embeddable":true,"href":"https:\/\/revistaautobus.com.br\/index.php?rest_route=%2Fwp%2Fv2%2Fcategories&post=9531"},{"taxonomy":"post_tag","embeddable":true,"href":"https:\/\/revistaautobus.com.br\/index.php?rest_route=%2Fwp%2Fv2%2Ftags&post=9531"}],"curies":[{"name":"wp","href":"https:\/\/api.w.org\/{rel}","templated":true}]}}