{"id":9551,"date":"2023-08-07T06:53:31","date_gmt":"2023-08-07T09:53:31","guid":{"rendered":"https:\/\/revistaautobus.com.br\/?p=9551"},"modified":"2023-08-07T06:53:31","modified_gmt":"2023-08-07T09:53:31","slug":"um-novo-conceito-em-climatizacao","status":"publish","type":"post","link":"https:\/\/revistaautobus.com.br\/?p=9551","title":{"rendered":"Um novo conceito em climatiza\u00e7\u00e3o"},"content":{"rendered":"<p>Leonardo Carvalho Santiago \u00e9 engenheiro mec\u00e2nico e sempre utilizou o transporte coletivo na cidade de Salvador. Por conta disso, assim como outros passageiros, passou perrengue pelo excessivo calor no interior dos \u00f4nibus soteropolitanos. Por conta disso, em 2015 come\u00e7ou a pensar em alguma solu\u00e7\u00e3o que pudesse acabar com o problema. Mas, foi apenas em 2018 que pode se dedicar, integralmente, ao projeto por conta de um programa de pr\u00e9-incuba\u00e7\u00e3o do IFBA (Instituto Federal da Bahia), o Hotel de Projetos.<\/p>\n<p>Em 2019, sua <em>start-up<\/em> participou do programa de pr\u00e9-incuba\u00e7\u00e3o da NTU (Associa\u00e7\u00e3o Nacional das Empresas de Transportes Urbanos), por meio do Hub Coletivo e, em 2020, a Areja surgiu enquanto empresa.<\/p>\n<p>Assim, ele desenvolveu o sistema Arejabus de climatiza\u00e7\u00e3o natural com base numa ventila\u00e7\u00e3o inteligente que utiliza a pr\u00f3pria movimenta\u00e7\u00e3o do \u00f4nibus para gerar melhor sensa\u00e7\u00e3o t\u00e9rmica e qualidade de ar interior. \u201cDesde o princ\u00edpio, o intuito foi desenvolver uma solu\u00e7\u00e3o que resolvesse o problema, mas n\u00e3o de qualquer forma. Era preciso tornar o dia a dia dos usu\u00e1rios do transporte mais confort\u00e1vel e seguro, possuir baixo custo de aquisi\u00e7\u00e3o e opera\u00e7\u00e3o, sem, \u00e9 claro, gerar impactos negativos ao meio ambiente\u201d, disse Leonardo.<\/p>\n<p>Sua tecnologia \u00e9 definida como uma solu\u00e7\u00e3o personaliz\u00e1vel, poss\u00edvel de incorporar em ve\u00edculos que j\u00e1 est\u00e3o em opera\u00e7\u00e3o ou novos, saindo de f\u00e1brica. O engenheiro explicou que seu sistema pode ser dividido em uma parte natural, que aproveita o movimento do ve\u00edculo, e uma parte el\u00e9trica que \u00e9 utilizada apenas quando for necess\u00e1rio. \u201cNa parte natural, o sistema \u00e9 composto por exaustores que retiram o ar quente por meio do teto do ve\u00edculo, tendo captadores de ar que incorporam ar fresco ao ambiente, tamb\u00e9m localizados no teto. Al\u00e9m disso, h\u00e1 as venezianas que ficam localizadas na parte externa da janela e garantem a entrada de vento mesmo em dias chuvosos\u201d, explicou.<\/p>\n<p>Na parte el\u00e9trica, o sistema trabalha com ventiladores e exaustores que s\u00e3o acionados por um controlador com base na velocidade do \u00f4nibus.<\/p>\n<div id=\"attachment_9554\" style=\"width: 1010px\" class=\"wp-caption aligncenter\"><img loading=\"lazy\" decoding=\"async\" aria-describedby=\"caption-attachment-9554\" class=\"wp-image-9554 size-full\" src=\"https:\/\/revistaautobus.com.br\/wp-content\/uploads\/2023\/08\/20230221_103519-1.jpg\" alt=\"\" width=\"1000\" height=\"750\" srcset=\"https:\/\/revistaautobus.com.br\/wp-content\/uploads\/2023\/08\/20230221_103519-1.jpg 1000w, https:\/\/revistaautobus.com.br\/wp-content\/uploads\/2023\/08\/20230221_103519-1-300x225.jpg 300w, https:\/\/revistaautobus.com.br\/wp-content\/uploads\/2023\/08\/20230221_103519-1-768x576.jpg 768w\" sizes=\"(max-width: 1000px) 100vw, 1000px\" \/><p id=\"caption-attachment-9554\" class=\"wp-caption-text\"><span style=\"color: #008000;\"><em><strong>O equipamento j\u00e1 foi testado em algumas operadoras<\/strong><\/em><\/span><\/p><\/div>\n<p>Leonardo ressaltou que, a primeira vers\u00e3o da sua tecnologia, foi testada em Salvador, em parceria com a Plataforma Transportes, no ano de 2020, e, ap\u00f3s a valida\u00e7\u00e3o, foi realizado o segundo piloto em Campinas, SP, fruto da parceria com a Itaja\u00ed Transportes. \u201cSentir o problema na pele foi um grande motivador para encarar toda trajet\u00f3ria. Atualmente, a Areja possui capacidade para atender clientes de todo o Brasil e h\u00e1 interessados nos estados de Goi\u00e1s, S\u00e3o Paulo, Rio de Janeiro e Bahia\u201d, disse o engenheiro.<\/p>\n<p>Perguntado sobre quais foram os resultados alcan\u00e7ados com os testes e que benef\u00edcios a tecnologia promove aos passageiros, Leonardo comentou que, durante os testes realizados em Campinas, 9 entre 10 pessoas atestaram que n\u00e3o passaram calor dentro do \u00f4nibus com a sua tecnologia, enquanto no ve\u00edculo com ventila\u00e7\u00e3o convencional 7 entre 10 pessoas sofreram com o calor. \u201cO Arejabus promoveu uma diferen\u00e7a m\u00e9dia de 3\u00b0C entre os ve\u00edculos e bom n\u00edvel de qualidade de ar comprovado por um laborat\u00f3rio especializado. Al\u00e9m disso, ficou demonstrado que o sistema n\u00e3o impactou no consumo de combust\u00edvel, evitando assim, aumento de custo operacional e emiss\u00e3o de gases poluentes\u201d, afirmou.<\/p>\n<p>Em rela\u00e7\u00e3o \u00e0 custos, a aquisi\u00e7\u00e3o do sistema tem valor em torno de 10% na compara\u00e7\u00e3o com o ar-condicionado, al\u00e9m de possuir uma manuten\u00e7\u00e3o muito simples, podendo ser reutilizado em outras opera\u00e7\u00f5es e atender \u00e0s normas do setor.<\/p>\n<p>Imagens &#8211; Divulga\u00e7\u00e3o<\/p>\n","protected":false},"excerpt":{"rendered":"<p>O prop\u00f3sito \u00e9 melhoras as condi\u00e7\u00f5es t\u00e9rmicas do sal\u00e3o dos passageiros em \u00f4nibus urbanos<\/p>\n","protected":false},"author":2,"featured_media":9552,"comment_status":"open","ping_status":"open","sticky":false,"template":"","format":"standard","meta":{"_et_pb_use_builder":"","_et_pb_old_content":"","_et_gb_content_width":"","_jetpack_memberships_contains_paid_content":false,"footnotes":""},"categories":[90,73],"tags":[558],"class_list":["post-9551","post","type-post","status-publish","format-standard","has-post-thumbnail","hentry","category-noticias","category-tecnologia","tag-areja","et-has-post-format-content","et_post_format-et-post-format-standard"],"yoast_head":"<!-- This site is optimized with the Yoast SEO plugin v27.2 - https:\/\/yoast.com\/product\/yoast-seo-wordpress\/ -->\n<title>Um novo conceito em climatiza\u00e7\u00e3o - Revista AutoBus<\/title>\n<meta name=\"robots\" content=\"index, follow, max-snippet:-1, max-image-preview:large, max-video-preview:-1\" \/>\n<link rel=\"canonical\" href=\"https:\/\/revistaautobus.com.br\/?p=9551\" \/>\n<meta property=\"og:locale\" content=\"pt_BR\" \/>\n<meta property=\"og:type\" content=\"article\" \/>\n<meta property=\"og:title\" content=\"Um novo conceito em climatiza\u00e7\u00e3o - Revista AutoBus\" \/>\n<meta property=\"og:description\" content=\"O prop\u00f3sito \u00e9 melhoras as condi\u00e7\u00f5es t\u00e9rmicas do sal\u00e3o dos passageiros em \u00f4nibus urbanos\" \/>\n<meta property=\"og:url\" content=\"https:\/\/revistaautobus.com.br\/?p=9551\" \/>\n<meta property=\"og:site_name\" content=\"Revista AutoBus\" \/>\n<meta property=\"article:publisher\" content=\"https:\/\/www.facebook.com\/antonio.ferro.3150\" \/>\n<meta property=\"article:published_time\" content=\"2023-08-07T09:53:31+00:00\" \/>\n<meta property=\"og:image\" content=\"https:\/\/revistaautobus.com.br\/wp-content\/uploads\/2023\/08\/Onibus-basico-com-Arejabus.jpeg\" \/>\n\t<meta property=\"og:image:width\" content=\"577\" \/>\n\t<meta property=\"og:image:height\" content=\"433\" \/>\n\t<meta property=\"og:image:type\" content=\"image\/jpeg\" \/>\n<meta name=\"author\" content=\"Antonio Ferro\" \/>\n<meta name=\"twitter:card\" content=\"summary_large_image\" \/>\n<meta name=\"twitter:label1\" content=\"Escrito por\" \/>\n\t<meta name=\"twitter:data1\" content=\"Antonio Ferro\" \/>\n\t<meta name=\"twitter:label2\" content=\"Est. tempo de leitura\" \/>\n\t<meta name=\"twitter:data2\" content=\"3 minutos\" \/>\n<script type=\"application\/ld+json\" class=\"yoast-schema-graph\">{\"@context\":\"https:\/\/schema.org\",\"@graph\":[{\"@type\":\"Article\",\"@id\":\"https:\/\/revistaautobus.com.br\/?p=9551#article\",\"isPartOf\":{\"@id\":\"https:\/\/revistaautobus.com.br\/?p=9551\"},\"author\":{\"name\":\"Antonio Ferro\",\"@id\":\"https:\/\/revistaautobus.com.br\/#\/schema\/person\/54af7c3eb83a310e42ef686ef6d16f50\"},\"headline\":\"Um novo conceito em climatiza\u00e7\u00e3o\",\"datePublished\":\"2023-08-07T09:53:31+00:00\",\"mainEntityOfPage\":{\"@id\":\"https:\/\/revistaautobus.com.br\/?p=9551\"},\"wordCount\":623,\"commentCount\":0,\"publisher\":{\"@id\":\"https:\/\/revistaautobus.com.br\/#organization\"},\"image\":{\"@id\":\"https:\/\/revistaautobus.com.br\/?p=9551#primaryimage\"},\"thumbnailUrl\":\"https:\/\/revistaautobus.com.br\/wp-content\/uploads\/2023\/08\/Onibus-basico-com-Arejabus.jpeg\",\"keywords\":[\"Areja\"],\"articleSection\":[\"Not\u00edcias\",\"Tecnologia\"],\"inLanguage\":\"pt-BR\",\"potentialAction\":[{\"@type\":\"CommentAction\",\"name\":\"Comment\",\"target\":[\"https:\/\/revistaautobus.com.br\/?p=9551#respond\"]}]},{\"@type\":\"WebPage\",\"@id\":\"https:\/\/revistaautobus.com.br\/?p=9551\",\"url\":\"https:\/\/revistaautobus.com.br\/?p=9551\",\"name\":\"Um novo conceito em climatiza\u00e7\u00e3o - Revista AutoBus\",\"isPartOf\":{\"@id\":\"https:\/\/revistaautobus.com.br\/#website\"},\"primaryImageOfPage\":{\"@id\":\"https:\/\/revistaautobus.com.br\/?p=9551#primaryimage\"},\"image\":{\"@id\":\"https:\/\/revistaautobus.com.br\/?p=9551#primaryimage\"},\"thumbnailUrl\":\"https:\/\/revistaautobus.com.br\/wp-content\/uploads\/2023\/08\/Onibus-basico-com-Arejabus.jpeg\",\"datePublished\":\"2023-08-07T09:53:31+00:00\",\"breadcrumb\":{\"@id\":\"https:\/\/revistaautobus.com.br\/?p=9551#breadcrumb\"},\"inLanguage\":\"pt-BR\",\"potentialAction\":[{\"@type\":\"ReadAction\",\"target\":[\"https:\/\/revistaautobus.com.br\/?p=9551\"]}]},{\"@type\":\"ImageObject\",\"inLanguage\":\"pt-BR\",\"@id\":\"https:\/\/revistaautobus.com.br\/?p=9551#primaryimage\",\"url\":\"https:\/\/revistaautobus.com.br\/wp-content\/uploads\/2023\/08\/Onibus-basico-com-Arejabus.jpeg\",\"contentUrl\":\"https:\/\/revistaautobus.com.br\/wp-content\/uploads\/2023\/08\/Onibus-basico-com-Arejabus.jpeg\",\"width\":577,\"height\":433},{\"@type\":\"BreadcrumbList\",\"@id\":\"https:\/\/revistaautobus.com.br\/?p=9551#breadcrumb\",\"itemListElement\":[{\"@type\":\"ListItem\",\"position\":1,\"name\":\"In\u00edcio\",\"item\":\"https:\/\/revistaautobus.com.br\/\"},{\"@type\":\"ListItem\",\"position\":2,\"name\":\"Um novo conceito em climatiza\u00e7\u00e3o\"}]},{\"@type\":\"WebSite\",\"@id\":\"https:\/\/revistaautobus.com.br\/#website\",\"url\":\"https:\/\/revistaautobus.com.br\/\",\"name\":\"Revista AutoBus\",\"description\":\"\",\"publisher\":{\"@id\":\"https:\/\/revistaautobus.com.br\/#organization\"},\"potentialAction\":[{\"@type\":\"SearchAction\",\"target\":{\"@type\":\"EntryPoint\",\"urlTemplate\":\"https:\/\/revistaautobus.com.br\/?s={search_term_string}\"},\"query-input\":{\"@type\":\"PropertyValueSpecification\",\"valueRequired\":true,\"valueName\":\"search_term_string\"}}],\"inLanguage\":\"pt-BR\"},{\"@type\":\"Organization\",\"@id\":\"https:\/\/revistaautobus.com.br\/#organization\",\"name\":\"Revista AutoBus\",\"url\":\"https:\/\/revistaautobus.com.br\/\",\"logo\":{\"@type\":\"ImageObject\",\"inLanguage\":\"pt-BR\",\"@id\":\"https:\/\/revistaautobus.com.br\/#\/schema\/logo\/image\/\",\"url\":\"https:\/\/revistaautobus.com.br\/wp-content\/uploads\/2024\/11\/logo_revista_autobus_fb.png\",\"contentUrl\":\"https:\/\/revistaautobus.com.br\/wp-content\/uploads\/2024\/11\/logo_revista_autobus_fb.png\",\"width\":836,\"height\":227,\"caption\":\"Revista AutoBus\"},\"image\":{\"@id\":\"https:\/\/revistaautobus.com.br\/#\/schema\/logo\/image\/\"},\"sameAs\":[\"https:\/\/www.facebook.com\/antonio.ferro.3150\",\"https:\/\/www.instagram.com\/revistaautobus\/\"]},{\"@type\":\"Person\",\"@id\":\"https:\/\/revistaautobus.com.br\/#\/schema\/person\/54af7c3eb83a310e42ef686ef6d16f50\",\"name\":\"Antonio Ferro\",\"image\":{\"@type\":\"ImageObject\",\"inLanguage\":\"pt-BR\",\"@id\":\"https:\/\/revistaautobus.com.br\/wp-content\/uploads\/2025\/12\/editor_antonio_ferro-150x150.jpg\",\"url\":\"https:\/\/revistaautobus.com.br\/wp-content\/uploads\/2025\/12\/editor_antonio_ferro-150x150.jpg\",\"contentUrl\":\"https:\/\/revistaautobus.com.br\/wp-content\/uploads\/2025\/12\/editor_antonio_ferro-150x150.jpg\",\"caption\":\"Antonio Ferro\"},\"description\":\"infobus@uol.com.br\",\"url\":\"https:\/\/revistaautobus.com.br\/?author=2\"}]}<\/script>\n<!-- \/ Yoast SEO plugin. -->","yoast_head_json":{"title":"Um novo conceito em climatiza\u00e7\u00e3o - Revista AutoBus","robots":{"index":"index","follow":"follow","max-snippet":"max-snippet:-1","max-image-preview":"max-image-preview:large","max-video-preview":"max-video-preview:-1"},"canonical":"https:\/\/revistaautobus.com.br\/?p=9551","og_locale":"pt_BR","og_type":"article","og_title":"Um novo conceito em climatiza\u00e7\u00e3o - Revista AutoBus","og_description":"O prop\u00f3sito \u00e9 melhoras as condi\u00e7\u00f5es t\u00e9rmicas do sal\u00e3o dos passageiros em \u00f4nibus urbanos","og_url":"https:\/\/revistaautobus.com.br\/?p=9551","og_site_name":"Revista AutoBus","article_publisher":"https:\/\/www.facebook.com\/antonio.ferro.3150","article_published_time":"2023-08-07T09:53:31+00:00","og_image":[{"width":577,"height":433,"url":"https:\/\/revistaautobus.com.br\/wp-content\/uploads\/2023\/08\/Onibus-basico-com-Arejabus.jpeg","type":"image\/jpeg"}],"author":"Antonio Ferro","twitter_card":"summary_large_image","twitter_misc":{"Escrito por":"Antonio Ferro","Est. tempo de leitura":"3 minutos"},"schema":{"@context":"https:\/\/schema.org","@graph":[{"@type":"Article","@id":"https:\/\/revistaautobus.com.br\/?p=9551#article","isPartOf":{"@id":"https:\/\/revistaautobus.com.br\/?p=9551"},"author":{"name":"Antonio Ferro","@id":"https:\/\/revistaautobus.com.br\/#\/schema\/person\/54af7c3eb83a310e42ef686ef6d16f50"},"headline":"Um novo conceito em climatiza\u00e7\u00e3o","datePublished":"2023-08-07T09:53:31+00:00","mainEntityOfPage":{"@id":"https:\/\/revistaautobus.com.br\/?p=9551"},"wordCount":623,"commentCount":0,"publisher":{"@id":"https:\/\/revistaautobus.com.br\/#organization"},"image":{"@id":"https:\/\/revistaautobus.com.br\/?p=9551#primaryimage"},"thumbnailUrl":"https:\/\/revistaautobus.com.br\/wp-content\/uploads\/2023\/08\/Onibus-basico-com-Arejabus.jpeg","keywords":["Areja"],"articleSection":["Not\u00edcias","Tecnologia"],"inLanguage":"pt-BR","potentialAction":[{"@type":"CommentAction","name":"Comment","target":["https:\/\/revistaautobus.com.br\/?p=9551#respond"]}]},{"@type":"WebPage","@id":"https:\/\/revistaautobus.com.br\/?p=9551","url":"https:\/\/revistaautobus.com.br\/?p=9551","name":"Um novo conceito em climatiza\u00e7\u00e3o - Revista AutoBus","isPartOf":{"@id":"https:\/\/revistaautobus.com.br\/#website"},"primaryImageOfPage":{"@id":"https:\/\/revistaautobus.com.br\/?p=9551#primaryimage"},"image":{"@id":"https:\/\/revistaautobus.com.br\/?p=9551#primaryimage"},"thumbnailUrl":"https:\/\/revistaautobus.com.br\/wp-content\/uploads\/2023\/08\/Onibus-basico-com-Arejabus.jpeg","datePublished":"2023-08-07T09:53:31+00:00","breadcrumb":{"@id":"https:\/\/revistaautobus.com.br\/?p=9551#breadcrumb"},"inLanguage":"pt-BR","potentialAction":[{"@type":"ReadAction","target":["https:\/\/revistaautobus.com.br\/?p=9551"]}]},{"@type":"ImageObject","inLanguage":"pt-BR","@id":"https:\/\/revistaautobus.com.br\/?p=9551#primaryimage","url":"https:\/\/revistaautobus.com.br\/wp-content\/uploads\/2023\/08\/Onibus-basico-com-Arejabus.jpeg","contentUrl":"https:\/\/revistaautobus.com.br\/wp-content\/uploads\/2023\/08\/Onibus-basico-com-Arejabus.jpeg","width":577,"height":433},{"@type":"BreadcrumbList","@id":"https:\/\/revistaautobus.com.br\/?p=9551#breadcrumb","itemListElement":[{"@type":"ListItem","position":1,"name":"In\u00edcio","item":"https:\/\/revistaautobus.com.br\/"},{"@type":"ListItem","position":2,"name":"Um novo conceito em climatiza\u00e7\u00e3o"}]},{"@type":"WebSite","@id":"https:\/\/revistaautobus.com.br\/#website","url":"https:\/\/revistaautobus.com.br\/","name":"Revista AutoBus","description":"","publisher":{"@id":"https:\/\/revistaautobus.com.br\/#organization"},"potentialAction":[{"@type":"SearchAction","target":{"@type":"EntryPoint","urlTemplate":"https:\/\/revistaautobus.com.br\/?s={search_term_string}"},"query-input":{"@type":"PropertyValueSpecification","valueRequired":true,"valueName":"search_term_string"}}],"inLanguage":"pt-BR"},{"@type":"Organization","@id":"https:\/\/revistaautobus.com.br\/#organization","name":"Revista AutoBus","url":"https:\/\/revistaautobus.com.br\/","logo":{"@type":"ImageObject","inLanguage":"pt-BR","@id":"https:\/\/revistaautobus.com.br\/#\/schema\/logo\/image\/","url":"https:\/\/revistaautobus.com.br\/wp-content\/uploads\/2024\/11\/logo_revista_autobus_fb.png","contentUrl":"https:\/\/revistaautobus.com.br\/wp-content\/uploads\/2024\/11\/logo_revista_autobus_fb.png","width":836,"height":227,"caption":"Revista AutoBus"},"image":{"@id":"https:\/\/revistaautobus.com.br\/#\/schema\/logo\/image\/"},"sameAs":["https:\/\/www.facebook.com\/antonio.ferro.3150","https:\/\/www.instagram.com\/revistaautobus\/"]},{"@type":"Person","@id":"https:\/\/revistaautobus.com.br\/#\/schema\/person\/54af7c3eb83a310e42ef686ef6d16f50","name":"Antonio Ferro","image":{"@type":"ImageObject","inLanguage":"pt-BR","@id":"https:\/\/revistaautobus.com.br\/wp-content\/uploads\/2025\/12\/editor_antonio_ferro-150x150.jpg","url":"https:\/\/revistaautobus.com.br\/wp-content\/uploads\/2025\/12\/editor_antonio_ferro-150x150.jpg","contentUrl":"https:\/\/revistaautobus.com.br\/wp-content\/uploads\/2025\/12\/editor_antonio_ferro-150x150.jpg","caption":"Antonio Ferro"},"description":"infobus@uol.com.br","url":"https:\/\/revistaautobus.com.br\/?author=2"}]}},"jetpack_featured_media_url":"https:\/\/revistaautobus.com.br\/wp-content\/uploads\/2023\/08\/Onibus-basico-com-Arejabus.jpeg","jetpack_sharing_enabled":true,"_links":{"self":[{"href":"https:\/\/revistaautobus.com.br\/index.php?rest_route=\/wp\/v2\/posts\/9551","targetHints":{"allow":["GET"]}}],"collection":[{"href":"https:\/\/revistaautobus.com.br\/index.php?rest_route=\/wp\/v2\/posts"}],"about":[{"href":"https:\/\/revistaautobus.com.br\/index.php?rest_route=\/wp\/v2\/types\/post"}],"author":[{"embeddable":true,"href":"https:\/\/revistaautobus.com.br\/index.php?rest_route=\/wp\/v2\/users\/2"}],"replies":[{"embeddable":true,"href":"https:\/\/revistaautobus.com.br\/index.php?rest_route=%2Fwp%2Fv2%2Fcomments&post=9551"}],"version-history":[{"count":2,"href":"https:\/\/revistaautobus.com.br\/index.php?rest_route=\/wp\/v2\/posts\/9551\/revisions"}],"predecessor-version":[{"id":9556,"href":"https:\/\/revistaautobus.com.br\/index.php?rest_route=\/wp\/v2\/posts\/9551\/revisions\/9556"}],"wp:featuredmedia":[{"embeddable":true,"href":"https:\/\/revistaautobus.com.br\/index.php?rest_route=\/wp\/v2\/media\/9552"}],"wp:attachment":[{"href":"https:\/\/revistaautobus.com.br\/index.php?rest_route=%2Fwp%2Fv2%2Fmedia&parent=9551"}],"wp:term":[{"taxonomy":"category","embeddable":true,"href":"https:\/\/revistaautobus.com.br\/index.php?rest_route=%2Fwp%2Fv2%2Fcategories&post=9551"},{"taxonomy":"post_tag","embeddable":true,"href":"https:\/\/revistaautobus.com.br\/index.php?rest_route=%2Fwp%2Fv2%2Ftags&post=9551"}],"curies":[{"name":"wp","href":"https:\/\/api.w.org\/{rel}","templated":true}]}}