{"id":9569,"date":"2023-08-07T07:05:56","date_gmt":"2023-08-07T10:05:56","guid":{"rendered":"https:\/\/revistaautobus.com.br\/?p=9569"},"modified":"2023-08-07T07:05:56","modified_gmt":"2023-08-07T10:05:56","slug":"beneficios-da-gestao-otimizada-de-transporte-para-empresas-e-sociedade","status":"publish","type":"post","link":"https:\/\/revistaautobus.com.br\/?p=9569","title":{"rendered":"Benef\u00edcios da gest\u00e3o otimizada de transporte para empresas e sociedade"},"content":{"rendered":"<p>Por<span style=\"color: #000080;\"><em><b> Danilo Tamelini<\/b><\/em><\/span>, cofundador e presidente LATAM da BusUp<\/p>\n<p>No ano de 1826, em uma cidade na Fran\u00e7a, surgiu o primeiro \u00f4nibus da hist\u00f3ria, criado por um dono de casa de banhos que desejava transportar os clientes do centro da cidade at\u00e9 a regi\u00e3o de suas propriedades. O ve\u00edculo foi considerado uma inova\u00e7\u00e3o, embora muito limitado pelos poucos recursos da \u00e9poca.<\/p>\n<p>A inven\u00e7\u00e3o, certamente, passou por muitas mudan\u00e7as at\u00e9 chegar no modelo que conhecemos hoje e o transporte que era dedicado apenas aos clientes de um franc\u00eas, se tornou um servi\u00e7o fundamental para a mobilidade urbana. N\u00e3o \u00e0 toa, de acordo com dados da Associa\u00e7\u00e3o Nacional das Empresas de Transportes Urbanos, o \u00f4nibus faz parte da rotina de 85,7% da popula\u00e7\u00e3o brasileira, seja para lazer, turismo e tamb\u00e9m para se deslocar at\u00e9 o local de trabalho diariamente. E, como podemos imaginar, grande parte dessa totalidade utiliza o transporte para ir ao trabalho.<\/p>\n<p>Diante dessa realidade, \u00e9 preciso pensar como tornar a mobilidade urbana mais funcional. Uma das maneiras de fazer isso \u00e9 incentivar o setor privado a adotar o uso do transporte fretado. Existem muitas vantagens para as empresas implementarem essa estrat\u00e9gia para os funcion\u00e1rios. Uma delas \u00e9 o desafio noturno de locomo\u00e7\u00e3o dos colaboradores em hor\u00e1rios que o transporte p\u00fablico n\u00e3o atende a regi\u00e3o onde ele mora. A outra \u00e9 sobre como a gest\u00e3o otimizada do benef\u00edcio do transporte pode representar uma redu\u00e7\u00e3o de custos e melhor controle para as organiza\u00e7\u00f5es, sendo assim, uma das principais raz\u00f5es pelas quais as empresas optam por este tipo de benef\u00edcio. Al\u00e9m disso, o transporte corporativo leva a diminui\u00e7\u00e3o de carros nas ruas, que consequentemente gera menos tr\u00e2nsito e menos polui\u00e7\u00e3o e traz comodidade e seguran\u00e7a para os colaboradores.<\/p>\n<p>Mas o que seria de fato uma gest\u00e3o inteligente e o que isso pode agregar para as organiza\u00e7\u00f5es? Diferente dos \u00f4nibus do s\u00e9culo 19, hoje em dia, gra\u00e7as a tecnologia e dados \u00e9 poss\u00edvel ter uma s\u00e9rie de recursos que tornam o transporte fretado mais eficiente e conveniente. O uso de sistemas avan\u00e7ados e monitoramento, permite que as empresas tenham rotas otimizadas. Com o GPS, por exemplo, \u00e9 poss\u00edvel monitorar em tempo real a localiza\u00e7\u00e3o dos ve\u00edculos, identificar poss\u00edveis congestionamentos e ajustar rotas de acordo com as condi\u00e7\u00f5es do tr\u00e2nsito. Isso ajuda a proporcionar agilidade durante os deslocamentos, contribuindo tamb\u00e9m com mais pontualidade dos funcion\u00e1rios.<\/p>\n<p>Al\u00e9m disso, ao otimizar as rotas dos colaboradores, \u00e9 poss\u00edvel reduzir os custos associados ao transporte, como combust\u00edvel, manuten\u00e7\u00e3o e desgaste dos ve\u00edculos. Com uma gest\u00e3o eficiente, a empresa consegue maximizar a utiliza\u00e7\u00e3o de seus recursos, evitando deslocamentos desnecess\u00e1rios e reduzindo os gastos operacionais.<\/p>\n<p>Entretanto, os benef\u00edcios da gest\u00e3o otimizada de transporte n\u00e3o se limitam apenas \u00e0s empresas, mas tamb\u00e9m refletem diretamente na produtividade dos colaboradores. Ao terem um fretado eficiente e seguro \u00e0 disposi\u00e7\u00e3o, os profissionais se sentem mais confort\u00e1veis e motivados, uma vez que n\u00e3o precisam se preocupar com atrasos ou imprevistos no trajeto. Isso resulta em um ambiente de trabalho mais produtivo, no qual os trabalhadores podem se concentrar em suas tarefas e cumprir seus compromissos sem a preocupa\u00e7\u00e3o com problemas de deslocamento, o que representa mais tempo para estar com quem realmente importa.<\/p>\n<p>Outro ponto que gosto de destacar \u00e9 que as solu\u00e7\u00f5es de transporte inteligentes est\u00e3o impulsionando temas importantes, como a mobilidade urbana sustent\u00e1vel. Com a crescente urbaniza\u00e7\u00e3o, uma gest\u00e3o otimizada torna-se cada vez mais necess\u00e1ria. S\u00f3 para se ter uma ideia, at\u00e9 2050, segundo estimativas da ONU, 90% das pessoas se concentrar\u00e3o em grandes centros urbanos em um cen\u00e1rio em que precisamos reduzir as emiss\u00f5es de carbono, as cidades devem adotar abordagens mais inovadoras e eficientes e, para isso acontecer, as empresas precisam fazer parte dessa mudan\u00e7a.<\/p>\n<p>A gest\u00e3o inteligente n\u00e3o apenas melhora a efici\u00eancia do transporte, mas tamb\u00e9m tem o potencial de transformar a qualidade de vida das pessoas, promovendo mais sustentabilidade, seja do ponto de vista ambiental, social ou de neg\u00f3cios para as organiza\u00e7\u00f5es.<\/p>\n<p>Imagem &#8211; Divulga\u00e7\u00e3o<\/p>\n","protected":false},"excerpt":{"rendered":"<p>&#8220;A gest\u00e3o inteligente n\u00e3o apenas melhora a efici\u00eancia do transporte, mas tamb\u00e9m tem o potencial de transformar a qualidade de vida das pessoas&#8221;<\/p>\n","protected":false},"author":2,"featured_media":9570,"comment_status":"open","ping_status":"open","sticky":false,"template":"","format":"standard","meta":{"_et_pb_use_builder":"","_et_pb_old_content":"","_et_gb_content_width":"","_jetpack_memberships_contains_paid_content":false,"footnotes":""},"categories":[52],"tags":[560],"class_list":["post-9569","post","type-post","status-publish","format-standard","has-post-thumbnail","hentry","category-especialistas","tag-busup","et-has-post-format-content","et_post_format-et-post-format-standard"],"yoast_head":"<!-- This site is optimized with the Yoast SEO plugin v27.2 - https:\/\/yoast.com\/product\/yoast-seo-wordpress\/ -->\n<title>Benef\u00edcios da gest\u00e3o otimizada de transporte para empresas e sociedade - Revista AutoBus<\/title>\n<meta name=\"robots\" content=\"index, follow, max-snippet:-1, max-image-preview:large, max-video-preview:-1\" \/>\n<link rel=\"canonical\" href=\"https:\/\/revistaautobus.com.br\/?p=9569\" \/>\n<meta property=\"og:locale\" content=\"pt_BR\" \/>\n<meta property=\"og:type\" content=\"article\" \/>\n<meta property=\"og:title\" content=\"Benef\u00edcios da gest\u00e3o otimizada de transporte para empresas e sociedade - Revista AutoBus\" \/>\n<meta property=\"og:description\" content=\"&quot;A gest\u00e3o inteligente n\u00e3o apenas melhora a efici\u00eancia do transporte, mas tamb\u00e9m tem o potencial de transformar a qualidade de vida das pessoas&quot;\" \/>\n<meta property=\"og:url\" content=\"https:\/\/revistaautobus.com.br\/?p=9569\" \/>\n<meta property=\"og:site_name\" content=\"Revista AutoBus\" \/>\n<meta property=\"article:publisher\" content=\"https:\/\/www.facebook.com\/antonio.ferro.3150\" \/>\n<meta property=\"article:published_time\" content=\"2023-08-07T10:05:56+00:00\" \/>\n<meta property=\"og:image\" content=\"https:\/\/revistaautobus.com.br\/wp-content\/uploads\/2023\/08\/1V0A1033.jpg\" \/>\n\t<meta property=\"og:image:width\" content=\"1000\" \/>\n\t<meta property=\"og:image:height\" content=\"666\" \/>\n\t<meta property=\"og:image:type\" content=\"image\/jpeg\" \/>\n<meta name=\"author\" content=\"Antonio Ferro\" \/>\n<meta name=\"twitter:card\" content=\"summary_large_image\" \/>\n<meta name=\"twitter:label1\" content=\"Escrito por\" \/>\n\t<meta name=\"twitter:data1\" content=\"Antonio Ferro\" \/>\n\t<meta name=\"twitter:label2\" content=\"Est. tempo de leitura\" \/>\n\t<meta name=\"twitter:data2\" content=\"4 minutos\" \/>\n<script type=\"application\/ld+json\" class=\"yoast-schema-graph\">{\"@context\":\"https:\/\/schema.org\",\"@graph\":[{\"@type\":\"Article\",\"@id\":\"https:\/\/revistaautobus.com.br\/?p=9569#article\",\"isPartOf\":{\"@id\":\"https:\/\/revistaautobus.com.br\/?p=9569\"},\"author\":{\"name\":\"Antonio Ferro\",\"@id\":\"https:\/\/revistaautobus.com.br\/#\/schema\/person\/54af7c3eb83a310e42ef686ef6d16f50\"},\"headline\":\"Benef\u00edcios da gest\u00e3o otimizada de transporte para empresas e sociedade\",\"datePublished\":\"2023-08-07T10:05:56+00:00\",\"mainEntityOfPage\":{\"@id\":\"https:\/\/revistaautobus.com.br\/?p=9569\"},\"wordCount\":732,\"commentCount\":0,\"publisher\":{\"@id\":\"https:\/\/revistaautobus.com.br\/#organization\"},\"image\":{\"@id\":\"https:\/\/revistaautobus.com.br\/?p=9569#primaryimage\"},\"thumbnailUrl\":\"https:\/\/revistaautobus.com.br\/wp-content\/uploads\/2023\/08\/1V0A1033.jpg\",\"keywords\":[\"Busup\"],\"articleSection\":[\"Especialistas\"],\"inLanguage\":\"pt-BR\",\"potentialAction\":[{\"@type\":\"CommentAction\",\"name\":\"Comment\",\"target\":[\"https:\/\/revistaautobus.com.br\/?p=9569#respond\"]}]},{\"@type\":\"WebPage\",\"@id\":\"https:\/\/revistaautobus.com.br\/?p=9569\",\"url\":\"https:\/\/revistaautobus.com.br\/?p=9569\",\"name\":\"Benef\u00edcios da gest\u00e3o otimizada de transporte para empresas e sociedade - Revista AutoBus\",\"isPartOf\":{\"@id\":\"https:\/\/revistaautobus.com.br\/#website\"},\"primaryImageOfPage\":{\"@id\":\"https:\/\/revistaautobus.com.br\/?p=9569#primaryimage\"},\"image\":{\"@id\":\"https:\/\/revistaautobus.com.br\/?p=9569#primaryimage\"},\"thumbnailUrl\":\"https:\/\/revistaautobus.com.br\/wp-content\/uploads\/2023\/08\/1V0A1033.jpg\",\"datePublished\":\"2023-08-07T10:05:56+00:00\",\"breadcrumb\":{\"@id\":\"https:\/\/revistaautobus.com.br\/?p=9569#breadcrumb\"},\"inLanguage\":\"pt-BR\",\"potentialAction\":[{\"@type\":\"ReadAction\",\"target\":[\"https:\/\/revistaautobus.com.br\/?p=9569\"]}]},{\"@type\":\"ImageObject\",\"inLanguage\":\"pt-BR\",\"@id\":\"https:\/\/revistaautobus.com.br\/?p=9569#primaryimage\",\"url\":\"https:\/\/revistaautobus.com.br\/wp-content\/uploads\/2023\/08\/1V0A1033.jpg\",\"contentUrl\":\"https:\/\/revistaautobus.com.br\/wp-content\/uploads\/2023\/08\/1V0A1033.jpg\",\"width\":1000,\"height\":666},{\"@type\":\"BreadcrumbList\",\"@id\":\"https:\/\/revistaautobus.com.br\/?p=9569#breadcrumb\",\"itemListElement\":[{\"@type\":\"ListItem\",\"position\":1,\"name\":\"In\u00edcio\",\"item\":\"https:\/\/revistaautobus.com.br\/\"},{\"@type\":\"ListItem\",\"position\":2,\"name\":\"Benef\u00edcios da gest\u00e3o otimizada de transporte para empresas e sociedade\"}]},{\"@type\":\"WebSite\",\"@id\":\"https:\/\/revistaautobus.com.br\/#website\",\"url\":\"https:\/\/revistaautobus.com.br\/\",\"name\":\"Revista AutoBus\",\"description\":\"\",\"publisher\":{\"@id\":\"https:\/\/revistaautobus.com.br\/#organization\"},\"potentialAction\":[{\"@type\":\"SearchAction\",\"target\":{\"@type\":\"EntryPoint\",\"urlTemplate\":\"https:\/\/revistaautobus.com.br\/?s={search_term_string}\"},\"query-input\":{\"@type\":\"PropertyValueSpecification\",\"valueRequired\":true,\"valueName\":\"search_term_string\"}}],\"inLanguage\":\"pt-BR\"},{\"@type\":\"Organization\",\"@id\":\"https:\/\/revistaautobus.com.br\/#organization\",\"name\":\"Revista AutoBus\",\"url\":\"https:\/\/revistaautobus.com.br\/\",\"logo\":{\"@type\":\"ImageObject\",\"inLanguage\":\"pt-BR\",\"@id\":\"https:\/\/revistaautobus.com.br\/#\/schema\/logo\/image\/\",\"url\":\"https:\/\/revistaautobus.com.br\/wp-content\/uploads\/2024\/11\/logo_revista_autobus_fb.png\",\"contentUrl\":\"https:\/\/revistaautobus.com.br\/wp-content\/uploads\/2024\/11\/logo_revista_autobus_fb.png\",\"width\":836,\"height\":227,\"caption\":\"Revista AutoBus\"},\"image\":{\"@id\":\"https:\/\/revistaautobus.com.br\/#\/schema\/logo\/image\/\"},\"sameAs\":[\"https:\/\/www.facebook.com\/antonio.ferro.3150\",\"https:\/\/www.instagram.com\/revistaautobus\/\"]},{\"@type\":\"Person\",\"@id\":\"https:\/\/revistaautobus.com.br\/#\/schema\/person\/54af7c3eb83a310e42ef686ef6d16f50\",\"name\":\"Antonio Ferro\",\"image\":{\"@type\":\"ImageObject\",\"inLanguage\":\"pt-BR\",\"@id\":\"https:\/\/revistaautobus.com.br\/wp-content\/uploads\/2025\/12\/editor_antonio_ferro-150x150.jpg\",\"url\":\"https:\/\/revistaautobus.com.br\/wp-content\/uploads\/2025\/12\/editor_antonio_ferro-150x150.jpg\",\"contentUrl\":\"https:\/\/revistaautobus.com.br\/wp-content\/uploads\/2025\/12\/editor_antonio_ferro-150x150.jpg\",\"caption\":\"Antonio Ferro\"},\"description\":\"infobus@uol.com.br\",\"url\":\"https:\/\/revistaautobus.com.br\/?author=2\"}]}<\/script>\n<!-- \/ Yoast SEO plugin. -->","yoast_head_json":{"title":"Benef\u00edcios da gest\u00e3o otimizada de transporte para empresas e sociedade - Revista AutoBus","robots":{"index":"index","follow":"follow","max-snippet":"max-snippet:-1","max-image-preview":"max-image-preview:large","max-video-preview":"max-video-preview:-1"},"canonical":"https:\/\/revistaautobus.com.br\/?p=9569","og_locale":"pt_BR","og_type":"article","og_title":"Benef\u00edcios da gest\u00e3o otimizada de transporte para empresas e sociedade - Revista AutoBus","og_description":"\"A gest\u00e3o inteligente n\u00e3o apenas melhora a efici\u00eancia do transporte, mas tamb\u00e9m tem o potencial de transformar a qualidade de vida das pessoas\"","og_url":"https:\/\/revistaautobus.com.br\/?p=9569","og_site_name":"Revista AutoBus","article_publisher":"https:\/\/www.facebook.com\/antonio.ferro.3150","article_published_time":"2023-08-07T10:05:56+00:00","og_image":[{"width":1000,"height":666,"url":"https:\/\/revistaautobus.com.br\/wp-content\/uploads\/2023\/08\/1V0A1033.jpg","type":"image\/jpeg"}],"author":"Antonio Ferro","twitter_card":"summary_large_image","twitter_misc":{"Escrito por":"Antonio Ferro","Est. tempo de leitura":"4 minutos"},"schema":{"@context":"https:\/\/schema.org","@graph":[{"@type":"Article","@id":"https:\/\/revistaautobus.com.br\/?p=9569#article","isPartOf":{"@id":"https:\/\/revistaautobus.com.br\/?p=9569"},"author":{"name":"Antonio Ferro","@id":"https:\/\/revistaautobus.com.br\/#\/schema\/person\/54af7c3eb83a310e42ef686ef6d16f50"},"headline":"Benef\u00edcios da gest\u00e3o otimizada de transporte para empresas e sociedade","datePublished":"2023-08-07T10:05:56+00:00","mainEntityOfPage":{"@id":"https:\/\/revistaautobus.com.br\/?p=9569"},"wordCount":732,"commentCount":0,"publisher":{"@id":"https:\/\/revistaautobus.com.br\/#organization"},"image":{"@id":"https:\/\/revistaautobus.com.br\/?p=9569#primaryimage"},"thumbnailUrl":"https:\/\/revistaautobus.com.br\/wp-content\/uploads\/2023\/08\/1V0A1033.jpg","keywords":["Busup"],"articleSection":["Especialistas"],"inLanguage":"pt-BR","potentialAction":[{"@type":"CommentAction","name":"Comment","target":["https:\/\/revistaautobus.com.br\/?p=9569#respond"]}]},{"@type":"WebPage","@id":"https:\/\/revistaautobus.com.br\/?p=9569","url":"https:\/\/revistaautobus.com.br\/?p=9569","name":"Benef\u00edcios da gest\u00e3o otimizada de transporte para empresas e sociedade - Revista AutoBus","isPartOf":{"@id":"https:\/\/revistaautobus.com.br\/#website"},"primaryImageOfPage":{"@id":"https:\/\/revistaautobus.com.br\/?p=9569#primaryimage"},"image":{"@id":"https:\/\/revistaautobus.com.br\/?p=9569#primaryimage"},"thumbnailUrl":"https:\/\/revistaautobus.com.br\/wp-content\/uploads\/2023\/08\/1V0A1033.jpg","datePublished":"2023-08-07T10:05:56+00:00","breadcrumb":{"@id":"https:\/\/revistaautobus.com.br\/?p=9569#breadcrumb"},"inLanguage":"pt-BR","potentialAction":[{"@type":"ReadAction","target":["https:\/\/revistaautobus.com.br\/?p=9569"]}]},{"@type":"ImageObject","inLanguage":"pt-BR","@id":"https:\/\/revistaautobus.com.br\/?p=9569#primaryimage","url":"https:\/\/revistaautobus.com.br\/wp-content\/uploads\/2023\/08\/1V0A1033.jpg","contentUrl":"https:\/\/revistaautobus.com.br\/wp-content\/uploads\/2023\/08\/1V0A1033.jpg","width":1000,"height":666},{"@type":"BreadcrumbList","@id":"https:\/\/revistaautobus.com.br\/?p=9569#breadcrumb","itemListElement":[{"@type":"ListItem","position":1,"name":"In\u00edcio","item":"https:\/\/revistaautobus.com.br\/"},{"@type":"ListItem","position":2,"name":"Benef\u00edcios da gest\u00e3o otimizada de transporte para empresas e sociedade"}]},{"@type":"WebSite","@id":"https:\/\/revistaautobus.com.br\/#website","url":"https:\/\/revistaautobus.com.br\/","name":"Revista AutoBus","description":"","publisher":{"@id":"https:\/\/revistaautobus.com.br\/#organization"},"potentialAction":[{"@type":"SearchAction","target":{"@type":"EntryPoint","urlTemplate":"https:\/\/revistaautobus.com.br\/?s={search_term_string}"},"query-input":{"@type":"PropertyValueSpecification","valueRequired":true,"valueName":"search_term_string"}}],"inLanguage":"pt-BR"},{"@type":"Organization","@id":"https:\/\/revistaautobus.com.br\/#organization","name":"Revista AutoBus","url":"https:\/\/revistaautobus.com.br\/","logo":{"@type":"ImageObject","inLanguage":"pt-BR","@id":"https:\/\/revistaautobus.com.br\/#\/schema\/logo\/image\/","url":"https:\/\/revistaautobus.com.br\/wp-content\/uploads\/2024\/11\/logo_revista_autobus_fb.png","contentUrl":"https:\/\/revistaautobus.com.br\/wp-content\/uploads\/2024\/11\/logo_revista_autobus_fb.png","width":836,"height":227,"caption":"Revista AutoBus"},"image":{"@id":"https:\/\/revistaautobus.com.br\/#\/schema\/logo\/image\/"},"sameAs":["https:\/\/www.facebook.com\/antonio.ferro.3150","https:\/\/www.instagram.com\/revistaautobus\/"]},{"@type":"Person","@id":"https:\/\/revistaautobus.com.br\/#\/schema\/person\/54af7c3eb83a310e42ef686ef6d16f50","name":"Antonio Ferro","image":{"@type":"ImageObject","inLanguage":"pt-BR","@id":"https:\/\/revistaautobus.com.br\/wp-content\/uploads\/2025\/12\/editor_antonio_ferro-150x150.jpg","url":"https:\/\/revistaautobus.com.br\/wp-content\/uploads\/2025\/12\/editor_antonio_ferro-150x150.jpg","contentUrl":"https:\/\/revistaautobus.com.br\/wp-content\/uploads\/2025\/12\/editor_antonio_ferro-150x150.jpg","caption":"Antonio Ferro"},"description":"infobus@uol.com.br","url":"https:\/\/revistaautobus.com.br\/?author=2"}]}},"jetpack_featured_media_url":"https:\/\/revistaautobus.com.br\/wp-content\/uploads\/2023\/08\/1V0A1033.jpg","jetpack_sharing_enabled":true,"_links":{"self":[{"href":"https:\/\/revistaautobus.com.br\/index.php?rest_route=\/wp\/v2\/posts\/9569","targetHints":{"allow":["GET"]}}],"collection":[{"href":"https:\/\/revistaautobus.com.br\/index.php?rest_route=\/wp\/v2\/posts"}],"about":[{"href":"https:\/\/revistaautobus.com.br\/index.php?rest_route=\/wp\/v2\/types\/post"}],"author":[{"embeddable":true,"href":"https:\/\/revistaautobus.com.br\/index.php?rest_route=\/wp\/v2\/users\/2"}],"replies":[{"embeddable":true,"href":"https:\/\/revistaautobus.com.br\/index.php?rest_route=%2Fwp%2Fv2%2Fcomments&post=9569"}],"version-history":[{"count":3,"href":"https:\/\/revistaautobus.com.br\/index.php?rest_route=\/wp\/v2\/posts\/9569\/revisions"}],"predecessor-version":[{"id":9573,"href":"https:\/\/revistaautobus.com.br\/index.php?rest_route=\/wp\/v2\/posts\/9569\/revisions\/9573"}],"wp:featuredmedia":[{"embeddable":true,"href":"https:\/\/revistaautobus.com.br\/index.php?rest_route=\/wp\/v2\/media\/9570"}],"wp:attachment":[{"href":"https:\/\/revistaautobus.com.br\/index.php?rest_route=%2Fwp%2Fv2%2Fmedia&parent=9569"}],"wp:term":[{"taxonomy":"category","embeddable":true,"href":"https:\/\/revistaautobus.com.br\/index.php?rest_route=%2Fwp%2Fv2%2Fcategories&post=9569"},{"taxonomy":"post_tag","embeddable":true,"href":"https:\/\/revistaautobus.com.br\/index.php?rest_route=%2Fwp%2Fv2%2Ftags&post=9569"}],"curies":[{"name":"wp","href":"https:\/\/api.w.org\/{rel}","templated":true}]}}