{"id":9580,"date":"2023-08-07T07:16:02","date_gmt":"2023-08-07T10:16:02","guid":{"rendered":"https:\/\/revistaautobus.com.br\/?p=9580"},"modified":"2023-08-07T07:16:02","modified_gmt":"2023-08-07T10:16:02","slug":"praxio-com-estrategia-para-as-grandes-frotas-de-onibus","status":"publish","type":"post","link":"https:\/\/revistaautobus.com.br\/?p=9580","title":{"rendered":"Praxio com estrat\u00e9gia para as grandes frotas de \u00f4nibus"},"content":{"rendered":"<p>Por interm\u00e9dio de uma campanha que visa compartilhar os aprendizados e as boas pr\u00e1ticas acumuladas nos \u00faltimos anos com empresas que gerenciam grandes frotas de \u00f4nibus, a empresa Praxio, refer\u00eancia em tecnologia de gest\u00e3o para o transporte de passageiros, quer trocar experi\u00eancias de forma a promover a otimiza\u00e7\u00e3o operacional no setor.<\/p>\n<p>Emerson Grandi, diretor da Praxio e l\u00edder da Torre Mobilidade na Plataforma nstech, destacou que o objetivo da campanha \u00e9 compartilhar com as empresas do setor parte da experi\u00eancia acumulada pela Praxio nos \u00faltimos 40 anos. \u201cNo in\u00edcio, a ideia seria realizar um evento online apresentando n\u00fameros e casos de sucesso acumulados nos \u00faltimos 40 anos, mas entendemos que uma an\u00e1lise caso a caso, promovendo um diagn\u00f3stico gratuito espec\u00edfico e para cada empresa, \u00e9 o que faria mais sentido\u201d, disse ele.<\/p>\n<p>Na estrat\u00e9gia da empresa, a campanha segue duas vertentes, que observa aquelas empresas que n\u00e3o usam os sistemas Praxio, tendo uma abordagem que segue a sua metodologia exclusiva para novos clientes, disponibilizando para cada operadora interessada e dentro do perfil de gest\u00e3o para grandes frotas, consultores especialistas para o mapeamento e entrega do relat\u00f3rio de diagn\u00f3stico gratuito; e an\u00e1lise comparativa entre processos, apontando possibilidade de melhorias e ganhos poss\u00edveis em tempo e dinheiro. \u201cPara as empresas que ainda n\u00e3o conhecem a Praxio, queremos oferecer uma vis\u00e3o realista de como todos os processos da empresa podem ser integrados (entre \u00e1reas e fornecedores externos) com foco na gest\u00e3o da receita e custos. Para as empresas que j\u00e1 conhecem e utilizam as nossas solu\u00e7\u00f5es, queremos apresentar melhores formas e possibilidades de uso dos nossos sistemas\u201d, afirmou Emerson.<\/p>\n<p>J\u00e1, para as empresas que s\u00e3o clientes, a campanha entregar\u00e1 aos interessados um relat\u00f3rio exclusivo com a an\u00e1lise de uso, apontando como explorar o melhor do sistema em todos processos. \u201cQueremos compartilhar novas possibilidades em tecnologias para a gest\u00e3o das empresas de \u00f4nibus aliando a transpar\u00eancia das informa\u00e7\u00f5es operacionais a todo um conjunto de boas pr\u00e1ticas ambientais e sociais como a diminui\u00e7\u00e3o do consumo de papel, da gest\u00e3o do combust\u00edvel e CO2, controle do descarte e recapagem de pneus, entre outros\u201d, finalizou o executivo.<\/p>\n<p>Mais informa\u00e7\u00f5es podem ser obtidas pelo acesso ao portal <a href=\"https:\/\/conteudo.praxio.com.br\/\">https:\/\/conteudo.praxio.com.br\/<\/a><\/p>\n<p>Imagem &#8211; Divulga\u00e7\u00e3o<\/p>\n<p>&nbsp;<\/p>\n","protected":false},"excerpt":{"rendered":"<p>O uso de ferramentas tecnol\u00f3gicas tem o intuito de melhorar a opera\u00e7\u00e3o do transporte coletivo<\/p>\n","protected":false},"author":2,"featured_media":9581,"comment_status":"open","ping_status":"open","sticky":false,"template":"","format":"standard","meta":{"_et_pb_use_builder":"","_et_pb_old_content":"","_et_gb_content_width":"","_jetpack_memberships_contains_paid_content":false,"footnotes":""},"categories":[73],"tags":[458],"class_list":["post-9580","post","type-post","status-publish","format-standard","has-post-thumbnail","hentry","category-tecnologia","tag-praxio","et-has-post-format-content","et_post_format-et-post-format-standard"],"yoast_head":"<!-- This site is optimized with the Yoast SEO plugin v27.2 - https:\/\/yoast.com\/product\/yoast-seo-wordpress\/ -->\n<title>Praxio com estrat\u00e9gia para as grandes frotas de \u00f4nibus - Revista AutoBus<\/title>\n<meta name=\"robots\" content=\"index, follow, max-snippet:-1, max-image-preview:large, max-video-preview:-1\" \/>\n<link rel=\"canonical\" href=\"https:\/\/revistaautobus.com.br\/?p=9580\" \/>\n<meta property=\"og:locale\" content=\"pt_BR\" \/>\n<meta property=\"og:type\" content=\"article\" \/>\n<meta property=\"og:title\" content=\"Praxio com estrat\u00e9gia para as grandes frotas de \u00f4nibus - Revista AutoBus\" \/>\n<meta property=\"og:description\" content=\"O uso de ferramentas tecnol\u00f3gicas tem o intuito de melhorar a opera\u00e7\u00e3o do transporte coletivo\" \/>\n<meta property=\"og:url\" content=\"https:\/\/revistaautobus.com.br\/?p=9580\" \/>\n<meta property=\"og:site_name\" content=\"Revista AutoBus\" \/>\n<meta property=\"article:publisher\" content=\"https:\/\/www.facebook.com\/antonio.ferro.3150\" \/>\n<meta property=\"article:published_time\" content=\"2023-08-07T10:16:02+00:00\" \/>\n<meta property=\"og:image\" content=\"https:\/\/revistaautobus.com.br\/wp-content\/uploads\/2023\/08\/Praxio.jpg\" \/>\n\t<meta property=\"og:image:width\" content=\"1600\" \/>\n\t<meta property=\"og:image:height\" content=\"1118\" \/>\n\t<meta property=\"og:image:type\" content=\"image\/jpeg\" \/>\n<meta name=\"author\" content=\"Antonio Ferro\" \/>\n<meta name=\"twitter:card\" content=\"summary_large_image\" \/>\n<meta name=\"twitter:label1\" content=\"Escrito por\" \/>\n\t<meta name=\"twitter:data1\" content=\"Antonio Ferro\" \/>\n\t<meta name=\"twitter:label2\" content=\"Est. tempo de leitura\" \/>\n\t<meta name=\"twitter:data2\" content=\"2 minutos\" \/>\n<script type=\"application\/ld+json\" class=\"yoast-schema-graph\">{\"@context\":\"https:\/\/schema.org\",\"@graph\":[{\"@type\":\"Article\",\"@id\":\"https:\/\/revistaautobus.com.br\/?p=9580#article\",\"isPartOf\":{\"@id\":\"https:\/\/revistaautobus.com.br\/?p=9580\"},\"author\":{\"name\":\"Antonio Ferro\",\"@id\":\"https:\/\/revistaautobus.com.br\/#\/schema\/person\/54af7c3eb83a310e42ef686ef6d16f50\"},\"headline\":\"Praxio com estrat\u00e9gia para as grandes frotas de \u00f4nibus\",\"datePublished\":\"2023-08-07T10:16:02+00:00\",\"mainEntityOfPage\":{\"@id\":\"https:\/\/revistaautobus.com.br\/?p=9580\"},\"wordCount\":410,\"commentCount\":0,\"publisher\":{\"@id\":\"https:\/\/revistaautobus.com.br\/#organization\"},\"image\":{\"@id\":\"https:\/\/revistaautobus.com.br\/?p=9580#primaryimage\"},\"thumbnailUrl\":\"https:\/\/revistaautobus.com.br\/wp-content\/uploads\/2023\/08\/Praxio.jpg\",\"keywords\":[\"Praxio\"],\"articleSection\":[\"Tecnologia\"],\"inLanguage\":\"pt-BR\",\"potentialAction\":[{\"@type\":\"CommentAction\",\"name\":\"Comment\",\"target\":[\"https:\/\/revistaautobus.com.br\/?p=9580#respond\"]}]},{\"@type\":\"WebPage\",\"@id\":\"https:\/\/revistaautobus.com.br\/?p=9580\",\"url\":\"https:\/\/revistaautobus.com.br\/?p=9580\",\"name\":\"Praxio com estrat\u00e9gia para as grandes frotas de \u00f4nibus - Revista AutoBus\",\"isPartOf\":{\"@id\":\"https:\/\/revistaautobus.com.br\/#website\"},\"primaryImageOfPage\":{\"@id\":\"https:\/\/revistaautobus.com.br\/?p=9580#primaryimage\"},\"image\":{\"@id\":\"https:\/\/revistaautobus.com.br\/?p=9580#primaryimage\"},\"thumbnailUrl\":\"https:\/\/revistaautobus.com.br\/wp-content\/uploads\/2023\/08\/Praxio.jpg\",\"datePublished\":\"2023-08-07T10:16:02+00:00\",\"breadcrumb\":{\"@id\":\"https:\/\/revistaautobus.com.br\/?p=9580#breadcrumb\"},\"inLanguage\":\"pt-BR\",\"potentialAction\":[{\"@type\":\"ReadAction\",\"target\":[\"https:\/\/revistaautobus.com.br\/?p=9580\"]}]},{\"@type\":\"ImageObject\",\"inLanguage\":\"pt-BR\",\"@id\":\"https:\/\/revistaautobus.com.br\/?p=9580#primaryimage\",\"url\":\"https:\/\/revistaautobus.com.br\/wp-content\/uploads\/2023\/08\/Praxio.jpg\",\"contentUrl\":\"https:\/\/revistaautobus.com.br\/wp-content\/uploads\/2023\/08\/Praxio.jpg\",\"width\":1600,\"height\":1118},{\"@type\":\"BreadcrumbList\",\"@id\":\"https:\/\/revistaautobus.com.br\/?p=9580#breadcrumb\",\"itemListElement\":[{\"@type\":\"ListItem\",\"position\":1,\"name\":\"In\u00edcio\",\"item\":\"https:\/\/revistaautobus.com.br\/\"},{\"@type\":\"ListItem\",\"position\":2,\"name\":\"Praxio com estrat\u00e9gia para as grandes frotas de \u00f4nibus\"}]},{\"@type\":\"WebSite\",\"@id\":\"https:\/\/revistaautobus.com.br\/#website\",\"url\":\"https:\/\/revistaautobus.com.br\/\",\"name\":\"Revista AutoBus\",\"description\":\"\",\"publisher\":{\"@id\":\"https:\/\/revistaautobus.com.br\/#organization\"},\"potentialAction\":[{\"@type\":\"SearchAction\",\"target\":{\"@type\":\"EntryPoint\",\"urlTemplate\":\"https:\/\/revistaautobus.com.br\/?s={search_term_string}\"},\"query-input\":{\"@type\":\"PropertyValueSpecification\",\"valueRequired\":true,\"valueName\":\"search_term_string\"}}],\"inLanguage\":\"pt-BR\"},{\"@type\":\"Organization\",\"@id\":\"https:\/\/revistaautobus.com.br\/#organization\",\"name\":\"Revista AutoBus\",\"url\":\"https:\/\/revistaautobus.com.br\/\",\"logo\":{\"@type\":\"ImageObject\",\"inLanguage\":\"pt-BR\",\"@id\":\"https:\/\/revistaautobus.com.br\/#\/schema\/logo\/image\/\",\"url\":\"https:\/\/revistaautobus.com.br\/wp-content\/uploads\/2024\/11\/logo_revista_autobus_fb.png\",\"contentUrl\":\"https:\/\/revistaautobus.com.br\/wp-content\/uploads\/2024\/11\/logo_revista_autobus_fb.png\",\"width\":836,\"height\":227,\"caption\":\"Revista AutoBus\"},\"image\":{\"@id\":\"https:\/\/revistaautobus.com.br\/#\/schema\/logo\/image\/\"},\"sameAs\":[\"https:\/\/www.facebook.com\/antonio.ferro.3150\",\"https:\/\/www.instagram.com\/revistaautobus\/\"]},{\"@type\":\"Person\",\"@id\":\"https:\/\/revistaautobus.com.br\/#\/schema\/person\/54af7c3eb83a310e42ef686ef6d16f50\",\"name\":\"Antonio Ferro\",\"image\":{\"@type\":\"ImageObject\",\"inLanguage\":\"pt-BR\",\"@id\":\"https:\/\/revistaautobus.com.br\/wp-content\/uploads\/2025\/12\/editor_antonio_ferro-150x150.jpg\",\"url\":\"https:\/\/revistaautobus.com.br\/wp-content\/uploads\/2025\/12\/editor_antonio_ferro-150x150.jpg\",\"contentUrl\":\"https:\/\/revistaautobus.com.br\/wp-content\/uploads\/2025\/12\/editor_antonio_ferro-150x150.jpg\",\"caption\":\"Antonio Ferro\"},\"description\":\"infobus@uol.com.br\",\"url\":\"https:\/\/revistaautobus.com.br\/?author=2\"}]}<\/script>\n<!-- \/ Yoast SEO plugin. -->","yoast_head_json":{"title":"Praxio com estrat\u00e9gia para as grandes frotas de \u00f4nibus - Revista AutoBus","robots":{"index":"index","follow":"follow","max-snippet":"max-snippet:-1","max-image-preview":"max-image-preview:large","max-video-preview":"max-video-preview:-1"},"canonical":"https:\/\/revistaautobus.com.br\/?p=9580","og_locale":"pt_BR","og_type":"article","og_title":"Praxio com estrat\u00e9gia para as grandes frotas de \u00f4nibus - Revista AutoBus","og_description":"O uso de ferramentas tecnol\u00f3gicas tem o intuito de melhorar a opera\u00e7\u00e3o do transporte coletivo","og_url":"https:\/\/revistaautobus.com.br\/?p=9580","og_site_name":"Revista AutoBus","article_publisher":"https:\/\/www.facebook.com\/antonio.ferro.3150","article_published_time":"2023-08-07T10:16:02+00:00","og_image":[{"width":1600,"height":1118,"url":"https:\/\/revistaautobus.com.br\/wp-content\/uploads\/2023\/08\/Praxio.jpg","type":"image\/jpeg"}],"author":"Antonio Ferro","twitter_card":"summary_large_image","twitter_misc":{"Escrito por":"Antonio Ferro","Est. tempo de leitura":"2 minutos"},"schema":{"@context":"https:\/\/schema.org","@graph":[{"@type":"Article","@id":"https:\/\/revistaautobus.com.br\/?p=9580#article","isPartOf":{"@id":"https:\/\/revistaautobus.com.br\/?p=9580"},"author":{"name":"Antonio Ferro","@id":"https:\/\/revistaautobus.com.br\/#\/schema\/person\/54af7c3eb83a310e42ef686ef6d16f50"},"headline":"Praxio com estrat\u00e9gia para as grandes frotas de \u00f4nibus","datePublished":"2023-08-07T10:16:02+00:00","mainEntityOfPage":{"@id":"https:\/\/revistaautobus.com.br\/?p=9580"},"wordCount":410,"commentCount":0,"publisher":{"@id":"https:\/\/revistaautobus.com.br\/#organization"},"image":{"@id":"https:\/\/revistaautobus.com.br\/?p=9580#primaryimage"},"thumbnailUrl":"https:\/\/revistaautobus.com.br\/wp-content\/uploads\/2023\/08\/Praxio.jpg","keywords":["Praxio"],"articleSection":["Tecnologia"],"inLanguage":"pt-BR","potentialAction":[{"@type":"CommentAction","name":"Comment","target":["https:\/\/revistaautobus.com.br\/?p=9580#respond"]}]},{"@type":"WebPage","@id":"https:\/\/revistaautobus.com.br\/?p=9580","url":"https:\/\/revistaautobus.com.br\/?p=9580","name":"Praxio com estrat\u00e9gia para as grandes frotas de \u00f4nibus - Revista AutoBus","isPartOf":{"@id":"https:\/\/revistaautobus.com.br\/#website"},"primaryImageOfPage":{"@id":"https:\/\/revistaautobus.com.br\/?p=9580#primaryimage"},"image":{"@id":"https:\/\/revistaautobus.com.br\/?p=9580#primaryimage"},"thumbnailUrl":"https:\/\/revistaautobus.com.br\/wp-content\/uploads\/2023\/08\/Praxio.jpg","datePublished":"2023-08-07T10:16:02+00:00","breadcrumb":{"@id":"https:\/\/revistaautobus.com.br\/?p=9580#breadcrumb"},"inLanguage":"pt-BR","potentialAction":[{"@type":"ReadAction","target":["https:\/\/revistaautobus.com.br\/?p=9580"]}]},{"@type":"ImageObject","inLanguage":"pt-BR","@id":"https:\/\/revistaautobus.com.br\/?p=9580#primaryimage","url":"https:\/\/revistaautobus.com.br\/wp-content\/uploads\/2023\/08\/Praxio.jpg","contentUrl":"https:\/\/revistaautobus.com.br\/wp-content\/uploads\/2023\/08\/Praxio.jpg","width":1600,"height":1118},{"@type":"BreadcrumbList","@id":"https:\/\/revistaautobus.com.br\/?p=9580#breadcrumb","itemListElement":[{"@type":"ListItem","position":1,"name":"In\u00edcio","item":"https:\/\/revistaautobus.com.br\/"},{"@type":"ListItem","position":2,"name":"Praxio com estrat\u00e9gia para as grandes frotas de \u00f4nibus"}]},{"@type":"WebSite","@id":"https:\/\/revistaautobus.com.br\/#website","url":"https:\/\/revistaautobus.com.br\/","name":"Revista AutoBus","description":"","publisher":{"@id":"https:\/\/revistaautobus.com.br\/#organization"},"potentialAction":[{"@type":"SearchAction","target":{"@type":"EntryPoint","urlTemplate":"https:\/\/revistaautobus.com.br\/?s={search_term_string}"},"query-input":{"@type":"PropertyValueSpecification","valueRequired":true,"valueName":"search_term_string"}}],"inLanguage":"pt-BR"},{"@type":"Organization","@id":"https:\/\/revistaautobus.com.br\/#organization","name":"Revista AutoBus","url":"https:\/\/revistaautobus.com.br\/","logo":{"@type":"ImageObject","inLanguage":"pt-BR","@id":"https:\/\/revistaautobus.com.br\/#\/schema\/logo\/image\/","url":"https:\/\/revistaautobus.com.br\/wp-content\/uploads\/2024\/11\/logo_revista_autobus_fb.png","contentUrl":"https:\/\/revistaautobus.com.br\/wp-content\/uploads\/2024\/11\/logo_revista_autobus_fb.png","width":836,"height":227,"caption":"Revista AutoBus"},"image":{"@id":"https:\/\/revistaautobus.com.br\/#\/schema\/logo\/image\/"},"sameAs":["https:\/\/www.facebook.com\/antonio.ferro.3150","https:\/\/www.instagram.com\/revistaautobus\/"]},{"@type":"Person","@id":"https:\/\/revistaautobus.com.br\/#\/schema\/person\/54af7c3eb83a310e42ef686ef6d16f50","name":"Antonio Ferro","image":{"@type":"ImageObject","inLanguage":"pt-BR","@id":"https:\/\/revistaautobus.com.br\/wp-content\/uploads\/2025\/12\/editor_antonio_ferro-150x150.jpg","url":"https:\/\/revistaautobus.com.br\/wp-content\/uploads\/2025\/12\/editor_antonio_ferro-150x150.jpg","contentUrl":"https:\/\/revistaautobus.com.br\/wp-content\/uploads\/2025\/12\/editor_antonio_ferro-150x150.jpg","caption":"Antonio Ferro"},"description":"infobus@uol.com.br","url":"https:\/\/revistaautobus.com.br\/?author=2"}]}},"jetpack_featured_media_url":"https:\/\/revistaautobus.com.br\/wp-content\/uploads\/2023\/08\/Praxio.jpg","jetpack_sharing_enabled":true,"_links":{"self":[{"href":"https:\/\/revistaautobus.com.br\/index.php?rest_route=\/wp\/v2\/posts\/9580","targetHints":{"allow":["GET"]}}],"collection":[{"href":"https:\/\/revistaautobus.com.br\/index.php?rest_route=\/wp\/v2\/posts"}],"about":[{"href":"https:\/\/revistaautobus.com.br\/index.php?rest_route=\/wp\/v2\/types\/post"}],"author":[{"embeddable":true,"href":"https:\/\/revistaautobus.com.br\/index.php?rest_route=\/wp\/v2\/users\/2"}],"replies":[{"embeddable":true,"href":"https:\/\/revistaautobus.com.br\/index.php?rest_route=%2Fwp%2Fv2%2Fcomments&post=9580"}],"version-history":[{"count":3,"href":"https:\/\/revistaautobus.com.br\/index.php?rest_route=\/wp\/v2\/posts\/9580\/revisions"}],"predecessor-version":[{"id":9584,"href":"https:\/\/revistaautobus.com.br\/index.php?rest_route=\/wp\/v2\/posts\/9580\/revisions\/9584"}],"wp:featuredmedia":[{"embeddable":true,"href":"https:\/\/revistaautobus.com.br\/index.php?rest_route=\/wp\/v2\/media\/9581"}],"wp:attachment":[{"href":"https:\/\/revistaautobus.com.br\/index.php?rest_route=%2Fwp%2Fv2%2Fmedia&parent=9580"}],"wp:term":[{"taxonomy":"category","embeddable":true,"href":"https:\/\/revistaautobus.com.br\/index.php?rest_route=%2Fwp%2Fv2%2Fcategories&post=9580"},{"taxonomy":"post_tag","embeddable":true,"href":"https:\/\/revistaautobus.com.br\/index.php?rest_route=%2Fwp%2Fv2%2Ftags&post=9580"}],"curies":[{"name":"wp","href":"https:\/\/api.w.org\/{rel}","templated":true}]}}