{"id":9719,"date":"2023-08-25T07:52:54","date_gmt":"2023-08-25T10:52:54","guid":{"rendered":"https:\/\/revistaautobus.com.br\/?p=9719"},"modified":"2023-08-25T07:54:22","modified_gmt":"2023-08-25T10:54:22","slug":"pelo-tunel-do-tempo-10","status":"publish","type":"post","link":"https:\/\/revistaautobus.com.br\/?p=9719","title":{"rendered":"Pelo T\u00fanel do Tempo"},"content":{"rendered":"<p><span style=\"color: #0000ff;\"><em><strong>De secos e molhados a ve\u00edculos comerciais<\/strong><\/em><\/span><\/p>\n<p>Quem est\u00e1 diretamente ligado no setor de transporte, seja ele de passageiro ou de carga, sabe muito bem das peculiaridades relacionadas com a cria\u00e7\u00e3o de uma empresa e, tamb\u00e9m, das dificuldades de se estabelecer frente aos grandes desafios de outrora (l\u00e1 nas d\u00e9cadas de 1940 e 50), quando ent\u00e3o, a ind\u00fastria brasileira de ve\u00edculos automotores ainda dava seus primeiros passos por aqui e era necess\u00e1rio importar os mais variados modelos para abastecer o mercado local.<\/p>\n<p>Muitos dos que est\u00e3o, hoje, no segmento tamb\u00e9m viveram, em suas trajet\u00f3rias iniciais, processos diferenciados aos que est\u00e3o envolvidos neste momento. \u00c9 o caso da concession\u00e1ria paranaense P.B. Lopes &amp; Cia Ltda, da cidade de Londrina, representante da marca Scania. Antes de trabalhar em nome da montadora de origem sueca, a revendedora teve seu in\u00edcio de forma inusitada, como um armaz\u00e9m de secos e molhados, no come\u00e7o da d\u00e9cada de 1940.<\/p>\n<p>Tudo come\u00e7ou com o espanhol Jos\u00e9 Lopez Lopez, na tamb\u00e9m cidade paranaense, Ibipor\u00e3, por interm\u00e9dio de sua Casa Econ\u00f4mica, onde atendia os moradores locais com as suas mais diversas mercadorias (ferramentas, alimentos e demais produtos). Al\u00e9m disso, tamb\u00e9m fornecia gasolina, por meio de um posto instalado ao lado de sua empresa. O empreendedor ficou reconhecido por ser um \u00f3timo comerciante, de car\u00e1ter, atuando de forma enf\u00e1tica na defesa do bom relacionamento com colaboradores e os seus clientes. Tamb\u00e9m fora identificado como uma pessoa que cumpria com o lado social, sempre filantropo, atendendo aos mais necessitados.<\/p>\n<p>Al\u00e9m de sua casa comercial, havia ainda a fazenda produtora de caf\u00e9 e a beneficiadora do produto. Pensando em voos mais altos, Jos\u00e9 Lopez Lopez deixa a pequena Ibipor\u00e3 para tr\u00e1s e segue para Londrina, planejando suas novas metas comerciais.<\/p>\n<div id=\"attachment_9721\" style=\"width: 1034px\" class=\"wp-caption aligncenter\"><img loading=\"lazy\" decoding=\"async\" aria-describedby=\"caption-attachment-9721\" class=\"wp-image-9721 size-large\" src=\"https:\/\/revistaautobus.com.br\/wp-content\/uploads\/2023\/08\/Irmaos-Lopes-1024x699.jpg\" alt=\"\" width=\"1024\" height=\"699\" srcset=\"https:\/\/revistaautobus.com.br\/wp-content\/uploads\/2023\/08\/Irmaos-Lopes-1024x699.jpg 1024w, https:\/\/revistaautobus.com.br\/wp-content\/uploads\/2023\/08\/Irmaos-Lopes-300x205.jpg 300w, https:\/\/revistaautobus.com.br\/wp-content\/uploads\/2023\/08\/Irmaos-Lopes-768x525.jpg 768w, https:\/\/revistaautobus.com.br\/wp-content\/uploads\/2023\/08\/Irmaos-Lopes-1536x1049.jpg 1536w, https:\/\/revistaautobus.com.br\/wp-content\/uploads\/2023\/08\/Irmaos-Lopes-2048x1399.jpg 2048w, https:\/\/revistaautobus.com.br\/wp-content\/uploads\/2023\/08\/Irmaos-Lopes-1080x738.jpg 1080w\" sizes=\"(max-width: 1024px) 100vw, 1024px\" \/><p id=\"caption-attachment-9721\" class=\"wp-caption-text\"><span style=\"color: #008000;\"><em><strong>A representa\u00e7\u00e3o das marcas de ve\u00edculos e o transporte urbano na vida da empresa<\/strong><\/em><\/span><\/p><\/div>\n<p>Assim, logo no come\u00e7o do dec\u00eanio de 1950, a fam\u00edlia investe na cria\u00e7\u00e3o de uma revendedora de ve\u00edculos da marca Chrysler, De Soto, com autom\u00f3veis e caminh\u00f5es \u00e0 disposi\u00e7\u00e3o da cidade e da regi\u00e3o onde estava instalada, constituindo a Irm\u00e3os Lopes e Cia. Ltda. A representa\u00e7\u00e3o das marcas mencionadas durou at\u00e9 a chegada da Mercedes-Benz no Brasil, em 1957, quando houve a troca pelo nome alem\u00e3o na ins\u00edgnia do estabelecimento comercial.<\/p>\n<p>Os ve\u00edculos da estrela de tr\u00eas pontas seriam o ponto alto para poder atender aos diversos modelos de neg\u00f3cios em nosso Pa\u00eds, fossem eles para o transporte de pessoas ou de cargas, afinal, a Mercedes-Benz inaugurava um per\u00edodo bem importante para o estabelecimento da motoriza\u00e7\u00e3o a diesel em ve\u00edculos comerciais. Em paralelo \u00e0 venda de \u00f4nibus e caminh\u00f5es, tamb\u00e9m eram comercializados eletrodom\u00e9sticos, num per\u00edodo em que as fam\u00edlias brasileiras experimentavam as novidades que podiam ser utilizadas em suas resid\u00eancias.<\/p>\n<p>O precursor de todos os neg\u00f3cios tamb\u00e9m foi operador de \u00f4nibus urbano, em Londrina. Em 1958 \u00e9 criada a VUL \u2013 Via\u00e7\u00e3o Urbana Londrinense -, em substitui\u00e7\u00e3o \u00e0 uma antiga operadora que deixara de realizar os servi\u00e7os locais. Assim, Lopez acabou por se inserir no segmento, interligando os v\u00e1rios pontos da cidade. 20 anos mais tarde, o termo VUL deixa de existir, entrando TCGL \u2013 Transportes Coletivos Grande Londrina. Em 1997, encerra-se o neg\u00f3cio de transporte coletivo sob a dire\u00e7\u00e3o da Irm\u00e3os Lopes, com a venda da TCGL para o Grupo Constantino.<\/p>\n<div id=\"attachment_9722\" style=\"width: 1034px\" class=\"wp-caption alignnone\"><img loading=\"lazy\" decoding=\"async\" aria-describedby=\"caption-attachment-9722\" class=\"wp-image-9722 size-large\" src=\"https:\/\/revistaautobus.com.br\/wp-content\/uploads\/2023\/08\/F-000010-1970-Entrega-das-chaves-lote-de-onibus-a-Viacao-Gracia-1024x755.jpg\" alt=\"\" width=\"1024\" height=\"755\" srcset=\"https:\/\/revistaautobus.com.br\/wp-content\/uploads\/2023\/08\/F-000010-1970-Entrega-das-chaves-lote-de-onibus-a-Viacao-Gracia-1024x755.jpg 1024w, https:\/\/revistaautobus.com.br\/wp-content\/uploads\/2023\/08\/F-000010-1970-Entrega-das-chaves-lote-de-onibus-a-Viacao-Gracia-300x221.jpg 300w, https:\/\/revistaautobus.com.br\/wp-content\/uploads\/2023\/08\/F-000010-1970-Entrega-das-chaves-lote-de-onibus-a-Viacao-Gracia-768x566.jpg 768w, https:\/\/revistaautobus.com.br\/wp-content\/uploads\/2023\/08\/F-000010-1970-Entrega-das-chaves-lote-de-onibus-a-Viacao-Gracia-1536x1132.jpg 1536w, https:\/\/revistaautobus.com.br\/wp-content\/uploads\/2023\/08\/F-000010-1970-Entrega-das-chaves-lote-de-onibus-a-Viacao-Gracia-1080x796.jpg 1080w, https:\/\/revistaautobus.com.br\/wp-content\/uploads\/2023\/08\/F-000010-1970-Entrega-das-chaves-lote-de-onibus-a-Viacao-Gracia.jpg 1848w\" sizes=\"(max-width: 1024px) 100vw, 1024px\" \/><p id=\"caption-attachment-9722\" class=\"wp-caption-text\"><span style=\"color: #008000;\"><em><strong>Entrega de novos \u00f4nibus para um grande cliente, isso na d\u00e9cada de 1970<\/strong><\/em><\/span><\/p><\/div>\n<p>A marca Scania entra na vida de Jos\u00e9 Lopez Lopez na d\u00e9cada de 1960 (com a chegada dos ve\u00edculos pesados no mercado), permanecendo at\u00e9 hoje, por meio da revenda P.B. Lopes &amp; Cia, empresa que era gerida por seu filho, Pedro Barboza Lopes, que ap\u00f3s o falecimento dos fundadores Jos\u00e9 Lopez Lopez e Am\u00e9lia Barboza Lopes, na partilha dos bens da Irm\u00e3os Lopes em 1997, assume as revendas das unidades de Londrina e Maring\u00e1.<\/p>\n<p>Ali\u00e1s, Pedro Barboza Lopes ainda foi o respons\u00e1vel pelo crescimento dos neg\u00f3cios, investindo em outras filiais da concession\u00e1ria e em postos de servi\u00e7os localizados em cidades dos estados de S\u00e3o Paulo e Mato Grosso do Sul.<\/p>\n<p>Atualmente, o grande legado da P.B. Lopes, que \u00e9 gerida pelos diretores Daniela Lopes Gomes e Henrique Gomes, \u00e9 poder servir aos seus clientes com dedica\u00e7\u00e3o e o cuidado, oferecendo os melhores servi\u00e7os e ve\u00edculos sob a ins\u00edgnia da marca Scania, nome reconhecido pela gama de produtos e tecnologia embarcada de \u00faltima gera\u00e7\u00e3o.<\/p>\n<p><span style=\"color: #000000;\"><em>Imagens gentilmente cedidas pela P.B.Lopes<\/em><\/span><\/p>\n<p>&nbsp;<\/p>\n","protected":false},"excerpt":{"rendered":"<p>A trajet\u00f3ria de um grupo dedicado aos clientes do transporte<\/p>\n","protected":false},"author":2,"featured_media":9720,"comment_status":"open","ping_status":"open","sticky":false,"template":"","format":"standard","meta":{"_et_pb_use_builder":"","_et_pb_old_content":"","_et_gb_content_width":"","_jetpack_memberships_contains_paid_content":false,"footnotes":""},"categories":[6],"tags":[573,100],"class_list":["post-9719","post","type-post","status-publish","format-standard","has-post-thumbnail","hentry","category-das-antigas","tag-p-b-lopes","tag-scania","et-has-post-format-content","et_post_format-et-post-format-standard"],"yoast_head":"<!-- This site is optimized with the Yoast SEO plugin v27.2 - https:\/\/yoast.com\/product\/yoast-seo-wordpress\/ -->\n<title>Pelo T\u00fanel do Tempo - Revista AutoBus<\/title>\n<meta name=\"robots\" content=\"index, follow, max-snippet:-1, max-image-preview:large, max-video-preview:-1\" \/>\n<link rel=\"canonical\" href=\"https:\/\/revistaautobus.com.br\/?p=9719\" \/>\n<meta property=\"og:locale\" content=\"pt_BR\" \/>\n<meta property=\"og:type\" content=\"article\" \/>\n<meta property=\"og:title\" content=\"Pelo T\u00fanel do Tempo - Revista AutoBus\" \/>\n<meta property=\"og:description\" content=\"A trajet\u00f3ria de um grupo dedicado aos clientes do transporte\" \/>\n<meta property=\"og:url\" content=\"https:\/\/revistaautobus.com.br\/?p=9719\" \/>\n<meta property=\"og:site_name\" content=\"Revista AutoBus\" \/>\n<meta property=\"article:publisher\" content=\"https:\/\/www.facebook.com\/antonio.ferro.3150\" \/>\n<meta property=\"article:published_time\" content=\"2023-08-25T10:52:54+00:00\" \/>\n<meta property=\"article:modified_time\" content=\"2023-08-25T10:54:22+00:00\" \/>\n<meta property=\"og:image\" content=\"https:\/\/revistaautobus.com.br\/wp-content\/uploads\/2023\/08\/F-00009-1970-Lote-de-onibus-vendido-para-Viacao-garcia.jpg\" \/>\n\t<meta property=\"og:image:width\" content=\"1000\" \/>\n\t<meta property=\"og:image:height\" content=\"748\" \/>\n\t<meta property=\"og:image:type\" content=\"image\/jpeg\" \/>\n<meta name=\"author\" content=\"Antonio Ferro\" \/>\n<meta name=\"twitter:card\" content=\"summary_large_image\" \/>\n<meta name=\"twitter:label1\" content=\"Escrito por\" \/>\n\t<meta name=\"twitter:data1\" content=\"Antonio Ferro\" \/>\n\t<meta name=\"twitter:label2\" content=\"Est. tempo de leitura\" \/>\n\t<meta name=\"twitter:data2\" content=\"4 minutos\" \/>\n<script type=\"application\/ld+json\" class=\"yoast-schema-graph\">{\"@context\":\"https:\/\/schema.org\",\"@graph\":[{\"@type\":\"Article\",\"@id\":\"https:\/\/revistaautobus.com.br\/?p=9719#article\",\"isPartOf\":{\"@id\":\"https:\/\/revistaautobus.com.br\/?p=9719\"},\"author\":{\"name\":\"Antonio Ferro\",\"@id\":\"https:\/\/revistaautobus.com.br\/#\/schema\/person\/54af7c3eb83a310e42ef686ef6d16f50\"},\"headline\":\"Pelo T\u00fanel do Tempo\",\"datePublished\":\"2023-08-25T10:52:54+00:00\",\"dateModified\":\"2023-08-25T10:54:22+00:00\",\"mainEntityOfPage\":{\"@id\":\"https:\/\/revistaautobus.com.br\/?p=9719\"},\"wordCount\":812,\"commentCount\":0,\"publisher\":{\"@id\":\"https:\/\/revistaautobus.com.br\/#organization\"},\"image\":{\"@id\":\"https:\/\/revistaautobus.com.br\/?p=9719#primaryimage\"},\"thumbnailUrl\":\"https:\/\/revistaautobus.com.br\/wp-content\/uploads\/2023\/08\/F-00009-1970-Lote-de-onibus-vendido-para-Viacao-garcia.jpg\",\"keywords\":[\"P.B.Lopes\",\"Scania\"],\"articleSection\":[\"Das Antigas\"],\"inLanguage\":\"pt-BR\",\"potentialAction\":[{\"@type\":\"CommentAction\",\"name\":\"Comment\",\"target\":[\"https:\/\/revistaautobus.com.br\/?p=9719#respond\"]}]},{\"@type\":\"WebPage\",\"@id\":\"https:\/\/revistaautobus.com.br\/?p=9719\",\"url\":\"https:\/\/revistaautobus.com.br\/?p=9719\",\"name\":\"Pelo T\u00fanel do Tempo - Revista AutoBus\",\"isPartOf\":{\"@id\":\"https:\/\/revistaautobus.com.br\/#website\"},\"primaryImageOfPage\":{\"@id\":\"https:\/\/revistaautobus.com.br\/?p=9719#primaryimage\"},\"image\":{\"@id\":\"https:\/\/revistaautobus.com.br\/?p=9719#primaryimage\"},\"thumbnailUrl\":\"https:\/\/revistaautobus.com.br\/wp-content\/uploads\/2023\/08\/F-00009-1970-Lote-de-onibus-vendido-para-Viacao-garcia.jpg\",\"datePublished\":\"2023-08-25T10:52:54+00:00\",\"dateModified\":\"2023-08-25T10:54:22+00:00\",\"breadcrumb\":{\"@id\":\"https:\/\/revistaautobus.com.br\/?p=9719#breadcrumb\"},\"inLanguage\":\"pt-BR\",\"potentialAction\":[{\"@type\":\"ReadAction\",\"target\":[\"https:\/\/revistaautobus.com.br\/?p=9719\"]}]},{\"@type\":\"ImageObject\",\"inLanguage\":\"pt-BR\",\"@id\":\"https:\/\/revistaautobus.com.br\/?p=9719#primaryimage\",\"url\":\"https:\/\/revistaautobus.com.br\/wp-content\/uploads\/2023\/08\/F-00009-1970-Lote-de-onibus-vendido-para-Viacao-garcia.jpg\",\"contentUrl\":\"https:\/\/revistaautobus.com.br\/wp-content\/uploads\/2023\/08\/F-00009-1970-Lote-de-onibus-vendido-para-Viacao-garcia.jpg\",\"width\":1000,\"height\":748},{\"@type\":\"BreadcrumbList\",\"@id\":\"https:\/\/revistaautobus.com.br\/?p=9719#breadcrumb\",\"itemListElement\":[{\"@type\":\"ListItem\",\"position\":1,\"name\":\"In\u00edcio\",\"item\":\"https:\/\/revistaautobus.com.br\/\"},{\"@type\":\"ListItem\",\"position\":2,\"name\":\"Pelo T\u00fanel do Tempo\"}]},{\"@type\":\"WebSite\",\"@id\":\"https:\/\/revistaautobus.com.br\/#website\",\"url\":\"https:\/\/revistaautobus.com.br\/\",\"name\":\"Revista AutoBus\",\"description\":\"\",\"publisher\":{\"@id\":\"https:\/\/revistaautobus.com.br\/#organization\"},\"potentialAction\":[{\"@type\":\"SearchAction\",\"target\":{\"@type\":\"EntryPoint\",\"urlTemplate\":\"https:\/\/revistaautobus.com.br\/?s={search_term_string}\"},\"query-input\":{\"@type\":\"PropertyValueSpecification\",\"valueRequired\":true,\"valueName\":\"search_term_string\"}}],\"inLanguage\":\"pt-BR\"},{\"@type\":\"Organization\",\"@id\":\"https:\/\/revistaautobus.com.br\/#organization\",\"name\":\"Revista AutoBus\",\"url\":\"https:\/\/revistaautobus.com.br\/\",\"logo\":{\"@type\":\"ImageObject\",\"inLanguage\":\"pt-BR\",\"@id\":\"https:\/\/revistaautobus.com.br\/#\/schema\/logo\/image\/\",\"url\":\"https:\/\/revistaautobus.com.br\/wp-content\/uploads\/2024\/11\/logo_revista_autobus_fb.png\",\"contentUrl\":\"https:\/\/revistaautobus.com.br\/wp-content\/uploads\/2024\/11\/logo_revista_autobus_fb.png\",\"width\":836,\"height\":227,\"caption\":\"Revista AutoBus\"},\"image\":{\"@id\":\"https:\/\/revistaautobus.com.br\/#\/schema\/logo\/image\/\"},\"sameAs\":[\"https:\/\/www.facebook.com\/antonio.ferro.3150\",\"https:\/\/www.instagram.com\/revistaautobus\/\"]},{\"@type\":\"Person\",\"@id\":\"https:\/\/revistaautobus.com.br\/#\/schema\/person\/54af7c3eb83a310e42ef686ef6d16f50\",\"name\":\"Antonio Ferro\",\"image\":{\"@type\":\"ImageObject\",\"inLanguage\":\"pt-BR\",\"@id\":\"https:\/\/revistaautobus.com.br\/wp-content\/uploads\/2025\/12\/editor_antonio_ferro-150x150.jpg\",\"url\":\"https:\/\/revistaautobus.com.br\/wp-content\/uploads\/2025\/12\/editor_antonio_ferro-150x150.jpg\",\"contentUrl\":\"https:\/\/revistaautobus.com.br\/wp-content\/uploads\/2025\/12\/editor_antonio_ferro-150x150.jpg\",\"caption\":\"Antonio Ferro\"},\"description\":\"infobus@uol.com.br\",\"url\":\"https:\/\/revistaautobus.com.br\/?author=2\"}]}<\/script>\n<!-- \/ Yoast SEO plugin. -->","yoast_head_json":{"title":"Pelo T\u00fanel do Tempo - Revista AutoBus","robots":{"index":"index","follow":"follow","max-snippet":"max-snippet:-1","max-image-preview":"max-image-preview:large","max-video-preview":"max-video-preview:-1"},"canonical":"https:\/\/revistaautobus.com.br\/?p=9719","og_locale":"pt_BR","og_type":"article","og_title":"Pelo T\u00fanel do Tempo - Revista AutoBus","og_description":"A trajet\u00f3ria de um grupo dedicado aos clientes do transporte","og_url":"https:\/\/revistaautobus.com.br\/?p=9719","og_site_name":"Revista AutoBus","article_publisher":"https:\/\/www.facebook.com\/antonio.ferro.3150","article_published_time":"2023-08-25T10:52:54+00:00","article_modified_time":"2023-08-25T10:54:22+00:00","og_image":[{"width":1000,"height":748,"url":"https:\/\/revistaautobus.com.br\/wp-content\/uploads\/2023\/08\/F-00009-1970-Lote-de-onibus-vendido-para-Viacao-garcia.jpg","type":"image\/jpeg"}],"author":"Antonio Ferro","twitter_card":"summary_large_image","twitter_misc":{"Escrito por":"Antonio Ferro","Est. tempo de leitura":"4 minutos"},"schema":{"@context":"https:\/\/schema.org","@graph":[{"@type":"Article","@id":"https:\/\/revistaautobus.com.br\/?p=9719#article","isPartOf":{"@id":"https:\/\/revistaautobus.com.br\/?p=9719"},"author":{"name":"Antonio Ferro","@id":"https:\/\/revistaautobus.com.br\/#\/schema\/person\/54af7c3eb83a310e42ef686ef6d16f50"},"headline":"Pelo T\u00fanel do Tempo","datePublished":"2023-08-25T10:52:54+00:00","dateModified":"2023-08-25T10:54:22+00:00","mainEntityOfPage":{"@id":"https:\/\/revistaautobus.com.br\/?p=9719"},"wordCount":812,"commentCount":0,"publisher":{"@id":"https:\/\/revistaautobus.com.br\/#organization"},"image":{"@id":"https:\/\/revistaautobus.com.br\/?p=9719#primaryimage"},"thumbnailUrl":"https:\/\/revistaautobus.com.br\/wp-content\/uploads\/2023\/08\/F-00009-1970-Lote-de-onibus-vendido-para-Viacao-garcia.jpg","keywords":["P.B.Lopes","Scania"],"articleSection":["Das Antigas"],"inLanguage":"pt-BR","potentialAction":[{"@type":"CommentAction","name":"Comment","target":["https:\/\/revistaautobus.com.br\/?p=9719#respond"]}]},{"@type":"WebPage","@id":"https:\/\/revistaautobus.com.br\/?p=9719","url":"https:\/\/revistaautobus.com.br\/?p=9719","name":"Pelo T\u00fanel do Tempo - Revista AutoBus","isPartOf":{"@id":"https:\/\/revistaautobus.com.br\/#website"},"primaryImageOfPage":{"@id":"https:\/\/revistaautobus.com.br\/?p=9719#primaryimage"},"image":{"@id":"https:\/\/revistaautobus.com.br\/?p=9719#primaryimage"},"thumbnailUrl":"https:\/\/revistaautobus.com.br\/wp-content\/uploads\/2023\/08\/F-00009-1970-Lote-de-onibus-vendido-para-Viacao-garcia.jpg","datePublished":"2023-08-25T10:52:54+00:00","dateModified":"2023-08-25T10:54:22+00:00","breadcrumb":{"@id":"https:\/\/revistaautobus.com.br\/?p=9719#breadcrumb"},"inLanguage":"pt-BR","potentialAction":[{"@type":"ReadAction","target":["https:\/\/revistaautobus.com.br\/?p=9719"]}]},{"@type":"ImageObject","inLanguage":"pt-BR","@id":"https:\/\/revistaautobus.com.br\/?p=9719#primaryimage","url":"https:\/\/revistaautobus.com.br\/wp-content\/uploads\/2023\/08\/F-00009-1970-Lote-de-onibus-vendido-para-Viacao-garcia.jpg","contentUrl":"https:\/\/revistaautobus.com.br\/wp-content\/uploads\/2023\/08\/F-00009-1970-Lote-de-onibus-vendido-para-Viacao-garcia.jpg","width":1000,"height":748},{"@type":"BreadcrumbList","@id":"https:\/\/revistaautobus.com.br\/?p=9719#breadcrumb","itemListElement":[{"@type":"ListItem","position":1,"name":"In\u00edcio","item":"https:\/\/revistaautobus.com.br\/"},{"@type":"ListItem","position":2,"name":"Pelo T\u00fanel do Tempo"}]},{"@type":"WebSite","@id":"https:\/\/revistaautobus.com.br\/#website","url":"https:\/\/revistaautobus.com.br\/","name":"Revista AutoBus","description":"","publisher":{"@id":"https:\/\/revistaautobus.com.br\/#organization"},"potentialAction":[{"@type":"SearchAction","target":{"@type":"EntryPoint","urlTemplate":"https:\/\/revistaautobus.com.br\/?s={search_term_string}"},"query-input":{"@type":"PropertyValueSpecification","valueRequired":true,"valueName":"search_term_string"}}],"inLanguage":"pt-BR"},{"@type":"Organization","@id":"https:\/\/revistaautobus.com.br\/#organization","name":"Revista AutoBus","url":"https:\/\/revistaautobus.com.br\/","logo":{"@type":"ImageObject","inLanguage":"pt-BR","@id":"https:\/\/revistaautobus.com.br\/#\/schema\/logo\/image\/","url":"https:\/\/revistaautobus.com.br\/wp-content\/uploads\/2024\/11\/logo_revista_autobus_fb.png","contentUrl":"https:\/\/revistaautobus.com.br\/wp-content\/uploads\/2024\/11\/logo_revista_autobus_fb.png","width":836,"height":227,"caption":"Revista AutoBus"},"image":{"@id":"https:\/\/revistaautobus.com.br\/#\/schema\/logo\/image\/"},"sameAs":["https:\/\/www.facebook.com\/antonio.ferro.3150","https:\/\/www.instagram.com\/revistaautobus\/"]},{"@type":"Person","@id":"https:\/\/revistaautobus.com.br\/#\/schema\/person\/54af7c3eb83a310e42ef686ef6d16f50","name":"Antonio Ferro","image":{"@type":"ImageObject","inLanguage":"pt-BR","@id":"https:\/\/revistaautobus.com.br\/wp-content\/uploads\/2025\/12\/editor_antonio_ferro-150x150.jpg","url":"https:\/\/revistaautobus.com.br\/wp-content\/uploads\/2025\/12\/editor_antonio_ferro-150x150.jpg","contentUrl":"https:\/\/revistaautobus.com.br\/wp-content\/uploads\/2025\/12\/editor_antonio_ferro-150x150.jpg","caption":"Antonio Ferro"},"description":"infobus@uol.com.br","url":"https:\/\/revistaautobus.com.br\/?author=2"}]}},"jetpack_featured_media_url":"https:\/\/revistaautobus.com.br\/wp-content\/uploads\/2023\/08\/F-00009-1970-Lote-de-onibus-vendido-para-Viacao-garcia.jpg","jetpack_sharing_enabled":true,"_links":{"self":[{"href":"https:\/\/revistaautobus.com.br\/index.php?rest_route=\/wp\/v2\/posts\/9719","targetHints":{"allow":["GET"]}}],"collection":[{"href":"https:\/\/revistaautobus.com.br\/index.php?rest_route=\/wp\/v2\/posts"}],"about":[{"href":"https:\/\/revistaautobus.com.br\/index.php?rest_route=\/wp\/v2\/types\/post"}],"author":[{"embeddable":true,"href":"https:\/\/revistaautobus.com.br\/index.php?rest_route=\/wp\/v2\/users\/2"}],"replies":[{"embeddable":true,"href":"https:\/\/revistaautobus.com.br\/index.php?rest_route=%2Fwp%2Fv2%2Fcomments&post=9719"}],"version-history":[{"count":4,"href":"https:\/\/revistaautobus.com.br\/index.php?rest_route=\/wp\/v2\/posts\/9719\/revisions"}],"predecessor-version":[{"id":9725,"href":"https:\/\/revistaautobus.com.br\/index.php?rest_route=\/wp\/v2\/posts\/9719\/revisions\/9725"}],"wp:featuredmedia":[{"embeddable":true,"href":"https:\/\/revistaautobus.com.br\/index.php?rest_route=\/wp\/v2\/media\/9720"}],"wp:attachment":[{"href":"https:\/\/revistaautobus.com.br\/index.php?rest_route=%2Fwp%2Fv2%2Fmedia&parent=9719"}],"wp:term":[{"taxonomy":"category","embeddable":true,"href":"https:\/\/revistaautobus.com.br\/index.php?rest_route=%2Fwp%2Fv2%2Fcategories&post=9719"},{"taxonomy":"post_tag","embeddable":true,"href":"https:\/\/revistaautobus.com.br\/index.php?rest_route=%2Fwp%2Fv2%2Ftags&post=9719"}],"curies":[{"name":"wp","href":"https:\/\/api.w.org\/{rel}","templated":true}]}}